{"id":80551,"date":"2022-05-25T21:00:43","date_gmt":"2022-05-26T02:00:43","guid":{"rendered":"https:\/\/futbolhoy.co\/?p=80551"},"modified":"2022-05-26T14:28:21","modified_gmt":"2022-05-26T19:28:21","slug":"tolima-clasifico-en-copa-libertadores","status":"publish","type":"post","link":"https:\/\/futbolhoy.co\/index.php\/2022\/05\/25\/tolima-clasifico-en-copa-libertadores\/","title":{"rendered":"Tolima clasific\u00f3 en Copa Libertadores"},"content":{"rendered":"<p style=\"text-align: justify;\"><span style=\"font-family: helvetica, arial, sans-serif;\"><b>Deportes Tolima\u00a0<\/b>volvi\u00f3 a ganar en\u00a0<b>Brasil<\/b>\u00a0y se asegur\u00f3 su cupo a los octavos de final de la\u00a0<b>Copa Libertadores<\/b>, luego de vencer 1-2 al\u00a0<b>Atl\u00e9tico Mineiro<\/b>\u00a0en la \u00faltima fecha del\u00a0<b>grupo D<\/b>.<\/span><\/p>\n<p style=\"text-align: justify;\"><span style=\"font-family: helvetica, arial, sans-serif;\">El equipo colombiano se fue en ventaja a los 55 minutos con golpe de cabeza de\u00a0<b>Michael Rangel<\/b>; mientras que la igualdad para el local lleg\u00f3 a los 85 con remate de\u00a0<b>Eduardo Sasha<\/b>, cazando un rebote dentro del \u00e1rea tras un rechazo del portero ecuatoriano\u00a0<b>Alexander Dom\u00ednguez<\/b>\u00a0a un tiro de esquina.<\/span><\/p>\n<p style=\"text-align: justify;\"><span style=\"font-family: helvetica, arial, sans-serif;\">El tanto de la victoria del\u00a0<b>\u2018pijao\u2019<\/b>\u00a0fue obra de\u00a0<b>Jeison Lucum\u00ed<\/b>\u00a0a los 90\u2019+3\u2019, en un certero contra golpe por derecha y en combinaci\u00f3n con\u00a0<b>Anderson Plata<\/b>.<\/span><\/p>\n<p style=\"text-align: justify;\"><span style=\"font-family: helvetica, arial, sans-serif;\">El partido fue ampliamente dominado por el equipo de\u00a0<b>Mina Gerais<\/b>, que no logr\u00f3 concretar y tuvo en Dom\u00ednguez un duro oponente, con gran comportamiento debajo de los tres palos.<\/span><\/p>\n<p style=\"text-align: justify;\"><span style=\"font-family: helvetica, arial, sans-serif;\">Tolima, que sum\u00f3 dos victorias en territorio brasile\u00f1o en la serie, se qued\u00f3 con el segundo lugar con 11 puntos, los mismos que su rival de turno, pero con una menor diferencia de goles, m\u00e1s uno, contra m\u00e1s cuatro.<\/span><\/p>\n<p style=\"text-align: justify;\"><span style=\"font-family: helvetica, arial, sans-serif;\"><b>Independiente del Valle de Ecuador<\/b>\u00a0gole\u00f3 3-0 al\u00a0<b>Am\u00e9rica Mineiro<\/b>\u00a0y se qued\u00f3 con el tercer lugar, ganando el derecho de disputar los octavos de final de la\u00a0<b>Copa Sudamericana.<\/b><\/span><\/p>\n","protected":false},"excerpt":{"rendered":"<p>Deportes Tolima\u00a0volvi\u00f3 a ganar en\u00a0Brasil\u00a0y se asegur\u00f3 su cupo a los octavos de final de la\u00a0Copa Libertadores, luego de vencer 1-2 al\u00a0Atl\u00e9tico Mineiro\u00a0en la \u00faltima fecha del\u00a0grupo D. El equipo colombiano se fue en ventaja a los 55 minutos con golpe de cabeza de\u00a0Michael Rangel; mientras que la igualdad para el local lleg\u00f3 a los [&hellip;]<\/p>\n","protected":false},"author":5,"featured_media":80552,"comment_status":"open","ping_status":"closed","sticky":false,"template":"","format":"standard","meta":{"_acf_changed":false,"footnotes":""},"categories":[653],"tags":[],"class_list":{"0":"post-80551","1":"post","2":"type-post","3":"status-publish","4":"format-standard","5":"has-post-thumbnail","7":"category-copa-libertadores"},"acf":[],"_links":{"self":[{"href":"https:\/\/futbolhoy.co\/index.php\/wp-json\/wp\/v2\/posts\/80551","targetHints":{"allow":["GET"]}}],"collection":[{"href":"https:\/\/futbolhoy.co\/index.php\/wp-json\/wp\/v2\/posts"}],"about":[{"href":"https:\/\/futbolhoy.co\/index.php\/wp-json\/wp\/v2\/types\/post"}],"author":[{"embeddable":true,"href":"https:\/\/futbolhoy.co\/index.php\/wp-json\/wp\/v2\/users\/5"}],"replies":[{"embeddable":true,"href":"https:\/\/futbolhoy.co\/index.php\/wp-json\/wp\/v2\/comments?post=80551"}],"version-history":[{"count":1,"href":"https:\/\/futbolhoy.co\/index.php\/wp-json\/wp\/v2\/posts\/80551\/revisions"}],"predecessor-version":[{"id":80553,"href":"https:\/\/futbolhoy.co\/index.php\/wp-json\/wp\/v2\/posts\/80551\/revisions\/80553"}],"wp:featuredmedia":[{"embeddable":true,"href":"https:\/\/futbolhoy.co\/index.php\/wp-json\/wp\/v2\/media\/80552"}],"wp:attachment":[{"href":"https:\/\/futbolhoy.co\/index.php\/wp-json\/wp\/v2\/media?parent=80551"}],"wp:term":[{"taxonomy":"category","embeddable":true,"href":"https:\/\/futbolhoy.co\/index.php\/wp-json\/wp\/v2\/categories?post=80551"},{"taxonomy":"post_tag","embeddable":true,"href":"https:\/\/futbolhoy.co\/index.php\/wp-json\/wp\/v2\/tags?post=80551"}],"curies":[{"name":"wp","href":"https:\/\/api.w.org\/{rel}","templated":true}]}}