{"id":80558,"date":"2022-05-26T08:20:11","date_gmt":"2022-05-26T13:20:11","guid":{"rendered":"https:\/\/futbolhoy.co\/?p=80558"},"modified":"2022-05-26T21:02:09","modified_gmt":"2022-05-27T02:02:09","slug":"isabella-echeverri-deja-al-sevilla","status":"publish","type":"post","link":"https:\/\/futbolhoy.co\/index.php\/2022\/05\/26\/isabella-echeverri-deja-al-sevilla\/","title":{"rendered":"Isabella Echeverri deja al Sevilla"},"content":{"rendered":"<p style=\"text-align: justify;\"><span style=\"font-family: helvetica, arial, sans-serif;\">La defensa antioque\u00f1a, <strong>Isabella Echeverri,<\/strong> no continuar\u00e1 la pr\u00f3xima temporada en el <strong>Sevilla<\/strong>\u00a0<strong>Femenino<\/strong> despu\u00e9s de tres a\u00f1os en el club.<\/span><\/p>\n<p style=\"text-align: justify;\"><span style=\"font-family: helvetica, arial, sans-serif;\">La jugadora, de 27 a\u00f1os de edad, se despide como capitana del equipo con el que disput\u00f3 59 partidos entre <strong>Liga<\/strong> y<strong> Copa de la Reina<\/strong> (4.308 minutos).<\/span><\/p>\n<p style=\"text-align: justify;\"><span style=\"font-family: helvetica, arial, sans-serif;\">La colombiana agradeci\u00f3 en sus redes sociales al club y su entrenador, el argentino <strong>Cristian Toro,<\/strong> por haber cre\u00eddo en ella.<\/span><\/p>\n<p style=\"text-align: justify;\"><span style=\"font-family: helvetica, arial, sans-serif;\">La central se despedir\u00e1 este viernes, en la sala de prensa de la <strong>Ciudad Deportiva<\/strong> del equipo en Sevilla.<\/span><\/p>\n","protected":false},"excerpt":{"rendered":"<p>La defensa antioque\u00f1a, Isabella Echeverri, no continuar\u00e1 la pr\u00f3xima temporada en el Sevilla\u00a0Femenino despu\u00e9s de tres a\u00f1os en el club. La jugadora, de 27 a\u00f1os de edad, se despide como capitana del equipo con el que disput\u00f3 59 partidos entre Liga y Copa de la Reina (4.308 minutos). La colombiana agradeci\u00f3 en sus redes sociales [&hellip;]<\/p>\n","protected":false},"author":5,"featured_media":80559,"comment_status":"open","ping_status":"closed","sticky":false,"template":"","format":"standard","meta":{"_acf_changed":false,"footnotes":""},"categories":[152],"tags":[],"class_list":{"0":"post-80558","1":"post","2":"type-post","3":"status-publish","4":"format-standard","5":"has-post-thumbnail","7":"category-mundo-futbol"},"acf":[],"_links":{"self":[{"href":"https:\/\/futbolhoy.co\/index.php\/wp-json\/wp\/v2\/posts\/80558","targetHints":{"allow":["GET"]}}],"collection":[{"href":"https:\/\/futbolhoy.co\/index.php\/wp-json\/wp\/v2\/posts"}],"about":[{"href":"https:\/\/futbolhoy.co\/index.php\/wp-json\/wp\/v2\/types\/post"}],"author":[{"embeddable":true,"href":"https:\/\/futbolhoy.co\/index.php\/wp-json\/wp\/v2\/users\/5"}],"replies":[{"embeddable":true,"href":"https:\/\/futbolhoy.co\/index.php\/wp-json\/wp\/v2\/comments?post=80558"}],"version-history":[{"count":1,"href":"https:\/\/futbolhoy.co\/index.php\/wp-json\/wp\/v2\/posts\/80558\/revisions"}],"predecessor-version":[{"id":80560,"href":"https:\/\/futbolhoy.co\/index.php\/wp-json\/wp\/v2\/posts\/80558\/revisions\/80560"}],"wp:featuredmedia":[{"embeddable":true,"href":"https:\/\/futbolhoy.co\/index.php\/wp-json\/wp\/v2\/media\/80559"}],"wp:attachment":[{"href":"https:\/\/futbolhoy.co\/index.php\/wp-json\/wp\/v2\/media?parent=80558"}],"wp:term":[{"taxonomy":"category","embeddable":true,"href":"https:\/\/futbolhoy.co\/index.php\/wp-json\/wp\/v2\/categories?post=80558"},{"taxonomy":"post_tag","embeddable":true,"href":"https:\/\/futbolhoy.co\/index.php\/wp-json\/wp\/v2\/tags?post=80558"}],"curies":[{"name":"wp","href":"https:\/\/api.w.org\/{rel}","templated":true}]}}