{"id":80561,"date":"2022-05-26T08:57:06","date_gmt":"2022-05-26T13:57:06","guid":{"rendered":"https:\/\/futbolhoy.co\/?p=80561"},"modified":"2022-05-26T21:28:53","modified_gmt":"2022-05-27T02:28:53","slug":"daniel-ruiz-en-los-planes-del-porto","status":"publish","type":"post","link":"https:\/\/futbolhoy.co\/index.php\/2022\/05\/26\/daniel-ruiz-en-los-planes-del-porto\/","title":{"rendered":"Daniel Ruiz, en los planes del Porto"},"content":{"rendered":"<p style=\"text-align: justify;\"><span style=\"font-family: helvetica, arial, sans-serif;\">El volante bogotano de <strong>Millonarios, Daniel Ruiz,<\/strong> figura en la carpeta de varios equipos de <strong>Portugal,<\/strong> seg\u00fan los medios escritos lusos.<\/span><\/p>\n<p style=\"text-align: justify;\"><span style=\"font-family: helvetica, arial, sans-serif;\">Ruiz y el argentino <strong>Facundo Far\u00edas,<\/strong> de<strong> Col\u00f3n de Argentina,<\/strong> son mencionados este viernes como potenciales candidatos para llegar al <strong>Porto,<\/strong> seg\u00fan <em>O Jogo.<\/em><\/span><\/p>\n<p style=\"text-align: justify;\"><span style=\"font-family: helvetica, arial, sans-serif;\">Ruiz, de 20 a\u00f1os y quien se ha consolidado como uno de los mejores jugadores en su posici\u00f3n en Colombia, lleva dos temporadas destacadas con los \u2018Embajadores\u2019, donde acumula 66 partidos disputados y 8 goles anotados.<\/span><\/p>\n<p style=\"text-align: justify;\"><span style=\"font-family: helvetica, arial, sans-serif;\">El nivel mostrado le valieron para ser convocado a varios microciclos de la selecci\u00f3n sub-20.<\/span><\/p>\n<p style=\"text-align: justify;\"><span style=\"font-family: helvetica, arial, sans-serif;\">Farias, de 19 a\u00f1os y quien est\u00e1 disputando con su equipo la <strong>Copa Libertadores<\/strong>, tambi\u00e9n suma 66 partidos con el primer equipo y 13 tantos marcados.<\/span><\/p>\n<p style=\"text-align: justify;\"><span style=\"font-family: helvetica, arial, sans-serif;\">En la historia, el Porto de Portugal ha nutrido su plantel con varios colombianos, entre ellos<strong> Falcao Garc\u00eda, James Rodr\u00edguez, Freddy Guar\u00edn y Luis D\u00edaz.<\/strong><\/span><\/p>\n","protected":false},"excerpt":{"rendered":"<p>El volante bogotano de Millonarios, Daniel Ruiz, figura en la carpeta de varios equipos de Portugal, seg\u00fan los medios escritos lusos. Ruiz y el argentino Facundo Far\u00edas, de Col\u00f3n de Argentina, son mencionados este viernes como potenciales candidatos para llegar al Porto, seg\u00fan O Jogo. Ruiz, de 20 a\u00f1os y quien se ha consolidado como [&hellip;]<\/p>\n","protected":false},"author":5,"featured_media":80562,"comment_status":"open","ping_status":"closed","sticky":false,"template":"","format":"standard","meta":{"_acf_changed":false,"footnotes":""},"categories":[7],"tags":[],"class_list":{"0":"post-80561","1":"post","2":"type-post","3":"status-publish","4":"format-standard","5":"has-post-thumbnail","7":"category-liga-betplay"},"acf":[],"_links":{"self":[{"href":"https:\/\/futbolhoy.co\/index.php\/wp-json\/wp\/v2\/posts\/80561","targetHints":{"allow":["GET"]}}],"collection":[{"href":"https:\/\/futbolhoy.co\/index.php\/wp-json\/wp\/v2\/posts"}],"about":[{"href":"https:\/\/futbolhoy.co\/index.php\/wp-json\/wp\/v2\/types\/post"}],"author":[{"embeddable":true,"href":"https:\/\/futbolhoy.co\/index.php\/wp-json\/wp\/v2\/users\/5"}],"replies":[{"embeddable":true,"href":"https:\/\/futbolhoy.co\/index.php\/wp-json\/wp\/v2\/comments?post=80561"}],"version-history":[{"count":1,"href":"https:\/\/futbolhoy.co\/index.php\/wp-json\/wp\/v2\/posts\/80561\/revisions"}],"predecessor-version":[{"id":80563,"href":"https:\/\/futbolhoy.co\/index.php\/wp-json\/wp\/v2\/posts\/80561\/revisions\/80563"}],"wp:featuredmedia":[{"embeddable":true,"href":"https:\/\/futbolhoy.co\/index.php\/wp-json\/wp\/v2\/media\/80562"}],"wp:attachment":[{"href":"https:\/\/futbolhoy.co\/index.php\/wp-json\/wp\/v2\/media?parent=80561"}],"wp:term":[{"taxonomy":"category","embeddable":true,"href":"https:\/\/futbolhoy.co\/index.php\/wp-json\/wp\/v2\/categories?post=80561"},{"taxonomy":"post_tag","embeddable":true,"href":"https:\/\/futbolhoy.co\/index.php\/wp-json\/wp\/v2\/tags?post=80561"}],"curies":[{"name":"wp","href":"https:\/\/api.w.org\/{rel}","templated":true}]}}