{"id":80575,"date":"2022-05-26T15:21:47","date_gmt":"2022-05-26T20:21:47","guid":{"rendered":"https:\/\/futbolhoy.co\/?p=80575"},"modified":"2022-05-27T07:16:19","modified_gmt":"2022-05-27T12:16:19","slug":"gio-moreno-lesionado-un-mes","status":"publish","type":"post","link":"https:\/\/futbolhoy.co\/index.php\/2022\/05\/26\/gio-moreno-lesionado-un-mes\/","title":{"rendered":"Gio Moreno, lesionado un mes"},"content":{"rendered":"<p style=\"text-align: justify;\"><span lang=\"ES-MX\" style=\"font-family: helvetica, arial, sans-serif;\">El delantero\u00a0<b>Giovanni Moreno<\/b>\u00a0sufri\u00f3 una lesi\u00f3n en el b\u00edceps femoral de la pierna derecha y tendr\u00e1 alrededor de un mes de incapacidad, lo que lo priva pr\u00e1cticamente de jugar lo que resta de la\u00a0<b>Liga con Atl\u00e9tico Nacional<\/b>.<\/span><\/p>\n<p style=\"text-align: justify;\"><span lang=\"ES-MX\" style=\"font-family: helvetica, arial, sans-serif;\">\u00abEl jugador presenta una lesi\u00f3n en el vientre muscular del b\u00edceps femoral derecho. La fecha probable del retorno, entre tres a cuatro semanas a partir del momento de la lesi\u00f3n\u00bb, inform\u00f3 el equipo a trav\u00e9s de un comunicado.<\/span><\/p>\n<p style=\"text-align: justify;\"><span style=\"font-family: helvetica, arial, sans-serif;\"><b><span lang=\"ES-MX\">Gio<\/span><\/b><span lang=\"ES-MX\">\u00a0sufri\u00f3 la lesi\u00f3n al momento de marcar el gol del empate del\u00a0<b>\u2018verde antioque\u00f1o\u2019<\/b>\u00a01-1 en\u00a0<b>Barranquilla<\/b>\u00a0ante el\u00a0<b>Junior<\/b>\u00a0en el inicio de los cuadrangulares de la\u00a0<b>Liga BetPlay Dimayor I-2022.<\/b><\/span><\/span><\/p>\n<p style=\"text-align: justify;\"><span lang=\"ES-MX\" style=\"font-family: helvetica, arial, sans-serif;\">Moreno, de 35 a\u00f1os, complet\u00f3 3 goles esta temporada en 15 partidos en los que ha tenido minutos con Nacional, en su regreso al campeonato colombiano tras 12 a\u00f1os de actuar en\u00a0<b>Argentina y China.<\/b><\/span><\/p>\n<p><img fetchpriority=\"high\" decoding=\"async\" class=\"alignnone size-full wp-image-80581\" src=\"https:\/\/futbolhoy.co\/wp-content\/uploads\/2022\/05\/20220526_165725.png\" alt=\"\" width=\"817\" height=\"872\" srcset=\"https:\/\/futbolhoy.co\/wp-content\/uploads\/2022\/05\/20220526_165725.png 817w, https:\/\/futbolhoy.co\/wp-content\/uploads\/2022\/05\/20220526_165725-281x300.png 281w, https:\/\/futbolhoy.co\/wp-content\/uploads\/2022\/05\/20220526_165725-768x820.png 768w, https:\/\/futbolhoy.co\/wp-content\/uploads\/2022\/05\/20220526_165725-696x743.png 696w, https:\/\/futbolhoy.co\/wp-content\/uploads\/2022\/05\/20220526_165725-394x420.png 394w, https:\/\/futbolhoy.co\/wp-content\/uploads\/2022\/05\/20220526_165725-120x128.png 120w, https:\/\/futbolhoy.co\/wp-content\/uploads\/2022\/05\/20220526_165725-30x32.png 30w\" sizes=\"(max-width: 817px) 100vw, 817px\" \/><\/p>\n","protected":false},"excerpt":{"rendered":"<p>El delantero\u00a0Giovanni Moreno\u00a0sufri\u00f3 una lesi\u00f3n en el b\u00edceps femoral de la pierna derecha y tendr\u00e1 alrededor de un mes de incapacidad, lo que lo priva pr\u00e1cticamente de jugar lo que resta de la\u00a0Liga con Atl\u00e9tico Nacional. \u00abEl jugador presenta una lesi\u00f3n en el vientre muscular del b\u00edceps femoral derecho. La fecha probable del retorno, entre [&hellip;]<\/p>\n","protected":false},"author":5,"featured_media":80576,"comment_status":"open","ping_status":"closed","sticky":false,"template":"","format":"standard","meta":{"_acf_changed":false,"footnotes":""},"categories":[7],"tags":[],"class_list":{"0":"post-80575","1":"post","2":"type-post","3":"status-publish","4":"format-standard","5":"has-post-thumbnail","7":"category-liga-betplay"},"acf":[],"_links":{"self":[{"href":"https:\/\/futbolhoy.co\/index.php\/wp-json\/wp\/v2\/posts\/80575","targetHints":{"allow":["GET"]}}],"collection":[{"href":"https:\/\/futbolhoy.co\/index.php\/wp-json\/wp\/v2\/posts"}],"about":[{"href":"https:\/\/futbolhoy.co\/index.php\/wp-json\/wp\/v2\/types\/post"}],"author":[{"embeddable":true,"href":"https:\/\/futbolhoy.co\/index.php\/wp-json\/wp\/v2\/users\/5"}],"replies":[{"embeddable":true,"href":"https:\/\/futbolhoy.co\/index.php\/wp-json\/wp\/v2\/comments?post=80575"}],"version-history":[{"count":2,"href":"https:\/\/futbolhoy.co\/index.php\/wp-json\/wp\/v2\/posts\/80575\/revisions"}],"predecessor-version":[{"id":80582,"href":"https:\/\/futbolhoy.co\/index.php\/wp-json\/wp\/v2\/posts\/80575\/revisions\/80582"}],"wp:featuredmedia":[{"embeddable":true,"href":"https:\/\/futbolhoy.co\/index.php\/wp-json\/wp\/v2\/media\/80576"}],"wp:attachment":[{"href":"https:\/\/futbolhoy.co\/index.php\/wp-json\/wp\/v2\/media?parent=80575"}],"wp:term":[{"taxonomy":"category","embeddable":true,"href":"https:\/\/futbolhoy.co\/index.php\/wp-json\/wp\/v2\/categories?post=80575"},{"taxonomy":"post_tag","embeddable":true,"href":"https:\/\/futbolhoy.co\/index.php\/wp-json\/wp\/v2\/tags?post=80575"}],"curies":[{"name":"wp","href":"https:\/\/api.w.org\/{rel}","templated":true}]}}