{"id":80578,"date":"2022-05-26T15:21:27","date_gmt":"2022-05-26T20:21:27","guid":{"rendered":"https:\/\/futbolhoy.co\/?p=80578"},"modified":"2022-05-26T22:20:16","modified_gmt":"2022-05-27T03:20:16","slug":"eduardo-berizzo-nuevo-tecnico-de-chile","status":"publish","type":"post","link":"https:\/\/futbolhoy.co\/index.php\/2022\/05\/26\/eduardo-berizzo-nuevo-tecnico-de-chile\/","title":{"rendered":"Eduardo Berizzo, nuevo t\u00e9cnico de Chile"},"content":{"rendered":"<p style=\"text-align: justify;\"><span lang=\"ES-MX\" style=\"font-family: helvetica, arial, sans-serif;\">El entrenador argentino\u00a0<b>Eduardo Berizzo<\/b>\u00a0fue designado como nuevo\u00a0<b>seleccionador de Chile<\/b>, para ocupar el lugar del uruguayo\u00a0<b>Mart\u00edn Lasarte\u00a0<\/b>y buscar la clasificaci\u00f3n al\u00a0<b>Mundial de 2026.<\/b><\/span><\/p>\n<p style=\"text-align: justify;\"><span lang=\"ES-MX\" style=\"font-family: helvetica, arial, sans-serif;\">Berizzo, de 52 a\u00f1os, dirigi\u00f3 la selecci\u00f3n de\u00a0<b>Paraguay<\/b>\u00a0durante 31 partidos entre 2019 y 2021, con 7 victorias, 13 empates y 11 derrotas, para un rendimiento del 36,56 %.<\/span><\/p>\n<p style=\"text-align: justify;\"><span lang=\"ES-MX\" style=\"font-family: helvetica, arial, sans-serif;\">El anuncio fue hecho por\u00a0<b>el presidente de la ANFP, Pablo Milad:<\/b>\u00a0\u00abYa tenemos t\u00e9cnico, es el se\u00f1or\u00a0<b>Eduardo Berizzo<\/b>, conocedor de nuestro f\u00fatbol y con una vasta experiencia nacional e internacional\u00bb, dijo en un video difundido por las redes oficiales de\u00a0<b>la Roja<\/b>.<\/span><\/p>\n<p style=\"text-align: justify;\"><span lang=\"ES-MX\" style=\"font-family: helvetica, arial, sans-serif;\">Chile se ha perdido las\u00a0<b>Copas Mundo de Rusia 2018 y Qatar 2022.<\/b><\/span><\/p>\n<blockquote class=\"twitter-tweet\" data-width=\"550\" data-dnt=\"true\">\n<p lang=\"es\" dir=\"ltr\">\ud83c\udde8\ud83c\uddf1\u270d\ufe0f Un viejo conocido para conducir una nueva era&#8230; <\/p>\n<p>Bienvenido a <a href=\"https:\/\/twitter.com\/hashtag\/LaRoja?src=hash&amp;ref_src=twsrc%5Etfw\">#LaRoja<\/a>, bienvenido a tu casa, Eduardo Berizzo \u26bd\ud83d\udcaa<a href=\"https:\/\/twitter.com\/hashtag\/BerizzoEnLaRoja?src=hash&amp;ref_src=twsrc%5Etfw\">#BerizzoEnLaRoja<\/a> <a href=\"https:\/\/twitter.com\/hashtag\/BienvenidoBerizzo?src=hash&amp;ref_src=twsrc%5Etfw\">#BienvenidoBerizzo<\/a><a href=\"https:\/\/twitter.com\/hashtag\/VamosLaRoja?src=hash&amp;ref_src=twsrc%5Etfw\">#VamosLaRoja<\/a> <\/p>\n<p>\ud83d\udd17 <a href=\"https:\/\/t.co\/JdCPTrYqcB\">https:\/\/t.co\/JdCPTrYqcB<\/a> <a href=\"https:\/\/t.co\/7O5S6XXRaw\">pic.twitter.com\/7O5S6XXRaw<\/a><\/p>\n<p>&mdash; Selecci\u00f3n Chilena (@LaRoja) <a href=\"https:\/\/twitter.com\/LaRoja\/status\/1529914014892969999?ref_src=twsrc%5Etfw\">May 26, 2022<\/a><\/p><\/blockquote>\n<p><script async src=\"https:\/\/platform.twitter.com\/widgets.js\" charset=\"utf-8\"><\/script><\/p>\n<p>&nbsp;<\/p>\n","protected":false},"excerpt":{"rendered":"<p>El entrenador argentino\u00a0Eduardo Berizzo\u00a0fue designado como nuevo\u00a0seleccionador de Chile, para ocupar el lugar del uruguayo\u00a0Mart\u00edn Lasarte\u00a0y buscar la clasificaci\u00f3n al\u00a0Mundial de 2026. Berizzo, de 52 a\u00f1os, dirigi\u00f3 la selecci\u00f3n de\u00a0Paraguay\u00a0durante 31 partidos entre 2019 y 2021, con 7 victorias, 13 empates y 11 derrotas, para un rendimiento del 36,56 %. El anuncio fue hecho por\u00a0el [&hellip;]<\/p>\n","protected":false},"author":5,"featured_media":80579,"comment_status":"open","ping_status":"closed","sticky":false,"template":"","format":"standard","meta":{"_acf_changed":false,"footnotes":""},"categories":[152],"tags":[],"class_list":["post-80578","post","type-post","status-publish","format-standard","has-post-thumbnail","category-mundo-futbol"],"acf":[],"yoast_head":"<!-- This site is optimized with the Yoast SEO plugin v28.4 - https:\/\/yoast.com\/product\/yoast-seo-wordpress\/ -->\n<title>Eduardo Berizzo, nuevo t\u00e9cnico de Chile -<\/title>\n<meta name=\"robots\" content=\"index, follow, max-snippet:-1, max-image-preview:large, max-video-preview:-1\" \/>\n<link rel=\"canonical\" href=\"https:\/\/futbolhoy.co\/index.php\/2022\/05\/26\/eduardo-berizzo-nuevo-tecnico-de-chile\/\" \/>\n<meta property=\"og:locale\" content=\"es_ES\" \/>\n<meta property=\"og:type\" content=\"article\" \/>\n<meta property=\"og:title\" content=\"Eduardo Berizzo, nuevo t\u00e9cnico de Chile -\" \/>\n<meta property=\"og:description\" content=\"El entrenador argentino\u00a0Eduardo Berizzo\u00a0fue designado como nuevo\u00a0seleccionador de Chile, para ocupar el lugar del uruguayo\u00a0Mart\u00edn Lasarte\u00a0y buscar la clasificaci\u00f3n al\u00a0Mundial de 2026. Berizzo, de 52 a\u00f1os, dirigi\u00f3 la selecci\u00f3n de\u00a0Paraguay\u00a0durante 31 partidos entre 2019 y 2021, con 7 victorias, 13 empates y 11 derrotas, para un rendimiento del 36,56 %. El anuncio fue hecho por\u00a0el [&hellip;]\" \/>\n<meta property=\"og:url\" content=\"https:\/\/futbolhoy.co\/index.php\/2022\/05\/26\/eduardo-berizzo-nuevo-tecnico-de-chile\/\" \/>\n<meta property=\"article:publisher\" content=\"https:\/\/www.facebook.com\/FutbolHoyCol\/\" \/>\n<meta property=\"article:published_time\" content=\"2022-05-26T20:21:27+00:00\" \/>\n<meta property=\"article:modified_time\" content=\"2022-05-27T03:20:16+00:00\" \/>\n<meta property=\"og:image\" content=\"https:\/\/futbolhoy.co\/wp-content\/uploads\/2022\/05\/FTtdQRcWUBwJwOu.jpg\" \/>\n\t<meta property=\"og:image:width\" content=\"680\" \/>\n\t<meta property=\"og:image:height\" content=\"456\" \/>\n\t<meta property=\"og:image:type\" content=\"image\/jpeg\" \/>\n<meta name=\"author\" content=\"Laura Hern\u00e1ndez\" \/>\n<meta name=\"twitter:card\" content=\"summary_large_image\" \/>\n<meta name=\"twitter:creator\" content=\"@FutbolHoyCol\" \/>\n<meta name=\"twitter:site\" content=\"@FutbolHoyCol\" \/>\n<meta name=\"twitter:label1\" content=\"Escrito por\" \/>\n\t<meta name=\"twitter:data1\" content=\"Laura Hern\u00e1ndez\" \/>\n\t<meta name=\"twitter:label2\" content=\"Tiempo de lectura\" \/>\n\t<meta name=\"twitter:data2\" content=\"1 minuto\" \/>\n<script type=\"application\/ld+json\" class=\"yoast-schema-graph\">{\"@context\":\"https:\\\/\\\/schema.org\",\"@graph\":[{\"@type\":\"Article\",\"@id\":\"https:\\\/\\\/futbolhoy.co\\\/index.php\\\/2022\\\/05\\\/26\\\/eduardo-berizzo-nuevo-tecnico-de-chile\\\/#article\",\"isPartOf\":{\"@id\":\"https:\\\/\\\/futbolhoy.co\\\/index.php\\\/2022\\\/05\\\/26\\\/eduardo-berizzo-nuevo-tecnico-de-chile\\\/\"},\"author\":{\"name\":\"Laura Hern\u00e1ndez\",\"@id\":\"https:\\\/\\\/futbolhoy.co\\\/#\\\/schema\\\/person\\\/c4a353a512b127643723a34bb1812f7d\"},\"headline\":\"Eduardo Berizzo, nuevo t\u00e9cnico de Chile\",\"datePublished\":\"2022-05-26T20:21:27+00:00\",\"dateModified\":\"2022-05-27T03:20:16+00:00\",\"mainEntityOfPage\":{\"@id\":\"https:\\\/\\\/futbolhoy.co\\\/index.php\\\/2022\\\/05\\\/26\\\/eduardo-berizzo-nuevo-tecnico-de-chile\\\/\"},\"wordCount\":130,\"commentCount\":0,\"image\":{\"@id\":\"https:\\\/\\\/futbolhoy.co\\\/index.php\\\/2022\\\/05\\\/26\\\/eduardo-berizzo-nuevo-tecnico-de-chile\\\/#primaryimage\"},\"thumbnailUrl\":\"https:\\\/\\\/futbolhoy.co\\\/wp-content\\\/uploads\\\/2022\\\/05\\\/FTtdQRcWUBwJwOu.jpg\",\"articleSection\":[\"Mundo Futbol\"],\"inLanguage\":\"es\",\"potentialAction\":[{\"@type\":\"CommentAction\",\"name\":\"Comment\",\"target\":[\"https:\\\/\\\/futbolhoy.co\\\/index.php\\\/2022\\\/05\\\/26\\\/eduardo-berizzo-nuevo-tecnico-de-chile\\\/#respond\"]}]},{\"@type\":\"WebPage\",\"@id\":\"https:\\\/\\\/futbolhoy.co\\\/index.php\\\/2022\\\/05\\\/26\\\/eduardo-berizzo-nuevo-tecnico-de-chile\\\/\",\"url\":\"https:\\\/\\\/futbolhoy.co\\\/index.php\\\/2022\\\/05\\\/26\\\/eduardo-berizzo-nuevo-tecnico-de-chile\\\/\",\"name\":\"Eduardo Berizzo, nuevo t\u00e9cnico de Chile -\",\"isPartOf\":{\"@id\":\"https:\\\/\\\/futbolhoy.co\\\/#website\"},\"primaryImageOfPage\":{\"@id\":\"https:\\\/\\\/futbolhoy.co\\\/index.php\\\/2022\\\/05\\\/26\\\/eduardo-berizzo-nuevo-tecnico-de-chile\\\/#primaryimage\"},\"image\":{\"@id\":\"https:\\\/\\\/futbolhoy.co\\\/index.php\\\/2022\\\/05\\\/26\\\/eduardo-berizzo-nuevo-tecnico-de-chile\\\/#primaryimage\"},\"thumbnailUrl\":\"https:\\\/\\\/futbolhoy.co\\\/wp-content\\\/uploads\\\/2022\\\/05\\\/FTtdQRcWUBwJwOu.jpg\",\"datePublished\":\"2022-05-26T20:21:27+00:00\",\"dateModified\":\"2022-05-27T03:20:16+00:00\",\"author\":{\"@id\":\"https:\\\/\\\/futbolhoy.co\\\/#\\\/schema\\\/person\\\/c4a353a512b127643723a34bb1812f7d\"},\"breadcrumb\":{\"@id\":\"https:\\\/\\\/futbolhoy.co\\\/index.php\\\/2022\\\/05\\\/26\\\/eduardo-berizzo-nuevo-tecnico-de-chile\\\/#breadcrumb\"},\"inLanguage\":\"es\",\"potentialAction\":[{\"@type\":\"ReadAction\",\"target\":[\"https:\\\/\\\/futbolhoy.co\\\/index.php\\\/2022\\\/05\\\/26\\\/eduardo-berizzo-nuevo-tecnico-de-chile\\\/\"]}]},{\"@type\":\"ImageObject\",\"inLanguage\":\"es\",\"@id\":\"https:\\\/\\\/futbolhoy.co\\\/index.php\\\/2022\\\/05\\\/26\\\/eduardo-berizzo-nuevo-tecnico-de-chile\\\/#primaryimage\",\"url\":\"https:\\\/\\\/futbolhoy.co\\\/wp-content\\\/uploads\\\/2022\\\/05\\\/FTtdQRcWUBwJwOu.jpg\",\"contentUrl\":\"https:\\\/\\\/futbolhoy.co\\\/wp-content\\\/uploads\\\/2022\\\/05\\\/FTtdQRcWUBwJwOu.jpg\",\"width\":680,\"height\":456},{\"@type\":\"BreadcrumbList\",\"@id\":\"https:\\\/\\\/futbolhoy.co\\\/index.php\\\/2022\\\/05\\\/26\\\/eduardo-berizzo-nuevo-tecnico-de-chile\\\/#breadcrumb\",\"itemListElement\":[{\"@type\":\"ListItem\",\"position\":1,\"name\":\"Portada\",\"item\":\"https:\\\/\\\/futbolhoy.co\\\/\"},{\"@type\":\"ListItem\",\"position\":2,\"name\":\"Eduardo Berizzo, nuevo t\u00e9cnico de Chile\"}]},{\"@type\":\"WebSite\",\"@id\":\"https:\\\/\\\/futbolhoy.co\\\/#website\",\"url\":\"https:\\\/\\\/futbolhoy.co\\\/\",\"name\":\"FutbolHoy\",\"description\":\"\",\"potentialAction\":[{\"@type\":\"SearchAction\",\"target\":{\"@type\":\"EntryPoint\",\"urlTemplate\":\"https:\\\/\\\/futbolhoy.co\\\/?s={search_term_string}\"},\"query-input\":{\"@type\":\"PropertyValueSpecification\",\"valueRequired\":true,\"valueName\":\"search_term_string\"}}],\"inLanguage\":\"es\"},{\"@type\":\"Person\",\"@id\":\"https:\\\/\\\/futbolhoy.co\\\/#\\\/schema\\\/person\\\/c4a353a512b127643723a34bb1812f7d\",\"name\":\"Laura Hern\u00e1ndez\",\"image\":{\"@type\":\"ImageObject\",\"inLanguage\":\"es\",\"@id\":\"https:\\\/\\\/secure.gravatar.com\\\/avatar\\\/1ae6b7966942c60c822ea71afe0e5cf4105b8e983193883c6d026db4d508431d?s=96&d=mm&r=g\",\"url\":\"https:\\\/\\\/secure.gravatar.com\\\/avatar\\\/1ae6b7966942c60c822ea71afe0e5cf4105b8e983193883c6d026db4d508431d?s=96&d=mm&r=g\",\"contentUrl\":\"https:\\\/\\\/secure.gravatar.com\\\/avatar\\\/1ae6b7966942c60c822ea71afe0e5cf4105b8e983193883c6d026db4d508431d?s=96&d=mm&r=g\",\"caption\":\"Laura Hern\u00e1ndez\"}}]}<\/script>\n<!-- \/ Yoast SEO plugin. -->","yoast_head_json":{"title":"Eduardo Berizzo, nuevo t\u00e9cnico de Chile -","robots":{"index":"index","follow":"follow","max-snippet":"max-snippet:-1","max-image-preview":"max-image-preview:large","max-video-preview":"max-video-preview:-1"},"canonical":"https:\/\/futbolhoy.co\/index.php\/2022\/05\/26\/eduardo-berizzo-nuevo-tecnico-de-chile\/","og_locale":"es_ES","og_type":"article","og_title":"Eduardo Berizzo, nuevo t\u00e9cnico de Chile -","og_description":"El entrenador argentino\u00a0Eduardo Berizzo\u00a0fue designado como nuevo\u00a0seleccionador de Chile, para ocupar el lugar del uruguayo\u00a0Mart\u00edn Lasarte\u00a0y buscar la clasificaci\u00f3n al\u00a0Mundial de 2026. Berizzo, de 52 a\u00f1os, dirigi\u00f3 la selecci\u00f3n de\u00a0Paraguay\u00a0durante 31 partidos entre 2019 y 2021, con 7 victorias, 13 empates y 11 derrotas, para un rendimiento del 36,56 %. El anuncio fue hecho por\u00a0el [&hellip;]","og_url":"https:\/\/futbolhoy.co\/index.php\/2022\/05\/26\/eduardo-berizzo-nuevo-tecnico-de-chile\/","article_publisher":"https:\/\/www.facebook.com\/FutbolHoyCol\/","article_published_time":"2022-05-26T20:21:27+00:00","article_modified_time":"2022-05-27T03:20:16+00:00","og_image":[{"width":680,"height":456,"url":"https:\/\/futbolhoy.co\/wp-content\/uploads\/2022\/05\/FTtdQRcWUBwJwOu.jpg","type":"image\/jpeg"}],"author":"Laura Hern\u00e1ndez","twitter_card":"summary_large_image","twitter_creator":"@FutbolHoyCol","twitter_site":"@FutbolHoyCol","twitter_misc":{"Escrito por":"Laura Hern\u00e1ndez","Tiempo de lectura":"1 minuto"},"schema":{"@context":"https:\/\/schema.org","@graph":[{"@type":"Article","@id":"https:\/\/futbolhoy.co\/index.php\/2022\/05\/26\/eduardo-berizzo-nuevo-tecnico-de-chile\/#article","isPartOf":{"@id":"https:\/\/futbolhoy.co\/index.php\/2022\/05\/26\/eduardo-berizzo-nuevo-tecnico-de-chile\/"},"author":{"name":"Laura Hern\u00e1ndez","@id":"https:\/\/futbolhoy.co\/#\/schema\/person\/c4a353a512b127643723a34bb1812f7d"},"headline":"Eduardo Berizzo, nuevo t\u00e9cnico de Chile","datePublished":"2022-05-26T20:21:27+00:00","dateModified":"2022-05-27T03:20:16+00:00","mainEntityOfPage":{"@id":"https:\/\/futbolhoy.co\/index.php\/2022\/05\/26\/eduardo-berizzo-nuevo-tecnico-de-chile\/"},"wordCount":130,"commentCount":0,"image":{"@id":"https:\/\/futbolhoy.co\/index.php\/2022\/05\/26\/eduardo-berizzo-nuevo-tecnico-de-chile\/#primaryimage"},"thumbnailUrl":"https:\/\/futbolhoy.co\/wp-content\/uploads\/2022\/05\/FTtdQRcWUBwJwOu.jpg","articleSection":["Mundo Futbol"],"inLanguage":"es","potentialAction":[{"@type":"CommentAction","name":"Comment","target":["https:\/\/futbolhoy.co\/index.php\/2022\/05\/26\/eduardo-berizzo-nuevo-tecnico-de-chile\/#respond"]}]},{"@type":"WebPage","@id":"https:\/\/futbolhoy.co\/index.php\/2022\/05\/26\/eduardo-berizzo-nuevo-tecnico-de-chile\/","url":"https:\/\/futbolhoy.co\/index.php\/2022\/05\/26\/eduardo-berizzo-nuevo-tecnico-de-chile\/","name":"Eduardo Berizzo, nuevo t\u00e9cnico de Chile -","isPartOf":{"@id":"https:\/\/futbolhoy.co\/#website"},"primaryImageOfPage":{"@id":"https:\/\/futbolhoy.co\/index.php\/2022\/05\/26\/eduardo-berizzo-nuevo-tecnico-de-chile\/#primaryimage"},"image":{"@id":"https:\/\/futbolhoy.co\/index.php\/2022\/05\/26\/eduardo-berizzo-nuevo-tecnico-de-chile\/#primaryimage"},"thumbnailUrl":"https:\/\/futbolhoy.co\/wp-content\/uploads\/2022\/05\/FTtdQRcWUBwJwOu.jpg","datePublished":"2022-05-26T20:21:27+00:00","dateModified":"2022-05-27T03:20:16+00:00","author":{"@id":"https:\/\/futbolhoy.co\/#\/schema\/person\/c4a353a512b127643723a34bb1812f7d"},"breadcrumb":{"@id":"https:\/\/futbolhoy.co\/index.php\/2022\/05\/26\/eduardo-berizzo-nuevo-tecnico-de-chile\/#breadcrumb"},"inLanguage":"es","potentialAction":[{"@type":"ReadAction","target":["https:\/\/futbolhoy.co\/index.php\/2022\/05\/26\/eduardo-berizzo-nuevo-tecnico-de-chile\/"]}]},{"@type":"ImageObject","inLanguage":"es","@id":"https:\/\/futbolhoy.co\/index.php\/2022\/05\/26\/eduardo-berizzo-nuevo-tecnico-de-chile\/#primaryimage","url":"https:\/\/futbolhoy.co\/wp-content\/uploads\/2022\/05\/FTtdQRcWUBwJwOu.jpg","contentUrl":"https:\/\/futbolhoy.co\/wp-content\/uploads\/2022\/05\/FTtdQRcWUBwJwOu.jpg","width":680,"height":456},{"@type":"BreadcrumbList","@id":"https:\/\/futbolhoy.co\/index.php\/2022\/05\/26\/eduardo-berizzo-nuevo-tecnico-de-chile\/#breadcrumb","itemListElement":[{"@type":"ListItem","position":1,"name":"Portada","item":"https:\/\/futbolhoy.co\/"},{"@type":"ListItem","position":2,"name":"Eduardo Berizzo, nuevo t\u00e9cnico de Chile"}]},{"@type":"WebSite","@id":"https:\/\/futbolhoy.co\/#website","url":"https:\/\/futbolhoy.co\/","name":"FutbolHoy","description":"","potentialAction":[{"@type":"SearchAction","target":{"@type":"EntryPoint","urlTemplate":"https:\/\/futbolhoy.co\/?s={search_term_string}"},"query-input":{"@type":"PropertyValueSpecification","valueRequired":true,"valueName":"search_term_string"}}],"inLanguage":"es"},{"@type":"Person","@id":"https:\/\/futbolhoy.co\/#\/schema\/person\/c4a353a512b127643723a34bb1812f7d","name":"Laura Hern\u00e1ndez","image":{"@type":"ImageObject","inLanguage":"es","@id":"https:\/\/secure.gravatar.com\/avatar\/1ae6b7966942c60c822ea71afe0e5cf4105b8e983193883c6d026db4d508431d?s=96&d=mm&r=g","url":"https:\/\/secure.gravatar.com\/avatar\/1ae6b7966942c60c822ea71afe0e5cf4105b8e983193883c6d026db4d508431d?s=96&d=mm&r=g","contentUrl":"https:\/\/secure.gravatar.com\/avatar\/1ae6b7966942c60c822ea71afe0e5cf4105b8e983193883c6d026db4d508431d?s=96&d=mm&r=g","caption":"Laura Hern\u00e1ndez"}}]}},"_links":{"self":[{"href":"https:\/\/futbolhoy.co\/index.php\/wp-json\/wp\/v2\/posts\/80578","targetHints":{"allow":["GET"]}}],"collection":[{"href":"https:\/\/futbolhoy.co\/index.php\/wp-json\/wp\/v2\/posts"}],"about":[{"href":"https:\/\/futbolhoy.co\/index.php\/wp-json\/wp\/v2\/types\/post"}],"author":[{"embeddable":true,"href":"https:\/\/futbolhoy.co\/index.php\/wp-json\/wp\/v2\/users\/5"}],"replies":[{"embeddable":true,"href":"https:\/\/futbolhoy.co\/index.php\/wp-json\/wp\/v2\/comments?post=80578"}],"version-history":[{"count":1,"href":"https:\/\/futbolhoy.co\/index.php\/wp-json\/wp\/v2\/posts\/80578\/revisions"}],"predecessor-version":[{"id":80580,"href":"https:\/\/futbolhoy.co\/index.php\/wp-json\/wp\/v2\/posts\/80578\/revisions\/80580"}],"wp:featuredmedia":[{"embeddable":true,"href":"https:\/\/futbolhoy.co\/index.php\/wp-json\/wp\/v2\/media\/80579"}],"wp:attachment":[{"href":"https:\/\/futbolhoy.co\/index.php\/wp-json\/wp\/v2\/media?parent=80578"}],"wp:term":[{"taxonomy":"category","embeddable":true,"href":"https:\/\/futbolhoy.co\/index.php\/wp-json\/wp\/v2\/categories?post=80578"},{"taxonomy":"post_tag","embeddable":true,"href":"https:\/\/futbolhoy.co\/index.php\/wp-json\/wp\/v2\/tags?post=80578"}],"curies":[{"name":"wp","href":"https:\/\/api.w.org\/{rel}","templated":true}]}}