{"id":8072,"date":"2017-10-21T09:24:00","date_gmt":"2017-10-21T14:24:00","guid":{"rendered":"http:\/\/futbolhoy.co\/?p=8072"},"modified":"2017-10-21T13:28:37","modified_gmt":"2017-10-21T18:28:37","slug":"uruguay-jugara-amistosos-sin-luis-suarez","status":"publish","type":"post","link":"https:\/\/futbolhoy.co\/index.php\/2017\/10\/21\/uruguay-jugara-amistosos-sin-luis-suarez\/","title":{"rendered":"Uruguay jugar\u00e1 amistosos sin Luis Su\u00e1rez"},"content":{"rendered":"<p style=\"text-align: justify;\"><span style=\"font-weight: 400;\">La <\/span><b>Asociaci\u00f3n Uruguaya de F\u00fatbol<\/b><span style=\"font-weight: 400;\"> dio a conocer la lista de convocados para los partidos amistosos de noviembre ante Polonia y Austria, donde se destaca la ausencia del delantero <\/span><b>Luis Su\u00e1rez<\/b><span style=\"font-weight: 400;\">, debido a una lesi\u00f3n en la rodilla derecha.<\/span><span style=\"font-weight: 400;\"><br \/>\n<\/span><span style=\"font-weight: 400;\"><br \/>\n<\/span><span style=\"font-weight: 400;\">Uruguay jugar\u00e1 el 10 de noviembre ante Polonia y del 14 del mismo mes ante Austria; mientas que Su\u00e1rez se someter\u00e1 a un tratamiento acompa\u00f1ado de la suspensi\u00f3n de toda actividad f\u00edsica.<\/span><\/p>\n<p style=\"text-align: justify;\"><span style=\"font-weight: 400;\">La lista de 23 citados del exterior por el t\u00e9cnico Oscar Washington Tab\u00e1rez es:<\/span><\/p>\n<p style=\"text-align: justify;\"><b>Porteros<\/b><\/p>\n<p style=\"text-align: justify;\"><b>Fernando Muslera<\/b><span style=\"font-weight: 400;\"> (Galatasaray-TUR)<\/span><\/p>\n<p style=\"text-align: justify;\"><span style=\"font-weight: 400;\">Mart\u00edn Silva (Vasco de Gama-BRA)<\/span><\/p>\n<p style=\"text-align: justify;\"><span style=\"font-weight: 400;\">Mart\u00edn Campa\u00f1a (Independiente-ARG)<\/span><\/p>\n<p style=\"text-align: justify;\"><b>Defensas<\/b><\/p>\n<p style=\"text-align: justify;\"><b>Diego God\u00edn<\/b><span style=\"font-weight: 400;\"> (Atl\u00e9tico de Madrid-ESP)<\/span><\/p>\n<p style=\"text-align: justify;\"><span style=\"font-weight: 400;\">Sebasti\u00e1n Coates (Sporting de Lisboa-POR)<\/span><\/p>\n<p style=\"text-align: justify;\"><span style=\"font-weight: 400;\">Jos\u00e9 Mar\u00eda Gim\u00e9nez (<\/span><b>Atl\u00e9tico de Madrid<\/b><span style=\"font-weight: 400;\">-ESP)<\/span><\/p>\n<p style=\"text-align: justify;\"><b>Maximiliano Pereira<\/b><span style=\"font-weight: 400;\"> (Oporto-POR)<\/span><\/p>\n<p style=\"text-align: justify;\"><span style=\"font-weight: 400;\">Gast\u00f3n Silva (Torino-ITA)<\/span><\/p>\n<p style=\"text-align: justify;\"><span style=\"font-weight: 400;\">Mart\u00edn C\u00e1ceres (Hellas Verona-ITA)<\/span><\/p>\n<p style=\"text-align: justify;\"><span style=\"font-weight: 400;\">Mauricio Lemos (Las Palmas-ESP)<\/span><span style=\"font-weight: 400;\"><br \/>\n<\/span><span style=\"font-weight: 400;\"><br \/>\n<\/span><b>Volantes<\/b><\/p>\n<p style=\"text-align: justify;\"><span style=\"font-weight: 400;\">Nahitan N\u00e1ndez (<\/span><b>Boca Juniors<\/b><span style=\"font-weight: 400;\">-ARG)<\/span><\/p>\n<p style=\"text-align: justify;\"><b>Egidio Ar\u00e9valo R\u00edos<\/b><span style=\"font-weight: 400;\"> (Racing-ARG)<\/span><\/p>\n<p style=\"text-align: justify;\"><span style=\"font-weight: 400;\">Mat\u00edas Vecino (Inter-ITA)<\/span><\/p>\n<p style=\"text-align: justify;\"><span style=\"font-weight: 400;\">Federico Valverde (Deportivo la Coru\u00f1a-ESP)<\/span><\/p>\n<p style=\"text-align: justify;\"><span style=\"font-weight: 400;\">Rodrigo Bentancur (<\/span><b>Juventus<\/b><span style=\"font-weight: 400;\">-ITA)<\/span><\/p>\n<p style=\"text-align: justify;\"><span style=\"font-weight: 400;\">Carlos S\u00e1nchez (Monterrey-MEX)<\/span><\/p>\n<p style=\"text-align: justify;\"><b>Nicol\u00e1s Lodeiro<\/b><span style=\"font-weight: 400;\"> (Seattle Sounders-USA)<\/span><\/p>\n<p style=\"text-align: justify;\"><span style=\"font-weight: 400;\">Jonathan Urretaviscaya (Pachuca-MEX)<\/span><\/p>\n<p style=\"text-align: justify;\"><span style=\"font-weight: 400;\">Gast\u00f3n Pereiro (PSV Eindhoven-HOL)<\/span><\/p>\n<p style=\"text-align: justify;\"><span style=\"font-weight: 400;\">Giorgian De Arrascaeta (Cruzeiro-BRA)<\/span><span style=\"font-weight: 400;\"><br \/>\n<\/span><span style=\"font-weight: 400;\"><br \/>\n<\/span><b>Delanteros<\/b><\/p>\n<p style=\"text-align: justify;\"><span style=\"font-weight: 400;\">Cristhian Stuani (Girona-ESP)<\/span><\/p>\n<p style=\"text-align: justify;\"><b>Edinson Cavani<\/b><span style=\"font-weight: 400;\"> (Paris Saint Germain-FRA)<\/span><\/p>\n<p style=\"text-align: justify;\"><span style=\"font-weight: 400;\">Maximiliano G\u00f3mez (Celta-ESP)<\/span><\/p>\n","protected":false},"excerpt":{"rendered":"<p>La Asociaci\u00f3n Uruguaya de F\u00fatbol dio a conocer la lista de convocados para los partidos amistosos de noviembre ante Polonia y Austria, donde se destaca la ausencia del delantero Luis Su\u00e1rez, debido a una lesi\u00f3n en la rodilla derecha. Uruguay jugar\u00e1 el 10 de noviembre ante Polonia y del 14 del mismo mes ante Austria; [&hellip;]<\/p>\n","protected":false},"author":5,"featured_media":8073,"comment_status":"open","ping_status":"closed","sticky":false,"template":"","format":"standard","meta":{"_acf_changed":false,"footnotes":""},"categories":[6],"tags":[356,201],"class_list":{"0":"post-8072","1":"post","2":"type-post","3":"status-publish","4":"format-standard","5":"has-post-thumbnail","7":"category-mundial","8":"tag-luis-suarez","9":"tag-seleccion-uruguaya"},"acf":[],"_links":{"self":[{"href":"https:\/\/futbolhoy.co\/index.php\/wp-json\/wp\/v2\/posts\/8072","targetHints":{"allow":["GET"]}}],"collection":[{"href":"https:\/\/futbolhoy.co\/index.php\/wp-json\/wp\/v2\/posts"}],"about":[{"href":"https:\/\/futbolhoy.co\/index.php\/wp-json\/wp\/v2\/types\/post"}],"author":[{"embeddable":true,"href":"https:\/\/futbolhoy.co\/index.php\/wp-json\/wp\/v2\/users\/5"}],"replies":[{"embeddable":true,"href":"https:\/\/futbolhoy.co\/index.php\/wp-json\/wp\/v2\/comments?post=8072"}],"version-history":[{"count":1,"href":"https:\/\/futbolhoy.co\/index.php\/wp-json\/wp\/v2\/posts\/8072\/revisions"}],"predecessor-version":[{"id":8074,"href":"https:\/\/futbolhoy.co\/index.php\/wp-json\/wp\/v2\/posts\/8072\/revisions\/8074"}],"wp:featuredmedia":[{"embeddable":true,"href":"https:\/\/futbolhoy.co\/index.php\/wp-json\/wp\/v2\/media\/8073"}],"wp:attachment":[{"href":"https:\/\/futbolhoy.co\/index.php\/wp-json\/wp\/v2\/media?parent=8072"}],"wp:term":[{"taxonomy":"category","embeddable":true,"href":"https:\/\/futbolhoy.co\/index.php\/wp-json\/wp\/v2\/categories?post=8072"},{"taxonomy":"post_tag","embeddable":true,"href":"https:\/\/futbolhoy.co\/index.php\/wp-json\/wp\/v2\/tags?post=8072"}],"curies":[{"name":"wp","href":"https:\/\/api.w.org\/{rel}","templated":true}]}}