{"id":8075,"date":"2017-10-21T09:35:56","date_gmt":"2017-10-21T14:35:56","guid":{"rendered":"http:\/\/futbolhoy.co\/?p=8075"},"modified":"2017-10-22T15:20:35","modified_gmt":"2017-10-22T20:20:35","slug":"colombia-probara-arqueros-por-las-lesiones-de-ospina-y-vargas","status":"publish","type":"post","link":"https:\/\/futbolhoy.co\/index.php\/2017\/10\/21\/colombia-probara-arqueros-por-las-lesiones-de-ospina-y-vargas\/","title":{"rendered":"Colombia probar\u00e1 arqueros por las lesiones de Ospina y Vargas"},"content":{"rendered":"<div id=\"m_-8673736201833520974yui_3_16_0_ym19_1_1508593570331_4970\" dir=\"ltr\" style=\"text-align: justify;\"><span id=\"m_-8673736201833520974yui_3_16_0_ym19_1_1508593570331_4969\" style=\"font-family: HelveticaNeue, 'Helvetica Neue', Helvetica, Arial, 'Lucida Grande', sans-serif;\"><span id=\"m_-8673736201833520974yui_3_16_0_ym19_1_1508593570331_4968\" style=\"font-size: medium;\">El t\u00e9cnico de la selecci\u00f3n Colombia,\u00a0<strong id=\"m_-8673736201833520974yui_3_16_0_ym19_1_1508593570331_5174\">Jos\u00e9 N\u00e9stor P\u00e9kerman<\/strong>, deber\u00e1 probar dos nuevos arqueros\u00a0durante los amistosos de noviembre ante Corea del Sur y China en el marco de la preparaci\u00f3n al Mundial de Rusia, debido a las lesiones que padecen\u00a0<strong>David Ospina<\/strong>\u00a0y\u00a0<strong id=\"m_-8673736201833520974yui_3_16_0_ym19_1_1508593570331_5297\">Camilo Vargas<\/strong>.<\/span><\/span><\/div>\n<div id=\"m_-8673736201833520974yui_3_16_0_ym19_1_1508593570331_5058\" dir=\"ltr\" style=\"text-align: justify;\"><span style=\"font-size: medium;\">\u00a0<\/span><\/div>\n<div id=\"m_-8673736201833520974yui_3_16_0_ym19_1_1508593570331_5006\" style=\"text-align: justify;\"><span id=\"m_-8673736201833520974yui_3_16_0_ym19_1_1508593570331_5005\" style=\"font-family: HelveticaNeue, 'Helvetica Neue', Helvetica, Arial, 'Lucida Grande', sans-serif;\"><span id=\"m_-8673736201833520974yui_3_16_0_ym19_1_1508593570331_5004\" style=\"font-size: medium;\">\u201cOspina tiene un problema de ingle grado uno. No est\u00e1 tan mal, pero tendr\u00e1 dos semanas de incapacidad\u201d, se\u00f1al\u00f3 el t\u00e9cnico del\u00a0<strong>Arsenal<\/strong>,\u00a0<strong>Arsene Wenger<\/strong>, en rueda de prensa.<\/span><\/span><\/div>\n<div id=\"m_-8673736201833520974yui_3_16_0_ym19_1_1508593570331_5083\" style=\"text-align: justify;\"><span style=\"font-family: HelveticaNeue, 'Helvetica Neue', Helvetica, Arial, 'Lucida Grande', sans-serif;\"><span style=\"font-size: medium;\">\u00a0<\/span><\/span><\/div>\n<div id=\"m_-8673736201833520974yui_3_16_0_ym19_1_1508593570331_5087\" dir=\"ltr\" style=\"text-align: justify;\"><span id=\"m_-8673736201833520974yui_3_16_0_ym19_1_1508593570331_5086\" style=\"font-family: HelveticaNeue, 'Helvetica Neue', Helvetica, Arial, 'Lucida Grande', sans-serif;\"><span id=\"m_-8673736201833520974yui_3_16_0_ym19_1_1508593570331_5085\" style=\"font-size: medium;\">El golero titular de la selecci\u00f3n se perdi\u00f3 por este\u00a0inconveniente f\u00edsico\u00a0el partido de los &#8216;gunners&#8217; contra el Estrella Roja en la\u00a0<strong>Europa League<\/strong>\u00a0el jueves.<\/span><\/span><\/div>\n<div id=\"m_-8673736201833520974yui_3_16_0_ym19_1_1508593570331_5090\" dir=\"ltr\" style=\"text-align: justify;\"><span id=\"m_-8673736201833520974yui_3_16_0_ym19_1_1508593570331_5089\" style=\"font-family: HelveticaNeue, 'Helvetica Neue', Helvetica, Arial, 'Lucida Grande', sans-serif;\"><span id=\"m_-8673736201833520974yui_3_16_0_ym19_1_1508593570331_5088\" style=\"font-size: medium;\">\u00a0<\/span><\/span><\/div>\n<div id=\"m_-8673736201833520974yui_3_16_0_ym19_1_1508593570331_5104\" dir=\"ltr\" style=\"text-align: justify;\"><span id=\"m_-8673736201833520974yui_3_16_0_ym19_1_1508593570331_4966\" style=\"font-size: medium;\">Entretanto, Vargas, de\u00a0<strong id=\"m_-8673736201833520974yui_3_16_0_ym19_1_1508593570331_5280\">Atl\u00e9tico Nacional<\/strong>,\u00a0ser\u00e1 sometido hoy a una artroscopia en la rodilla derecha, que le viene molestando hace varios meses y su incapacidad\u00a0alcanzar\u00eda las seis semanas.<\/span><\/div>\n<div id=\"m_-8673736201833520974yui_3_16_0_ym19_1_1508593570331_5112\" style=\"text-align: justify;\"><\/div>\n<div id=\"m_-8673736201833520974yui_3_16_0_ym19_1_1508593570331_5120\" dir=\"ltr\" style=\"text-align: justify;\"><span id=\"m_-8673736201833520974yui_3_16_0_ym19_1_1508593570331_5119\" style=\"font-size: medium;\"><strong id=\"m_-8673736201833520974yui_3_16_0_ym19_1_1508593570331_5270\">Leandro Castellanos<\/strong>\u00a0de Santa Fe, y\u00a0<strong id=\"m_-8673736201833520974yui_3_16_0_ym19_1_1508593570331_5211\">David Gonz\u00e1lez<\/strong>\u00a0del Medell\u00edn, surgen como los principales\u00a0llamados a ocupar los lugares de Ospina y Vargas en el equipo colombiano, aunque el gran nivel mostrado en la\u00a0<strong id=\"m_-8673736201833520974yui_3_16_0_ym19_1_1508593570331_5225\">Liga \u00c1guila II<\/strong>\u00a0por parte de\u00a0<strong id=\"m_-8673736201833520974yui_3_16_0_ym19_1_1508593570331_5271\">Jos\u00e9 Fernando Cuadrado<\/strong>, capit\u00e1n del<strong id=\"m_-8673736201833520974yui_3_16_0_ym19_1_1508593570331_5221\">\u00a0Once Caldas<\/strong>,\u00a0tambi\u00e9n lo se\u00f1ala como candidato al puesto.<\/span><\/div>\n","protected":false},"excerpt":{"rendered":"<p>El t\u00e9cnico de la selecci\u00f3n Colombia,\u00a0Jos\u00e9 N\u00e9stor P\u00e9kerman, deber\u00e1 probar dos nuevos arqueros\u00a0durante los amistosos de noviembre ante Corea del Sur y China en el marco de la preparaci\u00f3n al Mundial de Rusia, debido a las lesiones que padecen\u00a0David Ospina\u00a0y\u00a0Camilo Vargas. \u00a0 \u201cOspina tiene un problema de ingle grado uno. No est\u00e1 tan mal, pero [&hellip;]<\/p>\n","protected":false},"author":5,"featured_media":8085,"comment_status":"open","ping_status":"closed","sticky":false,"template":"","format":"standard","meta":{"_acf_changed":false,"footnotes":""},"categories":[153],"tags":[127],"class_list":{"0":"post-8075","1":"post","2":"type-post","3":"status-publish","4":"format-standard","5":"has-post-thumbnail","7":"category-selecion-colombia","8":"tag-seleccion-colombia"},"acf":[],"_links":{"self":[{"href":"https:\/\/futbolhoy.co\/index.php\/wp-json\/wp\/v2\/posts\/8075","targetHints":{"allow":["GET"]}}],"collection":[{"href":"https:\/\/futbolhoy.co\/index.php\/wp-json\/wp\/v2\/posts"}],"about":[{"href":"https:\/\/futbolhoy.co\/index.php\/wp-json\/wp\/v2\/types\/post"}],"author":[{"embeddable":true,"href":"https:\/\/futbolhoy.co\/index.php\/wp-json\/wp\/v2\/users\/5"}],"replies":[{"embeddable":true,"href":"https:\/\/futbolhoy.co\/index.php\/wp-json\/wp\/v2\/comments?post=8075"}],"version-history":[{"count":1,"href":"https:\/\/futbolhoy.co\/index.php\/wp-json\/wp\/v2\/posts\/8075\/revisions"}],"predecessor-version":[{"id":8086,"href":"https:\/\/futbolhoy.co\/index.php\/wp-json\/wp\/v2\/posts\/8075\/revisions\/8086"}],"wp:featuredmedia":[{"embeddable":true,"href":"https:\/\/futbolhoy.co\/index.php\/wp-json\/wp\/v2\/media\/8085"}],"wp:attachment":[{"href":"https:\/\/futbolhoy.co\/index.php\/wp-json\/wp\/v2\/media?parent=8075"}],"wp:term":[{"taxonomy":"category","embeddable":true,"href":"https:\/\/futbolhoy.co\/index.php\/wp-json\/wp\/v2\/categories?post=8075"},{"taxonomy":"post_tag","embeddable":true,"href":"https:\/\/futbolhoy.co\/index.php\/wp-json\/wp\/v2\/tags?post=8075"}],"curies":[{"name":"wp","href":"https:\/\/api.w.org\/{rel}","templated":true}]}}