{"id":8076,"date":"2017-10-21T09:26:42","date_gmt":"2017-10-21T14:26:42","guid":{"rendered":"http:\/\/futbolhoy.co\/?p=8076"},"modified":"2017-10-21T13:28:40","modified_gmt":"2017-10-21T18:28:40","slug":"zidane-califico-de-vergonzosas-las-declaraciones-de-lineker-contra-benzema","status":"publish","type":"post","link":"https:\/\/futbolhoy.co\/index.php\/2017\/10\/21\/zidane-califico-de-vergonzosas-las-declaraciones-de-lineker-contra-benzema\/","title":{"rendered":"Zidane calific\u00f3 de vergonzosas las declaraciones de Lineker contra Benzema"},"content":{"rendered":"<p style=\"text-align: justify;\"><span style=\"font-weight: 400;\">El t\u00e9cnico del Real Madrid, el franc\u00e9s <strong>Zinedine Zidane,<\/strong> asegur\u00f3 que eran una verg\u00fcenza las declaraciones del ex goleador ingl\u00e9s Gary Lineker sobre el delantero galo <strong>Karim Benzema,<\/strong> de quien dijo \u00abes decente pero no genial y est\u00e1 sobrevalorado\u00bb.<\/span><\/p>\n<p style=\"text-align: justify;\"><span style=\"font-weight: 400;\">Zidane ripost\u00f3 indicando que las palabras del brit\u00e1nico son \u00abuna verg\u00fcenza; y m\u00e1s proviniendo de un hombre de f\u00fatbol a un &#8216;9&#8217; que el entrenador ve como el mejor con diferencia\u00bb.<\/span><span style=\"font-weight: 400;\"><br \/>\n<\/span><span style=\"font-weight: 400;\"><br \/>\n<\/span><span style=\"font-weight: 400;\">\u00abMe molesta que diga eso de Karim la gente que sabe de f\u00fatbol, es una verg\u00fcenza, adem\u00e1s para m\u00ed es el mejor de todos, con sinceridad. No s\u00e9 si la gente piensa que el 9 aqu\u00ed tiene que meter 60 goles, Karim no va a meterlos, va a marcar 25 y va a pasar 40 goles, para m\u00ed eso es m\u00e1s importante. Me molesta que se hable mal de mis jugadores pero no lo podemos evitar. Para m\u00ed Karim es el mejor con diferencia\u00bb, manifest\u00f3, Zidane.<\/span><\/p>\n","protected":false},"excerpt":{"rendered":"<p>El t\u00e9cnico del Real Madrid, el franc\u00e9s Zinedine Zidane, asegur\u00f3 que eran una verg\u00fcenza las declaraciones del ex goleador ingl\u00e9s Gary Lineker sobre el delantero galo Karim Benzema, de quien dijo \u00abes decente pero no genial y est\u00e1 sobrevalorado\u00bb. Zidane ripost\u00f3 indicando que las palabras del brit\u00e1nico son \u00abuna verg\u00fcenza; y m\u00e1s proviniendo de un [&hellip;]<\/p>\n","protected":false},"author":5,"featured_media":8077,"comment_status":"open","ping_status":"closed","sticky":false,"template":"","format":"standard","meta":{"_acf_changed":false,"footnotes":""},"categories":[152],"tags":[110,239],"class_list":{"0":"post-8076","1":"post","2":"type-post","3":"status-publish","4":"format-standard","5":"has-post-thumbnail","7":"category-mundo-futbol","8":"tag-real-madrid","9":"tag-zinedine-zidane"},"acf":[],"_links":{"self":[{"href":"https:\/\/futbolhoy.co\/index.php\/wp-json\/wp\/v2\/posts\/8076","targetHints":{"allow":["GET"]}}],"collection":[{"href":"https:\/\/futbolhoy.co\/index.php\/wp-json\/wp\/v2\/posts"}],"about":[{"href":"https:\/\/futbolhoy.co\/index.php\/wp-json\/wp\/v2\/types\/post"}],"author":[{"embeddable":true,"href":"https:\/\/futbolhoy.co\/index.php\/wp-json\/wp\/v2\/users\/5"}],"replies":[{"embeddable":true,"href":"https:\/\/futbolhoy.co\/index.php\/wp-json\/wp\/v2\/comments?post=8076"}],"version-history":[{"count":2,"href":"https:\/\/futbolhoy.co\/index.php\/wp-json\/wp\/v2\/posts\/8076\/revisions"}],"predecessor-version":[{"id":8088,"href":"https:\/\/futbolhoy.co\/index.php\/wp-json\/wp\/v2\/posts\/8076\/revisions\/8088"}],"wp:featuredmedia":[{"embeddable":true,"href":"https:\/\/futbolhoy.co\/index.php\/wp-json\/wp\/v2\/media\/8077"}],"wp:attachment":[{"href":"https:\/\/futbolhoy.co\/index.php\/wp-json\/wp\/v2\/media?parent=8076"}],"wp:term":[{"taxonomy":"category","embeddable":true,"href":"https:\/\/futbolhoy.co\/index.php\/wp-json\/wp\/v2\/categories?post=8076"},{"taxonomy":"post_tag","embeddable":true,"href":"https:\/\/futbolhoy.co\/index.php\/wp-json\/wp\/v2\/tags?post=8076"}],"curies":[{"name":"wp","href":"https:\/\/api.w.org\/{rel}","templated":true}]}}