{"id":80785,"date":"2022-05-30T22:10:41","date_gmt":"2022-05-31T03:10:41","guid":{"rendered":"https:\/\/futbolhoy.co\/?p=80785"},"modified":"2022-05-31T10:56:24","modified_gmt":"2022-05-31T15:56:24","slug":"se-vale-sonar-luis-diaz","status":"publish","type":"post","link":"https:\/\/futbolhoy.co\/index.php\/2022\/05\/30\/se-vale-sonar-luis-diaz\/","title":{"rendered":"\u201cSe vale so\u00f1ar\u201d, Luis D\u00edaz"},"content":{"rendered":"<p style=\"text-align: justify;\"><span style=\"font-family: helvetica, arial, sans-serif;\">El extremo guajiro\u00a0<b>Luis D\u00edaz<\/b>\u00a0termin\u00f3 la mejor temporada de su carrera deportiva actuando para el\u00a0<b>Liverpool;<\/b>\u00a0y mostr\u00f3 su respeto y agradecimiento a los dirigentes, cuerpo t\u00e9cnico, jugadores y aficionados a trav\u00e9s de sus redes sociales, con la plena satisfacci\u00f3n por cumplir sus sue\u00f1os.<\/span><\/p>\n<p style=\"text-align: justify;\"><span style=\"font-family: helvetica, arial, sans-serif;\">En su cuenta personal de\u00a0<i>Instagram,<\/i>\u00a0D\u00edaz public\u00f3: \u00abEl 4 de febrero fue el d\u00eda en el que todos ustedes me recibieron como uno m\u00e1s de la familia.\u00a0<b>Desde ese momento he estado so\u00f1ando despierto<\/b>, viviendo lo que he deseado profundamente durante toda mi vida\u00bb.<\/span><\/p>\n<p style=\"text-align: justify;\"><span style=\"font-family: helvetica, arial, sans-serif;\">\u00abAhora que ustedes\u00a0<b>me mostraron que los sue\u00f1os se hacen realidad<\/b>\u00a0d\u00e9jenme asegurarles que seguiremos so\u00f1ando juntos. Con todo lo que queda por ganar, que as\u00ed sea,\u00a0<b>porque aqu\u00ed s\u00e9 que nunca voy a caminar solo<\/b>\u00ab, agreg\u00f3 el colombiano.<\/span><\/p>\n<p style=\"text-align: justify;\"><span style=\"font-family: helvetica, arial, sans-serif;\"><b>D\u00edaz, de 25 a\u00f1os, disput\u00f3 26 partidos, marcando 6 goles y dando 5 asistencias<\/b>\u00a0en todas las competiciones.<\/span><\/p>\n","protected":false},"excerpt":{"rendered":"<p>El extremo guajiro\u00a0Luis D\u00edaz\u00a0termin\u00f3 la mejor temporada de su carrera deportiva actuando para el\u00a0Liverpool;\u00a0y mostr\u00f3 su respeto y agradecimiento a los dirigentes, cuerpo t\u00e9cnico, jugadores y aficionados a trav\u00e9s de sus redes sociales, con la plena satisfacci\u00f3n por cumplir sus sue\u00f1os. En su cuenta personal de\u00a0Instagram,\u00a0D\u00edaz public\u00f3: \u00abEl 4 de febrero fue el d\u00eda en [&hellip;]<\/p>\n","protected":false},"author":5,"featured_media":80786,"comment_status":"open","ping_status":"closed","sticky":false,"template":"","format":"standard","meta":{"_acf_changed":false,"footnotes":""},"categories":[418],"tags":[],"class_list":{"0":"post-80785","1":"post","2":"type-post","3":"status-publish","4":"format-standard","5":"has-post-thumbnail","7":"category-colombia"},"acf":[],"_links":{"self":[{"href":"https:\/\/futbolhoy.co\/index.php\/wp-json\/wp\/v2\/posts\/80785","targetHints":{"allow":["GET"]}}],"collection":[{"href":"https:\/\/futbolhoy.co\/index.php\/wp-json\/wp\/v2\/posts"}],"about":[{"href":"https:\/\/futbolhoy.co\/index.php\/wp-json\/wp\/v2\/types\/post"}],"author":[{"embeddable":true,"href":"https:\/\/futbolhoy.co\/index.php\/wp-json\/wp\/v2\/users\/5"}],"replies":[{"embeddable":true,"href":"https:\/\/futbolhoy.co\/index.php\/wp-json\/wp\/v2\/comments?post=80785"}],"version-history":[{"count":4,"href":"https:\/\/futbolhoy.co\/index.php\/wp-json\/wp\/v2\/posts\/80785\/revisions"}],"predecessor-version":[{"id":80791,"href":"https:\/\/futbolhoy.co\/index.php\/wp-json\/wp\/v2\/posts\/80785\/revisions\/80791"}],"wp:featuredmedia":[{"embeddable":true,"href":"https:\/\/futbolhoy.co\/index.php\/wp-json\/wp\/v2\/media\/80786"}],"wp:attachment":[{"href":"https:\/\/futbolhoy.co\/index.php\/wp-json\/wp\/v2\/media?parent=80785"}],"wp:term":[{"taxonomy":"category","embeddable":true,"href":"https:\/\/futbolhoy.co\/index.php\/wp-json\/wp\/v2\/categories?post=80785"},{"taxonomy":"post_tag","embeddable":true,"href":"https:\/\/futbolhoy.co\/index.php\/wp-json\/wp\/v2\/tags?post=80785"}],"curies":[{"name":"wp","href":"https:\/\/api.w.org\/{rel}","templated":true}]}}