{"id":80796,"date":"2022-05-31T06:53:26","date_gmt":"2022-05-31T11:53:26","guid":{"rendered":"https:\/\/futbolhoy.co\/?p=80796"},"modified":"2022-05-31T22:06:57","modified_gmt":"2022-06-01T03:06:57","slug":"benzema-fue-elegido-el-mejor-de-la-champions","status":"publish","type":"post","link":"https:\/\/futbolhoy.co\/index.php\/2022\/05\/31\/benzema-fue-elegido-el-mejor-de-la-champions\/","title":{"rendered":"Benzema fue elegido el Mejor de la Champions"},"content":{"rendered":"<p class=\"x_ydp67fed7f7MsoNormal\" style=\"text-align: justify;\"><span lang=\"ES-MX\" style=\"font-family: helvetica, arial, sans-serif;\">El goleador franc\u00e9s\u00a0<b>Karim Benzema<\/b>, del\u00a0<b>Real Madrid<\/b>, fue elegido como el\u00a0<b>Mejor jugador de la Champions en la temporada\u00a0<\/b>por el panel de observadores t\u00e9cnicos de la\u00a0<b>UEFA<\/b>.<\/span><\/p>\n<p class=\"x_ydp67fed7f7MsoNormal\" style=\"text-align: justify;\"><span lang=\"ES-MX\" style=\"font-family: helvetica, arial, sans-serif;\">Benzema, quien marc\u00f3 15 goles en el torneo, fue uno de los jugadores m\u00e1s determinantes para que el\u00a0<b>\u2018merengue\u2019<\/b>\u00a0alcanzara su decimocuarta\u00a0<b>Orejona<\/b>, el quinto para el atacante galo.<\/span><\/p>\n<p class=\"x_ydp67fed7f7MsoNormal\" style=\"text-align: justify;\"><span lang=\"ES-MX\" style=\"font-family: helvetica, arial, sans-serif;\">El franc\u00e9s adem\u00e1s ocupa el tercer lugar entre los artilleros hist\u00f3ricos de\u00a0<b>la Liga de Campeones de Europa<\/b>, junto al polaco\u00a0<b>Robert Lewandowski<\/b>, con 86 tantos, siendo superados por el portugu\u00e9s\u00a0<b>Cristiano Ronaldo<\/b>\u00a0(140) y el argentino\u00a0<b>Lionel Messi<\/b>\u00a0(125).<\/span><\/p>\n<p class=\"x_ydp67fed7f7MsoNormal\" style=\"text-align: justify;\"><span lang=\"ES-MX\" style=\"font-family: helvetica, arial, sans-serif;\">En el\u00a0<b>Once Ideal<\/b>\u00a0adem\u00e1s se destaca la presencia del portero belga\u00a0<b>Thibaut Courtois<\/b>, el volante croata\u00a0<b>Luka Modric<\/b>\u00a0y el delantero\u00a0<b>Vinicius Jr.<\/b>, del equipo campe\u00f3n.<\/span><\/p>\n<p class=\"x_ydp67fed7f7MsoNormal\" style=\"text-align: justify;\"><span lang=\"ES-MX\" style=\"font-family: helvetica, arial, sans-serif;\">El brasile\u00f1o fue designado como el\u00a0<b>Mejor Joven de la temporada 2021-2022<\/b>\u00a0en el torneo de clubes m\u00e1s importante del mundo, donde convirti\u00f3 4 goles y realiz\u00f3 6 asistencias.<\/span><\/p>\n<p class=\"x_ydp67fed7f7MsoNormal\" style=\"text-align: justify;\"><span style=\"font-family: helvetica, arial, sans-serif;\"><b><span lang=\"ES-MX\">El Equipo Ideal:<\/span><\/b><span lang=\"ES-MX\">\u00a0Thibaut Courtois (BEL\/Real Madrid), Trent Alexander-Arnold (ING\/Liverpool), Antonio Rudiger (ALE\/Chelsea), Virgil Van Dijk (NED\/Liverpool), Andy Robertson (ESC\/Liverpool), Kevin de Bruyne (BEL\/Manchester City), Fabinho (BRA\/Liverpool), Luka Modric (CRO\/Real Madrid), Kylian Mbappe (FRA\/PSG), Karim Benzema (FRA\/Real Madrid) y Vinicius Jr. (BRA\/Real Madrid).<\/span><\/span><\/p>\n","protected":false},"excerpt":{"rendered":"<p>El goleador franc\u00e9s\u00a0Karim Benzema, del\u00a0Real Madrid, fue elegido como el\u00a0Mejor jugador de la Champions en la temporada\u00a0por el panel de observadores t\u00e9cnicos de la\u00a0UEFA. Benzema, quien marc\u00f3 15 goles en el torneo, fue uno de los jugadores m\u00e1s determinantes para que el\u00a0\u2018merengue\u2019\u00a0alcanzara su decimocuarta\u00a0Orejona, el quinto para el atacante galo. El franc\u00e9s adem\u00e1s ocupa el [&hellip;]<\/p>\n","protected":false},"author":5,"featured_media":80797,"comment_status":"open","ping_status":"closed","sticky":false,"template":"","format":"standard","meta":{"_acf_changed":false,"footnotes":""},"categories":[4],"tags":[],"class_list":{"0":"post-80796","1":"post","2":"type-post","3":"status-publish","4":"format-standard","5":"has-post-thumbnail","7":"category-champions-league"},"acf":[],"_links":{"self":[{"href":"https:\/\/futbolhoy.co\/index.php\/wp-json\/wp\/v2\/posts\/80796","targetHints":{"allow":["GET"]}}],"collection":[{"href":"https:\/\/futbolhoy.co\/index.php\/wp-json\/wp\/v2\/posts"}],"about":[{"href":"https:\/\/futbolhoy.co\/index.php\/wp-json\/wp\/v2\/types\/post"}],"author":[{"embeddable":true,"href":"https:\/\/futbolhoy.co\/index.php\/wp-json\/wp\/v2\/users\/5"}],"replies":[{"embeddable":true,"href":"https:\/\/futbolhoy.co\/index.php\/wp-json\/wp\/v2\/comments?post=80796"}],"version-history":[{"count":1,"href":"https:\/\/futbolhoy.co\/index.php\/wp-json\/wp\/v2\/posts\/80796\/revisions"}],"predecessor-version":[{"id":80798,"href":"https:\/\/futbolhoy.co\/index.php\/wp-json\/wp\/v2\/posts\/80796\/revisions\/80798"}],"wp:featuredmedia":[{"embeddable":true,"href":"https:\/\/futbolhoy.co\/index.php\/wp-json\/wp\/v2\/media\/80797"}],"wp:attachment":[{"href":"https:\/\/futbolhoy.co\/index.php\/wp-json\/wp\/v2\/media?parent=80796"}],"wp:term":[{"taxonomy":"category","embeddable":true,"href":"https:\/\/futbolhoy.co\/index.php\/wp-json\/wp\/v2\/categories?post=80796"},{"taxonomy":"post_tag","embeddable":true,"href":"https:\/\/futbolhoy.co\/index.php\/wp-json\/wp\/v2\/tags?post=80796"}],"curies":[{"name":"wp","href":"https:\/\/api.w.org\/{rel}","templated":true}]}}