{"id":80811,"date":"2022-05-31T11:03:29","date_gmt":"2022-05-31T16:03:29","guid":{"rendered":"https:\/\/futbolhoy.co\/?p=80811"},"modified":"2022-06-01T08:15:29","modified_gmt":"2022-06-01T13:15:29","slug":"ospina-esta-esperando-al-madrid-de-laurentiis","status":"publish","type":"post","link":"https:\/\/futbolhoy.co\/index.php\/2022\/05\/31\/ospina-esta-esperando-al-madrid-de-laurentiis\/","title":{"rendered":"\u201cOspina est\u00e1 esperando al Madrid\u201d, De Laurentiis"},"content":{"rendered":"<p class=\"x_ydpff5fd34aMsoNormal\" style=\"text-align: justify;\"><span style=\"font-family: helvetica, arial, sans-serif;\"><b><span lang=\"ES-MX\">El presidente del Napoli, Aurelio De Laurentiis<\/span><\/b><span lang=\"ES-MX\">, asegur\u00f3 que\u00a0<b>el portero colombiano David Ospina<\/b>\u00a0est\u00e1 esperando que el\u00a0<b>Real Madrid<\/b>\u00a0concrete su ofrecimiento para la pr\u00f3xima temporada, ya que su v\u00ednculo con el club italiano termina el 30 de junio.<\/span><\/span><\/p>\n<p class=\"x_ydpff5fd34aMsoNormal\" style=\"text-align: justify;\"><span lang=\"ES-MX\" style=\"font-family: helvetica, arial, sans-serif;\">\u00abOspina est\u00e1 a la espera de si el Real Madrid va en serio o decide mantener a\u00a0<b>Andriy Lunin<\/b>. Estamos con la convicci\u00f3n de que no encontrar\u00e1 ofertas que satisfagan sus exigencias: un salario de 3 millones con una rica prima de fichaje\u00bb, manifest\u00f3 el dirigente a la\u00a0<i>Corriere Mezzogiorno.<\/i><\/span><\/p>\n<p class=\"x_ydpff5fd34aMsoNormal\" style=\"text-align: justify;\"><span lang=\"ES-MX\" style=\"font-family: helvetica, arial, sans-serif;\">Ospina, a sus 33 a\u00f1os, tiene la posibilidad de llegar al campe\u00f3n de\u00a0<b>Europa<\/b>\u00a0bajo las \u00f3rdenes del t\u00e9cnico\u00a0<b>Carlo Ancelotti,<\/b>\u00a0quien ya lo tuvo a su cargo en la\u00a0<b>Serie A<\/b>\u00a0entre 2018 y 2020.<\/span><\/p>\n<p class=\"x_ydpff5fd34aMsoNormal\" style=\"text-align: justify;\"><span lang=\"ES-MX\" style=\"font-family: helvetica, arial, sans-serif;\">En el \u00faltimo a\u00f1o de competencia, el antioque\u00f1o disput\u00f3 33 partidos.<\/span><\/p>\n","protected":false},"excerpt":{"rendered":"<p>El presidente del Napoli, Aurelio De Laurentiis, asegur\u00f3 que\u00a0el portero colombiano David Ospina\u00a0est\u00e1 esperando que el\u00a0Real Madrid\u00a0concrete su ofrecimiento para la pr\u00f3xima temporada, ya que su v\u00ednculo con el club italiano termina el 30 de junio. \u00abOspina est\u00e1 a la espera de si el Real Madrid va en serio o decide mantener a\u00a0Andriy Lunin. Estamos [&hellip;]<\/p>\n","protected":false},"author":5,"featured_media":80812,"comment_status":"open","ping_status":"closed","sticky":false,"template":"","format":"standard","meta":{"_acf_changed":false,"footnotes":""},"categories":[418],"tags":[],"class_list":{"0":"post-80811","1":"post","2":"type-post","3":"status-publish","4":"format-standard","5":"has-post-thumbnail","7":"category-colombia"},"acf":[],"_links":{"self":[{"href":"https:\/\/futbolhoy.co\/index.php\/wp-json\/wp\/v2\/posts\/80811","targetHints":{"allow":["GET"]}}],"collection":[{"href":"https:\/\/futbolhoy.co\/index.php\/wp-json\/wp\/v2\/posts"}],"about":[{"href":"https:\/\/futbolhoy.co\/index.php\/wp-json\/wp\/v2\/types\/post"}],"author":[{"embeddable":true,"href":"https:\/\/futbolhoy.co\/index.php\/wp-json\/wp\/v2\/users\/5"}],"replies":[{"embeddable":true,"href":"https:\/\/futbolhoy.co\/index.php\/wp-json\/wp\/v2\/comments?post=80811"}],"version-history":[{"count":1,"href":"https:\/\/futbolhoy.co\/index.php\/wp-json\/wp\/v2\/posts\/80811\/revisions"}],"predecessor-version":[{"id":80813,"href":"https:\/\/futbolhoy.co\/index.php\/wp-json\/wp\/v2\/posts\/80811\/revisions\/80813"}],"wp:featuredmedia":[{"embeddable":true,"href":"https:\/\/futbolhoy.co\/index.php\/wp-json\/wp\/v2\/media\/80812"}],"wp:attachment":[{"href":"https:\/\/futbolhoy.co\/index.php\/wp-json\/wp\/v2\/media?parent=80811"}],"wp:term":[{"taxonomy":"category","embeddable":true,"href":"https:\/\/futbolhoy.co\/index.php\/wp-json\/wp\/v2\/categories?post=80811"},{"taxonomy":"post_tag","embeddable":true,"href":"https:\/\/futbolhoy.co\/index.php\/wp-json\/wp\/v2\/tags?post=80811"}],"curies":[{"name":"wp","href":"https:\/\/api.w.org\/{rel}","templated":true}]}}