{"id":80817,"date":"2022-05-31T16:54:13","date_gmt":"2022-05-31T21:54:13","guid":{"rendered":"https:\/\/futbolhoy.co\/?p=80817"},"modified":"2022-06-01T08:53:45","modified_gmt":"2022-06-01T13:53:45","slug":"volante-cardenal-citado-a-la-seleccion","status":"publish","type":"post","link":"https:\/\/futbolhoy.co\/index.php\/2022\/05\/31\/volante-cardenal-citado-a-la-seleccion\/","title":{"rendered":"Volante cardenal citado a la selecci\u00f3n"},"content":{"rendered":"<p style=\"text-align: justify;\"><span style=\"font-family: helvetica, arial, sans-serif;\">El volante tolimense, <strong>Juan Sebasti\u00e1n Pedroza<\/strong>, fue convocado a la <strong>selecci\u00f3n Colombia<\/strong>, que se alista para disputar un amistoso frente a <strong>Arabia Saudita<\/strong>\u00a0en Espa\u00f1a.<\/span><\/p>\n<p style=\"text-align: justify;\"><span style=\"font-family: helvetica, arial, sans-serif;\">Pedroza, quien integra el plantel profesional de <strong>Santa Fe,<\/strong> recibi\u00f3 su primer llamado al equipo nacional, que en esta oportunidad maneja <strong>H\u00e9ctor C\u00e1rdenas.<\/strong><\/span><\/p>\n<p style=\"text-align: justify;\"><span style=\"font-family: helvetica, arial, sans-serif;\">El jugador, de 23 a\u00f1os y quien se inici\u00f3 profesionalmente en el equipo cardenal, ha participado en 17 encuentros durante esta temporada de <strong>Liga BetPlay Dimayor I 2022.<\/strong><\/span><\/p>\n<p style=\"text-align: justify;\"><span style=\"font-family: helvetica, arial, sans-serif;\"><strong>Juan Sebasti\u00e1n,<\/strong> que sustituir\u00e1 al lesionado <strong>Luis Sinisterra,<\/strong> viajar\u00e1 este mi\u00e9rcoles con el resto del plantel a <strong>Murcia,<\/strong> donde el domingo 5 de julio se disputar\u00e1 el partido ante la selecci\u00f3n del Medio Oriente.<\/span><\/p>\n","protected":false},"excerpt":{"rendered":"<p>El volante tolimense, Juan Sebasti\u00e1n Pedroza, fue convocado a la selecci\u00f3n Colombia, que se alista para disputar un amistoso frente a Arabia Saudita\u00a0en Espa\u00f1a. Pedroza, quien integra el plantel profesional de Santa Fe, recibi\u00f3 su primer llamado al equipo nacional, que en esta oportunidad maneja H\u00e9ctor C\u00e1rdenas. El jugador, de 23 a\u00f1os y quien se [&hellip;]<\/p>\n","protected":false},"author":5,"featured_media":80818,"comment_status":"open","ping_status":"closed","sticky":false,"template":"","format":"standard","meta":{"_acf_changed":false,"footnotes":""},"categories":[418],"tags":[],"class_list":{"0":"post-80817","1":"post","2":"type-post","3":"status-publish","4":"format-standard","5":"has-post-thumbnail","7":"category-colombia"},"acf":[],"_links":{"self":[{"href":"https:\/\/futbolhoy.co\/index.php\/wp-json\/wp\/v2\/posts\/80817","targetHints":{"allow":["GET"]}}],"collection":[{"href":"https:\/\/futbolhoy.co\/index.php\/wp-json\/wp\/v2\/posts"}],"about":[{"href":"https:\/\/futbolhoy.co\/index.php\/wp-json\/wp\/v2\/types\/post"}],"author":[{"embeddable":true,"href":"https:\/\/futbolhoy.co\/index.php\/wp-json\/wp\/v2\/users\/5"}],"replies":[{"embeddable":true,"href":"https:\/\/futbolhoy.co\/index.php\/wp-json\/wp\/v2\/comments?post=80817"}],"version-history":[{"count":2,"href":"https:\/\/futbolhoy.co\/index.php\/wp-json\/wp\/v2\/posts\/80817\/revisions"}],"predecessor-version":[{"id":80820,"href":"https:\/\/futbolhoy.co\/index.php\/wp-json\/wp\/v2\/posts\/80817\/revisions\/80820"}],"wp:featuredmedia":[{"embeddable":true,"href":"https:\/\/futbolhoy.co\/index.php\/wp-json\/wp\/v2\/media\/80818"}],"wp:attachment":[{"href":"https:\/\/futbolhoy.co\/index.php\/wp-json\/wp\/v2\/media?parent=80817"}],"wp:term":[{"taxonomy":"category","embeddable":true,"href":"https:\/\/futbolhoy.co\/index.php\/wp-json\/wp\/v2\/categories?post=80817"},{"taxonomy":"post_tag","embeddable":true,"href":"https:\/\/futbolhoy.co\/index.php\/wp-json\/wp\/v2\/tags?post=80817"}],"curies":[{"name":"wp","href":"https:\/\/api.w.org\/{rel}","templated":true}]}}