{"id":80937,"date":"2022-06-04T08:23:33","date_gmt":"2022-06-04T13:23:33","guid":{"rendered":"https:\/\/futbolhoy.co\/?p=80937"},"modified":"2022-06-04T22:00:18","modified_gmt":"2022-06-05T03:00:18","slug":"tevez-oficializo-su-retiro","status":"publish","type":"post","link":"https:\/\/futbolhoy.co\/index.php\/2022\/06\/04\/tevez-oficializo-su-retiro\/","title":{"rendered":"T\u00e9vez oficializ\u00f3 su retiro"},"content":{"rendered":"<!--[if lt IE 9]><script>document.createElement('audio');<\/script><![endif]-->\n<audio class=\"wp-audio-shortcode\" id=\"audio-80937-1\" preload=\"none\" style=\"width: 100%;\" controls=\"controls\"><source type=\"audio\/mpeg\" src=\"https:\/\/futbolhoy.co\/wp-content\/uploads\/2022\/06\/FH-TEVEZ2022-06-04.mp3?_=1\" \/><a href=\"https:\/\/futbolhoy.co\/wp-content\/uploads\/2022\/06\/FH-TEVEZ2022-06-04.mp3\">https:\/\/futbolhoy.co\/wp-content\/uploads\/2022\/06\/FH-TEVEZ2022-06-04.mp3<\/a><\/audio>\n<p style=\"text-align: justify;\"><span style=\"font-size: 10pt;\"><strong><em><span style=\"font-family: helvetica, arial, sans-serif;\">Carlos T\u00e9vez - Ex jugador de f\u00fatbol, Cortes\u00eda America TV\u00a0<\/span><\/em><\/strong><\/span><\/p>\n<p style=\"text-align: justify;\"><span style=\"font-family: helvetica, arial, sans-serif;\"><strong>Carlos \u2018El Apache\u2019 T\u00e9vez<\/strong>, despu\u00e9s de haber puesto una pausa a su carrera desde mayo de 2021, anunci\u00f3 su retiro definitivo del f\u00fatbol.<\/span><\/p>\n<p style=\"text-align: justify;\"><span style=\"font-family: helvetica, arial, sans-serif;\">\u201cSiempre me preguntaban por la raz\u00f3n que dej\u00e9 de jugar y un d\u00eda respond\u00ed: porque perd\u00ed a mi fan n\u00famero uno (su padre falleci\u00f3 en febrero del 2021). Hubo un silencio. Ten\u00eda ocho a\u00f1os y quien ven\u00eda a verme a las canchas era \u00e9l. \u00bfPara qu\u00e9 m\u00e1s? Entonces, me levant\u00e9 y dije que ya no juego m\u00e1s. Fue la \u00fanica vez que pens\u00e9 en m\u00ed. Ya estoy retirado, est\u00e1 confirmado\u201d, sostuvo T\u00e9vez en una entrevista con Am\u00e9rica TV en Buenos Aires.<\/span><\/p>\n<p style=\"text-align: justify;\"><span style=\"font-family: helvetica, arial, sans-serif;\">\u201cEl \u00faltimo a\u00f1o m\u00edo jugando fue muy duro porque \u00e9l ten\u00eda muerte cerebral. Yo me levanto un d\u00eda y le digo a Vane (su esposa): 'No juego m\u00e1s' (\u2026) Como jugador, ya d\u00ed todo lo que ten\u00eda. Dentro de mi coraz\u00f3n, lo d\u00ed todo, y eso me deja tranquilo. Todo estaba ah\u00ed, en veremos. Me ofrecieron muchas cosas. Ten\u00eda oferta en Estados Unidos, pero era un cambio muy importante para mi familia. En Argentina tambi\u00e9n hubo propuestas en un mont\u00f3n de lados\u2026 pero ya est\u00e1\u201d, insisti\u00f3 el exfutbolista de <strong>Boca Juniors, Corinthians, West Han, Manchester United, Manchester City, Juventus y Shanghai Shenhua<\/strong>.<\/span><\/p>\n<p style=\"text-align: justify;\"><span style=\"font-family: helvetica, arial, sans-serif;\">Con respecto a su futuro, precis\u00f3 que est\u00e1 entusiasmado en convertirme en entrenador.<\/span><\/p>\n<p style=\"text-align: justify;\"><span style=\"font-family: helvetica, arial, sans-serif;\"><strong>Tevez,<\/strong> con 30 t\u00edtulos, es el cuarto jugador argentino m\u00e1s laureado de la historia despu\u00e9s de <strong>Lionel Messi (40), \u00c1ngel Di Mar\u00eda (32) y Luis \u2018Lucho\u2019 Gonz\u00e1lez (31).<\/strong><\/span><\/p>\n","protected":false},"excerpt":{"rendered":"<p>Carlos T\u00e9vez - Ex jugador de f\u00fatbol, Cortes\u00eda America TV\u00a0 Carlos \u2018El Apache\u2019 T\u00e9vez, despu\u00e9s de haber puesto una pausa a su carrera desde mayo de 2021, anunci\u00f3 su retiro definitivo del f\u00fatbol. \u201cSiempre me preguntaban por la raz\u00f3n que dej\u00e9 de jugar y un d\u00eda respond\u00ed: porque perd\u00ed a mi fan n\u00famero uno (su [&hellip;]<\/p>\n","protected":false},"author":5,"featured_media":80940,"comment_status":"open","ping_status":"open","sticky":false,"template":"","format":"video","meta":{"_acf_changed":false,"footnotes":""},"categories":[152],"tags":[],"class_list":{"0":"post-80937","1":"post","2":"type-post","3":"status-publish","4":"format-video","5":"has-post-thumbnail","7":"category-mundo-futbol","8":"post_format-post-format-video"},"acf":[],"yoast_head":"<!-- This site is optimized with the Yoast SEO plugin v26.8 - https:\/\/yoast.com\/product\/yoast-seo-wordpress\/ -->\n<title>T\u00e9vez oficializ\u00f3 su retiro -<\/title>\n<meta name=\"robots\" content=\"index, follow, max-snippet:-1, max-image-preview:large, max-video-preview:-1\" \/>\n<link rel=\"canonical\" href=\"https:\/\/futbolhoy.co\/index.php\/2022\/06\/04\/tevez-oficializo-su-retiro\/\" \/>\n<meta property=\"og:locale\" content=\"es_ES\" \/>\n<meta property=\"og:type\" content=\"article\" \/>\n<meta property=\"og:title\" content=\"T\u00e9vez oficializ\u00f3 su retiro -\" \/>\n<meta property=\"og:description\" content=\"Carlos T\u00e9vez - Ex jugador de f\u00fatbol, Cortes\u00eda America TV\u00a0 Carlos \u2018El Apache\u2019 T\u00e9vez, despu\u00e9s de haber puesto una pausa a su carrera desde mayo de 2021, anunci\u00f3 su retiro definitivo del f\u00fatbol. \u201cSiempre me preguntaban por la raz\u00f3n que dej\u00e9 de jugar y un d\u00eda respond\u00ed: porque perd\u00ed a mi fan n\u00famero uno (su [&hellip;]\" \/>\n<meta property=\"og:url\" content=\"https:\/\/futbolhoy.co\/index.php\/2022\/06\/04\/tevez-oficializo-su-retiro\/\" \/>\n<meta property=\"article:publisher\" content=\"https:\/\/www.facebook.com\/FutbolHoyCol\/\" \/>\n<meta property=\"article:published_time\" content=\"2022-06-04T13:23:33+00:00\" \/>\n<meta property=\"article:modified_time\" content=\"2022-06-05T03:00:18+00:00\" \/>\n<meta property=\"og:image\" content=\"https:\/\/futbolhoy.co\/wp-content\/uploads\/2022\/06\/20220604_082213.jpg\" \/>\n\t<meta property=\"og:image:width\" content=\"1196\" \/>\n\t<meta property=\"og:image:height\" content=\"810\" \/>\n\t<meta property=\"og:image:type\" content=\"image\/jpeg\" \/>\n<meta name=\"author\" content=\"Laura Hern\u00e1ndez\" \/>\n<meta name=\"twitter:card\" content=\"summary_large_image\" \/>\n<meta name=\"twitter:creator\" content=\"@FutbolHoyCol\" \/>\n<meta name=\"twitter:site\" content=\"@FutbolHoyCol\" \/>\n<meta name=\"twitter:label1\" content=\"Escrito por\" \/>\n\t<meta name=\"twitter:data1\" content=\"Laura Hern\u00e1ndez\" \/>\n\t<meta name=\"twitter:label2\" content=\"Tiempo de lectura\" \/>\n\t<meta name=\"twitter:data2\" content=\"2 minutos\" \/>\n<script type=\"application\/ld+json\" class=\"yoast-schema-graph\">{\"@context\":\"https:\/\/schema.org\",\"@graph\":[{\"@type\":\"Article\",\"@id\":\"https:\/\/futbolhoy.co\/index.php\/2022\/06\/04\/tevez-oficializo-su-retiro\/#article\",\"isPartOf\":{\"@id\":\"https:\/\/futbolhoy.co\/index.php\/2022\/06\/04\/tevez-oficializo-su-retiro\/\"},\"author\":{\"name\":\"Laura Hern\u00e1ndez\",\"@id\":\"https:\/\/futbolhoy.co\/#\/schema\/person\/c4a353a512b127643723a34bb1812f7d\"},\"headline\":\"T\u00e9vez oficializ\u00f3 su retiro\",\"datePublished\":\"2022-06-04T13:23:33+00:00\",\"dateModified\":\"2022-06-05T03:00:18+00:00\",\"mainEntityOfPage\":{\"@id\":\"https:\/\/futbolhoy.co\/index.php\/2022\/06\/04\/tevez-oficializo-su-retiro\/\"},\"wordCount\":298,\"commentCount\":0,\"publisher\":{\"@id\":\"https:\/\/futbolhoy.co\/#organization\"},\"image\":{\"@id\":\"https:\/\/futbolhoy.co\/index.php\/2022\/06\/04\/tevez-oficializo-su-retiro\/#primaryimage\"},\"thumbnailUrl\":\"https:\/\/futbolhoy.co\/wp-content\/uploads\/2022\/06\/20220604_082213.jpg\",\"articleSection\":[\"Mundo Futbol\"],\"inLanguage\":\"es\",\"potentialAction\":[{\"@type\":\"CommentAction\",\"name\":\"Comment\",\"target\":[\"https:\/\/futbolhoy.co\/index.php\/2022\/06\/04\/tevez-oficializo-su-retiro\/#respond\"]}]},{\"@type\":\"WebPage\",\"@id\":\"https:\/\/futbolhoy.co\/index.php\/2022\/06\/04\/tevez-oficializo-su-retiro\/\",\"url\":\"https:\/\/futbolhoy.co\/index.php\/2022\/06\/04\/tevez-oficializo-su-retiro\/\",\"name\":\"T\u00e9vez oficializ\u00f3 su retiro -\",\"isPartOf\":{\"@id\":\"https:\/\/futbolhoy.co\/#website\"},\"primaryImageOfPage\":{\"@id\":\"https:\/\/futbolhoy.co\/index.php\/2022\/06\/04\/tevez-oficializo-su-retiro\/#primaryimage\"},\"image\":{\"@id\":\"https:\/\/futbolhoy.co\/index.php\/2022\/06\/04\/tevez-oficializo-su-retiro\/#primaryimage\"},\"thumbnailUrl\":\"https:\/\/futbolhoy.co\/wp-content\/uploads\/2022\/06\/20220604_082213.jpg\",\"datePublished\":\"2022-06-04T13:23:33+00:00\",\"dateModified\":\"2022-06-05T03:00:18+00:00\",\"breadcrumb\":{\"@id\":\"https:\/\/futbolhoy.co\/index.php\/2022\/06\/04\/tevez-oficializo-su-retiro\/#breadcrumb\"},\"inLanguage\":\"es\",\"potentialAction\":[{\"@type\":\"ReadAction\",\"target\":[\"https:\/\/futbolhoy.co\/index.php\/2022\/06\/04\/tevez-oficializo-su-retiro\/\"]}]},{\"@type\":\"ImageObject\",\"inLanguage\":\"es\",\"@id\":\"https:\/\/futbolhoy.co\/index.php\/2022\/06\/04\/tevez-oficializo-su-retiro\/#primaryimage\",\"url\":\"https:\/\/futbolhoy.co\/wp-content\/uploads\/2022\/06\/20220604_082213.jpg\",\"contentUrl\":\"https:\/\/futbolhoy.co\/wp-content\/uploads\/2022\/06\/20220604_082213.jpg\",\"width\":1196,\"height\":810},{\"@type\":\"BreadcrumbList\",\"@id\":\"https:\/\/futbolhoy.co\/index.php\/2022\/06\/04\/tevez-oficializo-su-retiro\/#breadcrumb\",\"itemListElement\":[{\"@type\":\"ListItem\",\"position\":1,\"name\":\"Portada\",\"item\":\"https:\/\/futbolhoy.co\/\"},{\"@type\":\"ListItem\",\"position\":2,\"name\":\"T\u00e9vez oficializ\u00f3 su retiro\"}]},{\"@type\":\"WebSite\",\"@id\":\"https:\/\/futbolhoy.co\/#website\",\"url\":\"https:\/\/futbolhoy.co\/\",\"name\":\"FutbolHoy\",\"description\":\"\",\"publisher\":{\"@id\":\"https:\/\/futbolhoy.co\/#organization\"},\"potentialAction\":[{\"@type\":\"SearchAction\",\"target\":{\"@type\":\"EntryPoint\",\"urlTemplate\":\"https:\/\/futbolhoy.co\/?s={search_term_string}\"},\"query-input\":{\"@type\":\"PropertyValueSpecification\",\"valueRequired\":true,\"valueName\":\"search_term_string\"}}],\"inLanguage\":\"es\"},{\"@type\":\"Organization\",\"@id\":\"https:\/\/futbolhoy.co\/#organization\",\"name\":\"Futbolhoy.co\",\"url\":\"https:\/\/futbolhoy.co\/\",\"logo\":{\"@type\":\"ImageObject\",\"inLanguage\":\"es\",\"@id\":\"https:\/\/futbolhoy.co\/#\/schema\/logo\/image\/\",\"url\":\"https:\/\/futbolhoy.co\/wp-content\/uploads\/2018\/08\/17426380_1906371736249227_6326180412931521141_n.jpg\",\"contentUrl\":\"https:\/\/futbolhoy.co\/wp-content\/uploads\/2018\/08\/17426380_1906371736249227_6326180412931521141_n.jpg\",\"width\":960,\"height\":960,\"caption\":\"Futbolhoy.co\"},\"image\":{\"@id\":\"https:\/\/futbolhoy.co\/#\/schema\/logo\/image\/\"},\"sameAs\":[\"https:\/\/www.facebook.com\/FutbolHoyCol\/\",\"https:\/\/x.com\/FutbolHoyCol\",\"https:\/\/www.instagram.com\/futbolhoycol\/\"]},{\"@type\":\"Person\",\"@id\":\"https:\/\/futbolhoy.co\/#\/schema\/person\/c4a353a512b127643723a34bb1812f7d\",\"name\":\"Laura Hern\u00e1ndez\",\"image\":{\"@type\":\"ImageObject\",\"inLanguage\":\"es\",\"@id\":\"https:\/\/futbolhoy.co\/#\/schema\/person\/image\/\",\"url\":\"https:\/\/secure.gravatar.com\/avatar\/d25959a15b9b293a743f99181c7cfd01?s=96&d=mm&r=g\",\"contentUrl\":\"https:\/\/secure.gravatar.com\/avatar\/d25959a15b9b293a743f99181c7cfd01?s=96&d=mm&r=g\",\"caption\":\"Laura Hern\u00e1ndez\"}}]}<\/script>\n<!-- \/ Yoast SEO plugin. -->","yoast_head_json":{"title":"T\u00e9vez oficializ\u00f3 su retiro -","robots":{"index":"index","follow":"follow","max-snippet":"max-snippet:-1","max-image-preview":"max-image-preview:large","max-video-preview":"max-video-preview:-1"},"canonical":"https:\/\/futbolhoy.co\/index.php\/2022\/06\/04\/tevez-oficializo-su-retiro\/","og_locale":"es_ES","og_type":"article","og_title":"T\u00e9vez oficializ\u00f3 su retiro -","og_description":"Carlos T\u00e9vez - Ex jugador de f\u00fatbol, Cortes\u00eda America TV\u00a0 Carlos \u2018El Apache\u2019 T\u00e9vez, despu\u00e9s de haber puesto una pausa a su carrera desde mayo de 2021, anunci\u00f3 su retiro definitivo del f\u00fatbol. \u201cSiempre me preguntaban por la raz\u00f3n que dej\u00e9 de jugar y un d\u00eda respond\u00ed: porque perd\u00ed a mi fan n\u00famero uno (su [&hellip;]","og_url":"https:\/\/futbolhoy.co\/index.php\/2022\/06\/04\/tevez-oficializo-su-retiro\/","article_publisher":"https:\/\/www.facebook.com\/FutbolHoyCol\/","article_published_time":"2022-06-04T13:23:33+00:00","article_modified_time":"2022-06-05T03:00:18+00:00","og_image":[{"width":1196,"height":810,"url":"https:\/\/futbolhoy.co\/wp-content\/uploads\/2022\/06\/20220604_082213.jpg","type":"image\/jpeg"}],"author":"Laura Hern\u00e1ndez","twitter_card":"summary_large_image","twitter_creator":"@FutbolHoyCol","twitter_site":"@FutbolHoyCol","twitter_misc":{"Escrito por":"Laura Hern\u00e1ndez","Tiempo de lectura":"2 minutos"},"schema":{"@context":"https:\/\/schema.org","@graph":[{"@type":"Article","@id":"https:\/\/futbolhoy.co\/index.php\/2022\/06\/04\/tevez-oficializo-su-retiro\/#article","isPartOf":{"@id":"https:\/\/futbolhoy.co\/index.php\/2022\/06\/04\/tevez-oficializo-su-retiro\/"},"author":{"name":"Laura Hern\u00e1ndez","@id":"https:\/\/futbolhoy.co\/#\/schema\/person\/c4a353a512b127643723a34bb1812f7d"},"headline":"T\u00e9vez oficializ\u00f3 su retiro","datePublished":"2022-06-04T13:23:33+00:00","dateModified":"2022-06-05T03:00:18+00:00","mainEntityOfPage":{"@id":"https:\/\/futbolhoy.co\/index.php\/2022\/06\/04\/tevez-oficializo-su-retiro\/"},"wordCount":298,"commentCount":0,"publisher":{"@id":"https:\/\/futbolhoy.co\/#organization"},"image":{"@id":"https:\/\/futbolhoy.co\/index.php\/2022\/06\/04\/tevez-oficializo-su-retiro\/#primaryimage"},"thumbnailUrl":"https:\/\/futbolhoy.co\/wp-content\/uploads\/2022\/06\/20220604_082213.jpg","articleSection":["Mundo Futbol"],"inLanguage":"es","potentialAction":[{"@type":"CommentAction","name":"Comment","target":["https:\/\/futbolhoy.co\/index.php\/2022\/06\/04\/tevez-oficializo-su-retiro\/#respond"]}]},{"@type":"WebPage","@id":"https:\/\/futbolhoy.co\/index.php\/2022\/06\/04\/tevez-oficializo-su-retiro\/","url":"https:\/\/futbolhoy.co\/index.php\/2022\/06\/04\/tevez-oficializo-su-retiro\/","name":"T\u00e9vez oficializ\u00f3 su retiro -","isPartOf":{"@id":"https:\/\/futbolhoy.co\/#website"},"primaryImageOfPage":{"@id":"https:\/\/futbolhoy.co\/index.php\/2022\/06\/04\/tevez-oficializo-su-retiro\/#primaryimage"},"image":{"@id":"https:\/\/futbolhoy.co\/index.php\/2022\/06\/04\/tevez-oficializo-su-retiro\/#primaryimage"},"thumbnailUrl":"https:\/\/futbolhoy.co\/wp-content\/uploads\/2022\/06\/20220604_082213.jpg","datePublished":"2022-06-04T13:23:33+00:00","dateModified":"2022-06-05T03:00:18+00:00","breadcrumb":{"@id":"https:\/\/futbolhoy.co\/index.php\/2022\/06\/04\/tevez-oficializo-su-retiro\/#breadcrumb"},"inLanguage":"es","potentialAction":[{"@type":"ReadAction","target":["https:\/\/futbolhoy.co\/index.php\/2022\/06\/04\/tevez-oficializo-su-retiro\/"]}]},{"@type":"ImageObject","inLanguage":"es","@id":"https:\/\/futbolhoy.co\/index.php\/2022\/06\/04\/tevez-oficializo-su-retiro\/#primaryimage","url":"https:\/\/futbolhoy.co\/wp-content\/uploads\/2022\/06\/20220604_082213.jpg","contentUrl":"https:\/\/futbolhoy.co\/wp-content\/uploads\/2022\/06\/20220604_082213.jpg","width":1196,"height":810},{"@type":"BreadcrumbList","@id":"https:\/\/futbolhoy.co\/index.php\/2022\/06\/04\/tevez-oficializo-su-retiro\/#breadcrumb","itemListElement":[{"@type":"ListItem","position":1,"name":"Portada","item":"https:\/\/futbolhoy.co\/"},{"@type":"ListItem","position":2,"name":"T\u00e9vez oficializ\u00f3 su retiro"}]},{"@type":"WebSite","@id":"https:\/\/futbolhoy.co\/#website","url":"https:\/\/futbolhoy.co\/","name":"FutbolHoy","description":"","publisher":{"@id":"https:\/\/futbolhoy.co\/#organization"},"potentialAction":[{"@type":"SearchAction","target":{"@type":"EntryPoint","urlTemplate":"https:\/\/futbolhoy.co\/?s={search_term_string}"},"query-input":{"@type":"PropertyValueSpecification","valueRequired":true,"valueName":"search_term_string"}}],"inLanguage":"es"},{"@type":"Organization","@id":"https:\/\/futbolhoy.co\/#organization","name":"Futbolhoy.co","url":"https:\/\/futbolhoy.co\/","logo":{"@type":"ImageObject","inLanguage":"es","@id":"https:\/\/futbolhoy.co\/#\/schema\/logo\/image\/","url":"https:\/\/futbolhoy.co\/wp-content\/uploads\/2018\/08\/17426380_1906371736249227_6326180412931521141_n.jpg","contentUrl":"https:\/\/futbolhoy.co\/wp-content\/uploads\/2018\/08\/17426380_1906371736249227_6326180412931521141_n.jpg","width":960,"height":960,"caption":"Futbolhoy.co"},"image":{"@id":"https:\/\/futbolhoy.co\/#\/schema\/logo\/image\/"},"sameAs":["https:\/\/www.facebook.com\/FutbolHoyCol\/","https:\/\/x.com\/FutbolHoyCol","https:\/\/www.instagram.com\/futbolhoycol\/"]},{"@type":"Person","@id":"https:\/\/futbolhoy.co\/#\/schema\/person\/c4a353a512b127643723a34bb1812f7d","name":"Laura Hern\u00e1ndez","image":{"@type":"ImageObject","inLanguage":"es","@id":"https:\/\/futbolhoy.co\/#\/schema\/person\/image\/","url":"https:\/\/secure.gravatar.com\/avatar\/d25959a15b9b293a743f99181c7cfd01?s=96&d=mm&r=g","contentUrl":"https:\/\/secure.gravatar.com\/avatar\/d25959a15b9b293a743f99181c7cfd01?s=96&d=mm&r=g","caption":"Laura Hern\u00e1ndez"}}]}},"publishpress_future_action":{"enabled":false,"date":"2026-05-03 11:44:55","action":"change-status","newStatus":"draft","terms":[],"taxonomy":"category","extraData":[]},"publishpress_future_workflow_manual_trigger":{"enabledWorkflows":[]},"_links":{"self":[{"href":"https:\/\/futbolhoy.co\/index.php\/wp-json\/wp\/v2\/posts\/80937","targetHints":{"allow":["GET"]}}],"collection":[{"href":"https:\/\/futbolhoy.co\/index.php\/wp-json\/wp\/v2\/posts"}],"about":[{"href":"https:\/\/futbolhoy.co\/index.php\/wp-json\/wp\/v2\/types\/post"}],"author":[{"embeddable":true,"href":"https:\/\/futbolhoy.co\/index.php\/wp-json\/wp\/v2\/users\/5"}],"replies":[{"embeddable":true,"href":"https:\/\/futbolhoy.co\/index.php\/wp-json\/wp\/v2\/comments?post=80937"}],"version-history":[{"count":1,"href":"https:\/\/futbolhoy.co\/index.php\/wp-json\/wp\/v2\/posts\/80937\/revisions"}],"predecessor-version":[{"id":80941,"href":"https:\/\/futbolhoy.co\/index.php\/wp-json\/wp\/v2\/posts\/80937\/revisions\/80941"}],"wp:featuredmedia":[{"embeddable":true,"href":"https:\/\/futbolhoy.co\/index.php\/wp-json\/wp\/v2\/media\/80940"}],"wp:attachment":[{"href":"https:\/\/futbolhoy.co\/index.php\/wp-json\/wp\/v2\/media?parent=80937"}],"wp:term":[{"taxonomy":"category","embeddable":true,"href":"https:\/\/futbolhoy.co\/index.php\/wp-json\/wp\/v2\/categories?post=80937"},{"taxonomy":"post_tag","embeddable":true,"href":"https:\/\/futbolhoy.co\/index.php\/wp-json\/wp\/v2\/tags?post=80937"}],"curies":[{"name":"wp","href":"https:\/\/api.w.org\/{rel}","templated":true}]}}