{"id":80949,"date":"2022-06-04T11:05:19","date_gmt":"2022-06-04T16:05:19","guid":{"rendered":"https:\/\/futbolhoy.co\/?p=80949"},"modified":"2022-06-05T08:08:05","modified_gmt":"2022-06-05T13:08:05","slug":"este-partido-nos-permite-evaluar-jugadores-cardenas","status":"publish","type":"post","link":"https:\/\/futbolhoy.co\/index.php\/2022\/06\/04\/este-partido-nos-permite-evaluar-jugadores-cardenas\/","title":{"rendered":"\"Este partido nos permite evaluar jugadores: C\u00e1rdenas"},"content":{"rendered":"<p style=\"text-align: justify;\"><span style=\"font-family: helvetica, arial, sans-serif;\">CUERPO T\u00c9CNICO\u00a0<\/span><\/p>\n<p style=\"text-align: justify;\"><span style=\"font-family: helvetica, arial, sans-serif;\">\"Con Amaranto siempre ha existido la relaci\u00f3n. La reuni\u00f3n que tuvimos fue sobre unificar conceptos y criterios bajo un marco de conocimiento y las capacidades que tiene \u00e9l\".<\/span><\/p>\n<div class=\"css-1dbjc4n r-1awozwy r-1x2qdy1 r-18kxxzh r-1rq6c10\" style=\"text-align: justify;\">\n<div class=\"css-1dbjc4n r-18kxxzh r-1wbh5a2 r-13qz1uu\">\n<div class=\"css-1dbjc4n r-1wbh5a2 r-dnmrzs\">\n<div id=\"id__iqir683l8xp\" class=\"css-1dbjc4n r-1adg3ll r-195d4m8 r-bztko3\">\n<div class=\"r-1p0dtai r-1pi2tsx r-1d2f490 r-u8s1d r-ipm5af r-13qz1uu\">\n<div class=\"css-1dbjc4n r-1adg3ll r-1pi2tsx r-1wyvozj r-bztko3 r-u8s1d r-1v2oles r-desppf r-13qz1uu\">\n<div class=\"r-1p0dtai r-1pi2tsx r-1d2f490 r-u8s1d r-ipm5af r-13qz1uu\">\n<div class=\"css-1dbjc4n r-sdzlij r-ggadg3 r-1udh08x r-u8s1d r-8jfcpp\">\n<div class=\"css-1dbjc4n r-sdzlij r-1wyvozj r-1udh08x r-633pao r-u8s1d r-1v2oles r-desppf\">\n<div class=\"css-1dbjc4n r-14lw9ot r-1pi2tsx r-13qz1uu\"><span style=\"font-family: helvetica, arial, sans-serif;\">\"Creo que la llegada siempre va a ser con expectativa, es un trabajo que se hace desde el primer d\u00eda de la convocatoria, todos esperan mucho, algunos han tenido la oportunidad de conocer y estar con este cuerpo t\u00e9cnico (Llegada de N\u00e9stor Lorenzo)\"<\/span><\/div>\n<div><\/div>\n<div><\/div>\n<\/div>\n<\/div>\n<\/div>\n<\/div>\n<\/div>\n<\/div>\n<\/div>\n<\/div>\n<\/div>\n<p style=\"text-align: justify;\"><span style=\"font-family: helvetica, arial, sans-serif;\">PARTIDO ARABIA<\/span><\/p>\n<p style=\"text-align: justify;\"><span style=\"font-family: helvetica, arial, sans-serif;\">\"El partido se viene trabajando hace m\u00e1s de un mes. Este tipo de partido nos permite evaluar otros jugadores que por diversos motivos no han podido llegar\".<\/span><\/p>\n<p style=\"text-align: justify;\"><span style=\"font-family: helvetica, arial, sans-serif;\">\"Arabia es uno de los equipos que lider\u00f3 la clasificatoria, un equipo muy compacto que presiona de forma colectiva. Tiene jugadores que destacan y son referentes, usan mucho lo ancho del terreno de juego. Tienen un gran finalizador y generan presi\u00f3n en las bandas\"<\/span><\/p>\n<p style=\"text-align: justify;\"><span style=\"font-family: helvetica, arial, sans-serif;\">PROCESO<\/span><\/p>\n<p style=\"text-align: justify;\"><span style=\"font-family: helvetica, arial, sans-serif;\">\"Esta experiencia es muy importante para mi, no hubiera sido tan f\u00e1cil sin el conocimiento previo, estar con Carlos Queiroz y Reinaldo Rueda\".<\/span><\/p>\n<p style=\"text-align: justify;\"><span style=\"font-family: helvetica, arial, sans-serif;\"> \"La responsabilidad es grande por representar al pa\u00eds, despu\u00e9s de no obtener el objetivo trazado entre todos, queremos corresponder a las expectativas que hay\"<\/span><\/p>\n<p style=\"text-align: justify;\"><span style=\"font-family: helvetica, arial, sans-serif;\">\"Recibimos la oportunidad con tranquilidad. De la mano de grandes entrenadores hemos hecho un gran camino, ma\u00f1ana iniciar a mostrar las expectativas y cumplir con el juego\"<\/span><\/p>\n<p style=\"text-align: justify;\"><span style=\"font-family: helvetica, arial, sans-serif;\">\"Nuestro trabajo en las menores, es captar y buscar los futuros talentos en el f\u00fatbol colombiano, la competencia es la \u00fanica forma en la que nuestros deportistas van a crecer\"<\/span><\/p>\n<p style=\"text-align: justify;\"><span style=\"font-family: helvetica, arial, sans-serif;\">\"Se requiere de trabajo y continuidad para encontrar esa eficiencia para finalizar el juego. Hay que seguir perfeccionando y estabilizando, nuestra tarea es seguir potenciando con los clubes a nuestros deportistas\"<\/span><\/p>\n<p style=\"text-align: justify;\"><span style=\"font-family: helvetica, arial, sans-serif;\">\"Hemos hecho mucho \u00e9nfasis en nuestra identidad y una cultura t\u00e1ctica que ser\u00e1 la que permita que nuestros jugadores crezcan\"<\/span><\/p>\n<p style=\"text-align: justify;\"><span style=\"font-family: helvetica, arial, sans-serif;\">\"Sabemos que tenemos tareas por desarrollar con objetivos por conseguir, asumiendo este juego, con el conocimiento de lo que hay y lo que tenemos al frente\"<\/span><\/p>\n<p style=\"text-align: justify;\"><span style=\"font-family: helvetica, arial, sans-serif;\">JUGADORES\u00a0<\/span><\/p>\n<p style=\"text-align: justify;\"><span style=\"font-family: helvetica, arial, sans-serif;\">\"Creo que viene destacando en el club, hemos tenido la posibilidad de contar con el, su condici\u00f3n t\u00e9cnica complementa a los dem\u00e1s compa\u00f1eros, un hombre que da muchas posibilidades (Kevin Agudelo)\"<\/span><\/p>\n<p style=\"text-align: justify;\"><span style=\"font-family: helvetica, arial, sans-serif;\">\"Para nuestros jugadores estar en la selecci\u00f3n es una distinci\u00f3n, hay decisiones y oportunidades que se deben dar y optamos por ellas\"<\/span><\/p>\n<p style=\"text-align: justify;\"><span style=\"font-family: helvetica, arial, sans-serif;\">\"Ya ha sido llamado en otros momentos por la calidad y compromiso que tiene, tambi\u00e9n no hay duda que ha sido destacado, valoramos el trabajo hecho y por eso est\u00e1n ac\u00e1 (Chunga)\"<\/span><\/p>\n<p style=\"text-align: justify;\"><span style=\"font-family: helvetica, arial, sans-serif;\">\"Reciben esta oportunidad con expectativa y saben que pueden venir a aportar a la selecci\u00f3n, lo que muestren en sus clubes tambi\u00e9n har\u00e1 parte de que sean tomados en cuenta en el proceso\"<\/span><\/p>\n","protected":false},"excerpt":{"rendered":"<p>CUERPO T\u00c9CNICO\u00a0 \"Con Amaranto siempre ha existido la relaci\u00f3n. La reuni\u00f3n que tuvimos fue sobre unificar conceptos y criterios bajo un marco de conocimiento y las capacidades que tiene \u00e9l\". \"Creo que la llegada siempre va a ser con expectativa, es un trabajo que se hace desde el primer d\u00eda de la convocatoria, todos esperan [&hellip;]<\/p>\n","protected":false},"author":5,"featured_media":80950,"comment_status":"open","ping_status":"open","sticky":false,"template":"","format":"standard","meta":{"_acf_changed":false,"footnotes":""},"categories":[418],"tags":[],"class_list":{"0":"post-80949","1":"post","2":"type-post","3":"status-publish","4":"format-standard","5":"has-post-thumbnail","7":"category-colombia"},"acf":[],"yoast_head":"<!-- This site is optimized with the Yoast SEO plugin v26.8 - https:\/\/yoast.com\/product\/yoast-seo-wordpress\/ -->\n<title>&quot;Este partido nos permite evaluar jugadores: C\u00e1rdenas -<\/title>\n<meta name=\"robots\" content=\"index, follow, max-snippet:-1, max-image-preview:large, max-video-preview:-1\" \/>\n<link rel=\"canonical\" href=\"https:\/\/futbolhoy.co\/index.php\/2022\/06\/04\/este-partido-nos-permite-evaluar-jugadores-cardenas\/\" \/>\n<meta property=\"og:locale\" content=\"es_ES\" \/>\n<meta property=\"og:type\" content=\"article\" \/>\n<meta property=\"og:title\" content=\"&quot;Este partido nos permite evaluar jugadores: C\u00e1rdenas -\" \/>\n<meta property=\"og:description\" content=\"CUERPO T\u00c9CNICO\u00a0 &quot;Con Amaranto siempre ha existido la relaci\u00f3n. La reuni\u00f3n que tuvimos fue sobre unificar conceptos y criterios bajo un marco de conocimiento y las capacidades que tiene \u00e9l&quot;. &quot;Creo que la llegada siempre va a ser con expectativa, es un trabajo que se hace desde el primer d\u00eda de la convocatoria, todos esperan [&hellip;]\" \/>\n<meta property=\"og:url\" content=\"https:\/\/futbolhoy.co\/index.php\/2022\/06\/04\/este-partido-nos-permite-evaluar-jugadores-cardenas\/\" \/>\n<meta property=\"article:publisher\" content=\"https:\/\/www.facebook.com\/FutbolHoyCol\/\" \/>\n<meta property=\"article:published_time\" content=\"2022-06-04T16:05:19+00:00\" \/>\n<meta property=\"article:modified_time\" content=\"2022-06-05T13:08:05+00:00\" \/>\n<meta property=\"og:image\" content=\"https:\/\/futbolhoy.co\/wp-content\/uploads\/2022\/06\/20220604_105405.jpg\" \/>\n\t<meta property=\"og:image:width\" content=\"691\" \/>\n\t<meta property=\"og:image:height\" content=\"397\" \/>\n\t<meta property=\"og:image:type\" content=\"image\/jpeg\" \/>\n<meta name=\"author\" content=\"Laura Hern\u00e1ndez\" \/>\n<meta name=\"twitter:card\" content=\"summary_large_image\" \/>\n<meta name=\"twitter:creator\" content=\"@FutbolHoyCol\" \/>\n<meta name=\"twitter:site\" content=\"@FutbolHoyCol\" \/>\n<meta name=\"twitter:label1\" content=\"Escrito por\" \/>\n\t<meta name=\"twitter:data1\" content=\"Laura Hern\u00e1ndez\" \/>\n\t<meta name=\"twitter:label2\" content=\"Tiempo de lectura\" \/>\n\t<meta name=\"twitter:data2\" content=\"2 minutos\" \/>\n<script type=\"application\/ld+json\" class=\"yoast-schema-graph\">{\"@context\":\"https:\/\/schema.org\",\"@graph\":[{\"@type\":\"Article\",\"@id\":\"https:\/\/futbolhoy.co\/index.php\/2022\/06\/04\/este-partido-nos-permite-evaluar-jugadores-cardenas\/#article\",\"isPartOf\":{\"@id\":\"https:\/\/futbolhoy.co\/index.php\/2022\/06\/04\/este-partido-nos-permite-evaluar-jugadores-cardenas\/\"},\"author\":{\"name\":\"Laura Hern\u00e1ndez\",\"@id\":\"https:\/\/futbolhoy.co\/#\/schema\/person\/c4a353a512b127643723a34bb1812f7d\"},\"headline\":\"\\\"Este partido nos permite evaluar jugadores: C\u00e1rdenas\",\"datePublished\":\"2022-06-04T16:05:19+00:00\",\"dateModified\":\"2022-06-05T13:08:05+00:00\",\"mainEntityOfPage\":{\"@id\":\"https:\/\/futbolhoy.co\/index.php\/2022\/06\/04\/este-partido-nos-permite-evaluar-jugadores-cardenas\/\"},\"wordCount\":479,\"commentCount\":0,\"publisher\":{\"@id\":\"https:\/\/futbolhoy.co\/#organization\"},\"image\":{\"@id\":\"https:\/\/futbolhoy.co\/index.php\/2022\/06\/04\/este-partido-nos-permite-evaluar-jugadores-cardenas\/#primaryimage\"},\"thumbnailUrl\":\"https:\/\/futbolhoy.co\/wp-content\/uploads\/2022\/06\/20220604_105405.jpg\",\"articleSection\":[\"Colombia\"],\"inLanguage\":\"es\",\"potentialAction\":[{\"@type\":\"CommentAction\",\"name\":\"Comment\",\"target\":[\"https:\/\/futbolhoy.co\/index.php\/2022\/06\/04\/este-partido-nos-permite-evaluar-jugadores-cardenas\/#respond\"]}]},{\"@type\":\"WebPage\",\"@id\":\"https:\/\/futbolhoy.co\/index.php\/2022\/06\/04\/este-partido-nos-permite-evaluar-jugadores-cardenas\/\",\"url\":\"https:\/\/futbolhoy.co\/index.php\/2022\/06\/04\/este-partido-nos-permite-evaluar-jugadores-cardenas\/\",\"name\":\"\\\"Este partido nos permite evaluar jugadores: C\u00e1rdenas -\",\"isPartOf\":{\"@id\":\"https:\/\/futbolhoy.co\/#website\"},\"primaryImageOfPage\":{\"@id\":\"https:\/\/futbolhoy.co\/index.php\/2022\/06\/04\/este-partido-nos-permite-evaluar-jugadores-cardenas\/#primaryimage\"},\"image\":{\"@id\":\"https:\/\/futbolhoy.co\/index.php\/2022\/06\/04\/este-partido-nos-permite-evaluar-jugadores-cardenas\/#primaryimage\"},\"thumbnailUrl\":\"https:\/\/futbolhoy.co\/wp-content\/uploads\/2022\/06\/20220604_105405.jpg\",\"datePublished\":\"2022-06-04T16:05:19+00:00\",\"dateModified\":\"2022-06-05T13:08:05+00:00\",\"breadcrumb\":{\"@id\":\"https:\/\/futbolhoy.co\/index.php\/2022\/06\/04\/este-partido-nos-permite-evaluar-jugadores-cardenas\/#breadcrumb\"},\"inLanguage\":\"es\",\"potentialAction\":[{\"@type\":\"ReadAction\",\"target\":[\"https:\/\/futbolhoy.co\/index.php\/2022\/06\/04\/este-partido-nos-permite-evaluar-jugadores-cardenas\/\"]}]},{\"@type\":\"ImageObject\",\"inLanguage\":\"es\",\"@id\":\"https:\/\/futbolhoy.co\/index.php\/2022\/06\/04\/este-partido-nos-permite-evaluar-jugadores-cardenas\/#primaryimage\",\"url\":\"https:\/\/futbolhoy.co\/wp-content\/uploads\/2022\/06\/20220604_105405.jpg\",\"contentUrl\":\"https:\/\/futbolhoy.co\/wp-content\/uploads\/2022\/06\/20220604_105405.jpg\",\"width\":691,\"height\":397},{\"@type\":\"BreadcrumbList\",\"@id\":\"https:\/\/futbolhoy.co\/index.php\/2022\/06\/04\/este-partido-nos-permite-evaluar-jugadores-cardenas\/#breadcrumb\",\"itemListElement\":[{\"@type\":\"ListItem\",\"position\":1,\"name\":\"Portada\",\"item\":\"https:\/\/futbolhoy.co\/\"},{\"@type\":\"ListItem\",\"position\":2,\"name\":\"\u00abEste partido nos permite evaluar jugadores: C\u00e1rdenas\"}]},{\"@type\":\"WebSite\",\"@id\":\"https:\/\/futbolhoy.co\/#website\",\"url\":\"https:\/\/futbolhoy.co\/\",\"name\":\"FutbolHoy\",\"description\":\"\",\"publisher\":{\"@id\":\"https:\/\/futbolhoy.co\/#organization\"},\"potentialAction\":[{\"@type\":\"SearchAction\",\"target\":{\"@type\":\"EntryPoint\",\"urlTemplate\":\"https:\/\/futbolhoy.co\/?s={search_term_string}\"},\"query-input\":{\"@type\":\"PropertyValueSpecification\",\"valueRequired\":true,\"valueName\":\"search_term_string\"}}],\"inLanguage\":\"es\"},{\"@type\":\"Organization\",\"@id\":\"https:\/\/futbolhoy.co\/#organization\",\"name\":\"Futbolhoy.co\",\"url\":\"https:\/\/futbolhoy.co\/\",\"logo\":{\"@type\":\"ImageObject\",\"inLanguage\":\"es\",\"@id\":\"https:\/\/futbolhoy.co\/#\/schema\/logo\/image\/\",\"url\":\"https:\/\/futbolhoy.co\/wp-content\/uploads\/2018\/08\/17426380_1906371736249227_6326180412931521141_n.jpg\",\"contentUrl\":\"https:\/\/futbolhoy.co\/wp-content\/uploads\/2018\/08\/17426380_1906371736249227_6326180412931521141_n.jpg\",\"width\":960,\"height\":960,\"caption\":\"Futbolhoy.co\"},\"image\":{\"@id\":\"https:\/\/futbolhoy.co\/#\/schema\/logo\/image\/\"},\"sameAs\":[\"https:\/\/www.facebook.com\/FutbolHoyCol\/\",\"https:\/\/x.com\/FutbolHoyCol\",\"https:\/\/www.instagram.com\/futbolhoycol\/\"]},{\"@type\":\"Person\",\"@id\":\"https:\/\/futbolhoy.co\/#\/schema\/person\/c4a353a512b127643723a34bb1812f7d\",\"name\":\"Laura Hern\u00e1ndez\",\"image\":{\"@type\":\"ImageObject\",\"inLanguage\":\"es\",\"@id\":\"https:\/\/futbolhoy.co\/#\/schema\/person\/image\/\",\"url\":\"https:\/\/secure.gravatar.com\/avatar\/d25959a15b9b293a743f99181c7cfd01?s=96&d=mm&r=g\",\"contentUrl\":\"https:\/\/secure.gravatar.com\/avatar\/d25959a15b9b293a743f99181c7cfd01?s=96&d=mm&r=g\",\"caption\":\"Laura Hern\u00e1ndez\"}}]}<\/script>\n<!-- \/ Yoast SEO plugin. -->","yoast_head_json":{"title":"\"Este partido nos permite evaluar jugadores: C\u00e1rdenas -","robots":{"index":"index","follow":"follow","max-snippet":"max-snippet:-1","max-image-preview":"max-image-preview:large","max-video-preview":"max-video-preview:-1"},"canonical":"https:\/\/futbolhoy.co\/index.php\/2022\/06\/04\/este-partido-nos-permite-evaluar-jugadores-cardenas\/","og_locale":"es_ES","og_type":"article","og_title":"\"Este partido nos permite evaluar jugadores: C\u00e1rdenas -","og_description":"CUERPO T\u00c9CNICO\u00a0 \"Con Amaranto siempre ha existido la relaci\u00f3n. La reuni\u00f3n que tuvimos fue sobre unificar conceptos y criterios bajo un marco de conocimiento y las capacidades que tiene \u00e9l\". \"Creo que la llegada siempre va a ser con expectativa, es un trabajo que se hace desde el primer d\u00eda de la convocatoria, todos esperan [&hellip;]","og_url":"https:\/\/futbolhoy.co\/index.php\/2022\/06\/04\/este-partido-nos-permite-evaluar-jugadores-cardenas\/","article_publisher":"https:\/\/www.facebook.com\/FutbolHoyCol\/","article_published_time":"2022-06-04T16:05:19+00:00","article_modified_time":"2022-06-05T13:08:05+00:00","og_image":[{"width":691,"height":397,"url":"https:\/\/futbolhoy.co\/wp-content\/uploads\/2022\/06\/20220604_105405.jpg","type":"image\/jpeg"}],"author":"Laura Hern\u00e1ndez","twitter_card":"summary_large_image","twitter_creator":"@FutbolHoyCol","twitter_site":"@FutbolHoyCol","twitter_misc":{"Escrito por":"Laura Hern\u00e1ndez","Tiempo de lectura":"2 minutos"},"schema":{"@context":"https:\/\/schema.org","@graph":[{"@type":"Article","@id":"https:\/\/futbolhoy.co\/index.php\/2022\/06\/04\/este-partido-nos-permite-evaluar-jugadores-cardenas\/#article","isPartOf":{"@id":"https:\/\/futbolhoy.co\/index.php\/2022\/06\/04\/este-partido-nos-permite-evaluar-jugadores-cardenas\/"},"author":{"name":"Laura Hern\u00e1ndez","@id":"https:\/\/futbolhoy.co\/#\/schema\/person\/c4a353a512b127643723a34bb1812f7d"},"headline":"\"Este partido nos permite evaluar jugadores: C\u00e1rdenas","datePublished":"2022-06-04T16:05:19+00:00","dateModified":"2022-06-05T13:08:05+00:00","mainEntityOfPage":{"@id":"https:\/\/futbolhoy.co\/index.php\/2022\/06\/04\/este-partido-nos-permite-evaluar-jugadores-cardenas\/"},"wordCount":479,"commentCount":0,"publisher":{"@id":"https:\/\/futbolhoy.co\/#organization"},"image":{"@id":"https:\/\/futbolhoy.co\/index.php\/2022\/06\/04\/este-partido-nos-permite-evaluar-jugadores-cardenas\/#primaryimage"},"thumbnailUrl":"https:\/\/futbolhoy.co\/wp-content\/uploads\/2022\/06\/20220604_105405.jpg","articleSection":["Colombia"],"inLanguage":"es","potentialAction":[{"@type":"CommentAction","name":"Comment","target":["https:\/\/futbolhoy.co\/index.php\/2022\/06\/04\/este-partido-nos-permite-evaluar-jugadores-cardenas\/#respond"]}]},{"@type":"WebPage","@id":"https:\/\/futbolhoy.co\/index.php\/2022\/06\/04\/este-partido-nos-permite-evaluar-jugadores-cardenas\/","url":"https:\/\/futbolhoy.co\/index.php\/2022\/06\/04\/este-partido-nos-permite-evaluar-jugadores-cardenas\/","name":"\"Este partido nos permite evaluar jugadores: C\u00e1rdenas -","isPartOf":{"@id":"https:\/\/futbolhoy.co\/#website"},"primaryImageOfPage":{"@id":"https:\/\/futbolhoy.co\/index.php\/2022\/06\/04\/este-partido-nos-permite-evaluar-jugadores-cardenas\/#primaryimage"},"image":{"@id":"https:\/\/futbolhoy.co\/index.php\/2022\/06\/04\/este-partido-nos-permite-evaluar-jugadores-cardenas\/#primaryimage"},"thumbnailUrl":"https:\/\/futbolhoy.co\/wp-content\/uploads\/2022\/06\/20220604_105405.jpg","datePublished":"2022-06-04T16:05:19+00:00","dateModified":"2022-06-05T13:08:05+00:00","breadcrumb":{"@id":"https:\/\/futbolhoy.co\/index.php\/2022\/06\/04\/este-partido-nos-permite-evaluar-jugadores-cardenas\/#breadcrumb"},"inLanguage":"es","potentialAction":[{"@type":"ReadAction","target":["https:\/\/futbolhoy.co\/index.php\/2022\/06\/04\/este-partido-nos-permite-evaluar-jugadores-cardenas\/"]}]},{"@type":"ImageObject","inLanguage":"es","@id":"https:\/\/futbolhoy.co\/index.php\/2022\/06\/04\/este-partido-nos-permite-evaluar-jugadores-cardenas\/#primaryimage","url":"https:\/\/futbolhoy.co\/wp-content\/uploads\/2022\/06\/20220604_105405.jpg","contentUrl":"https:\/\/futbolhoy.co\/wp-content\/uploads\/2022\/06\/20220604_105405.jpg","width":691,"height":397},{"@type":"BreadcrumbList","@id":"https:\/\/futbolhoy.co\/index.php\/2022\/06\/04\/este-partido-nos-permite-evaluar-jugadores-cardenas\/#breadcrumb","itemListElement":[{"@type":"ListItem","position":1,"name":"Portada","item":"https:\/\/futbolhoy.co\/"},{"@type":"ListItem","position":2,"name":"\u00abEste partido nos permite evaluar jugadores: C\u00e1rdenas"}]},{"@type":"WebSite","@id":"https:\/\/futbolhoy.co\/#website","url":"https:\/\/futbolhoy.co\/","name":"FutbolHoy","description":"","publisher":{"@id":"https:\/\/futbolhoy.co\/#organization"},"potentialAction":[{"@type":"SearchAction","target":{"@type":"EntryPoint","urlTemplate":"https:\/\/futbolhoy.co\/?s={search_term_string}"},"query-input":{"@type":"PropertyValueSpecification","valueRequired":true,"valueName":"search_term_string"}}],"inLanguage":"es"},{"@type":"Organization","@id":"https:\/\/futbolhoy.co\/#organization","name":"Futbolhoy.co","url":"https:\/\/futbolhoy.co\/","logo":{"@type":"ImageObject","inLanguage":"es","@id":"https:\/\/futbolhoy.co\/#\/schema\/logo\/image\/","url":"https:\/\/futbolhoy.co\/wp-content\/uploads\/2018\/08\/17426380_1906371736249227_6326180412931521141_n.jpg","contentUrl":"https:\/\/futbolhoy.co\/wp-content\/uploads\/2018\/08\/17426380_1906371736249227_6326180412931521141_n.jpg","width":960,"height":960,"caption":"Futbolhoy.co"},"image":{"@id":"https:\/\/futbolhoy.co\/#\/schema\/logo\/image\/"},"sameAs":["https:\/\/www.facebook.com\/FutbolHoyCol\/","https:\/\/x.com\/FutbolHoyCol","https:\/\/www.instagram.com\/futbolhoycol\/"]},{"@type":"Person","@id":"https:\/\/futbolhoy.co\/#\/schema\/person\/c4a353a512b127643723a34bb1812f7d","name":"Laura Hern\u00e1ndez","image":{"@type":"ImageObject","inLanguage":"es","@id":"https:\/\/futbolhoy.co\/#\/schema\/person\/image\/","url":"https:\/\/secure.gravatar.com\/avatar\/d25959a15b9b293a743f99181c7cfd01?s=96&d=mm&r=g","contentUrl":"https:\/\/secure.gravatar.com\/avatar\/d25959a15b9b293a743f99181c7cfd01?s=96&d=mm&r=g","caption":"Laura Hern\u00e1ndez"}}]}},"publishpress_future_action":{"enabled":false,"date":"2026-05-03 12:47:21","action":"change-status","newStatus":"draft","terms":[],"taxonomy":"category","extraData":[]},"publishpress_future_workflow_manual_trigger":{"enabledWorkflows":[]},"_links":{"self":[{"href":"https:\/\/futbolhoy.co\/index.php\/wp-json\/wp\/v2\/posts\/80949","targetHints":{"allow":["GET"]}}],"collection":[{"href":"https:\/\/futbolhoy.co\/index.php\/wp-json\/wp\/v2\/posts"}],"about":[{"href":"https:\/\/futbolhoy.co\/index.php\/wp-json\/wp\/v2\/types\/post"}],"author":[{"embeddable":true,"href":"https:\/\/futbolhoy.co\/index.php\/wp-json\/wp\/v2\/users\/5"}],"replies":[{"embeddable":true,"href":"https:\/\/futbolhoy.co\/index.php\/wp-json\/wp\/v2\/comments?post=80949"}],"version-history":[{"count":2,"href":"https:\/\/futbolhoy.co\/index.php\/wp-json\/wp\/v2\/posts\/80949\/revisions"}],"predecessor-version":[{"id":80952,"href":"https:\/\/futbolhoy.co\/index.php\/wp-json\/wp\/v2\/posts\/80949\/revisions\/80952"}],"wp:featuredmedia":[{"embeddable":true,"href":"https:\/\/futbolhoy.co\/index.php\/wp-json\/wp\/v2\/media\/80950"}],"wp:attachment":[{"href":"https:\/\/futbolhoy.co\/index.php\/wp-json\/wp\/v2\/media?parent=80949"}],"wp:term":[{"taxonomy":"category","embeddable":true,"href":"https:\/\/futbolhoy.co\/index.php\/wp-json\/wp\/v2\/categories?post=80949"},{"taxonomy":"post_tag","embeddable":true,"href":"https:\/\/futbolhoy.co\/index.php\/wp-json\/wp\/v2\/tags?post=80949"}],"curies":[{"name":"wp","href":"https:\/\/api.w.org\/{rel}","templated":true}]}}