{"id":80982,"date":"2022-06-05T08:07:09","date_gmt":"2022-06-05T13:07:09","guid":{"rendered":"https:\/\/futbolhoy.co\/?p=80982"},"modified":"2022-06-05T13:05:52","modified_gmt":"2022-06-05T18:05:52","slug":"estamos-tranquilos-alfaro-sobre-el-caso-castillo","status":"publish","type":"post","link":"https:\/\/futbolhoy.co\/index.php\/2022\/06\/05\/estamos-tranquilos-alfaro-sobre-el-caso-castillo\/","title":{"rendered":"Estamos tranquilos: Alfaro sobre el caso Castillo"},"content":{"rendered":"<audio class=\"wp-audio-shortcode\" id=\"audio-80982-1\" preload=\"none\" style=\"width: 100%;\" controls=\"controls\"><source type=\"audio\/mpeg\" src=\"https:\/\/futbolhoy.co\/wp-content\/uploads\/2022\/06\/DEPO-ACERO-ALFARO-SIN2022-06-05.mp3?_=1\" \/><a href=\"https:\/\/futbolhoy.co\/wp-content\/uploads\/2022\/06\/DEPO-ACERO-ALFARO-SIN2022-06-05.mp3\">https:\/\/futbolhoy.co\/wp-content\/uploads\/2022\/06\/DEPO-ACERO-ALFARO-SIN2022-06-05.mp3<\/a><\/audio>\n<p><span style=\"font-size: 10pt; font-family: helvetica, arial, sans-serif;\"><strong><em>Gustavo Alfaro &#8211; Dt Ecuador en rueda de prensa en Chicago\u00a0<\/em><\/strong><\/span><\/p>\n<p style=\"text-align: justify;\"><span style=\"font-family: helvetica, arial, sans-serif;\">El t\u00e9cnico de la selecci\u00f3n de <strong>Ecuador,<\/strong> <strong>Gustavo Alfaro<\/strong>, asegur\u00f3 que est\u00e1n muy tranquilos ante la denuncia de <strong>Chile<\/strong> sobre una supuesta falsa nacionalidad del defensa <strong>Byron Castillo<\/strong>, raz\u00f3n por la que la <strong>FIFA<\/strong> abri\u00f3 un procedimiento disciplinario.<\/span><\/p>\n<p style=\"text-align: justify;\"><span style=\"font-family: helvetica, arial, sans-serif;\">\u00abNosotros estamos muy tranquilos porque sabemos c\u00f3mo hicimos las cosas. Sabemos que estamos a derecho (\u2026) Nos abocamos a trabajar y a preparar al equipo de cara a la Copa del Mundo porque sabemos que con todo el derecho nosotros ganamos la clasificaci\u00f3n donde hay que ganarla, dentro de la cancha, y la ganamos como la deb\u00edamos ganar\u00bb, sostuvo <strong>Alfaro<\/strong> en Chicago, donde este domingo disputar\u00e1 un amistoso ante <strong>M\u00e9xico<\/strong> como preparaci\u00f3n para el <strong>Mundial Qatar-2022.<\/strong><\/span><\/p>\n<p style=\"text-align: justify;\"><span style=\"font-family: helvetica, arial, sans-serif;\">Hace tres semanas, la FIFA abri\u00f3 un procedimiento disciplinario ante una denuncia de Chile contra Ecuador por una supuesta irregularidad en la documentaci\u00f3n de Castillo, quien habr\u00eda nacido en Colombia.<\/span><\/p>\n<p style=\"text-align: justify;\"><span style=\"font-family: helvetica, arial, sans-serif;\">El equipo que dirige <strong>Alfaro <\/strong>adelanta una gira por <strong>Estados Unidos,<\/strong> donde disputar\u00e1 dos juegos de preparaci\u00f3n: <strong>M\u00e9xico en Chicago<\/strong> (junio 5) y <strong>Cabo Verde en Fort Lauderdale<\/strong> (junio 11).<\/span><\/p>\n<p style=\"text-align: justify;\"><span style=\"font-family: helvetica, arial, sans-serif;\">La selecci\u00f3n sudamericana integra el Grupo A del Mundial, junto al local Qatar, Pa\u00edses Bajos y Senegal.<\/span><\/p>\n","protected":false},"excerpt":{"rendered":"<p>Gustavo Alfaro &#8211; Dt Ecuador en rueda de prensa en Chicago\u00a0 El t\u00e9cnico de la selecci\u00f3n de Ecuador, Gustavo Alfaro, asegur\u00f3 que est\u00e1n muy tranquilos ante la denuncia de Chile sobre una supuesta falsa nacionalidad del defensa Byron Castillo, raz\u00f3n por la que la FIFA abri\u00f3 un procedimiento disciplinario. \u00abNosotros estamos muy tranquilos porque sabemos [&hellip;]<\/p>\n","protected":false},"author":5,"featured_media":80985,"comment_status":"open","ping_status":"closed","sticky":false,"template":"","format":"video","meta":{"_acf_changed":false,"footnotes":""},"categories":[1965],"tags":[],"class_list":{"0":"post-80982","1":"post","2":"type-post","3":"status-publish","4":"format-video","5":"has-post-thumbnail","7":"category-eli","8":"post_format-post-format-video"},"acf":[],"_links":{"self":[{"href":"https:\/\/futbolhoy.co\/index.php\/wp-json\/wp\/v2\/posts\/80982","targetHints":{"allow":["GET"]}}],"collection":[{"href":"https:\/\/futbolhoy.co\/index.php\/wp-json\/wp\/v2\/posts"}],"about":[{"href":"https:\/\/futbolhoy.co\/index.php\/wp-json\/wp\/v2\/types\/post"}],"author":[{"embeddable":true,"href":"https:\/\/futbolhoy.co\/index.php\/wp-json\/wp\/v2\/users\/5"}],"replies":[{"embeddable":true,"href":"https:\/\/futbolhoy.co\/index.php\/wp-json\/wp\/v2\/comments?post=80982"}],"version-history":[{"count":2,"href":"https:\/\/futbolhoy.co\/index.php\/wp-json\/wp\/v2\/posts\/80982\/revisions"}],"predecessor-version":[{"id":80991,"href":"https:\/\/futbolhoy.co\/index.php\/wp-json\/wp\/v2\/posts\/80982\/revisions\/80991"}],"wp:featuredmedia":[{"embeddable":true,"href":"https:\/\/futbolhoy.co\/index.php\/wp-json\/wp\/v2\/media\/80985"}],"wp:attachment":[{"href":"https:\/\/futbolhoy.co\/index.php\/wp-json\/wp\/v2\/media?parent=80982"}],"wp:term":[{"taxonomy":"category","embeddable":true,"href":"https:\/\/futbolhoy.co\/index.php\/wp-json\/wp\/v2\/categories?post=80982"},{"taxonomy":"post_tag","embeddable":true,"href":"https:\/\/futbolhoy.co\/index.php\/wp-json\/wp\/v2\/tags?post=80982"}],"curies":[{"name":"wp","href":"https:\/\/api.w.org\/{rel}","templated":true}]}}