{"id":8099,"date":"2017-10-21T16:22:27","date_gmt":"2017-10-21T21:22:27","guid":{"rendered":"http:\/\/futbolhoy.co\/?p=8099"},"modified":"2017-10-24T11:11:54","modified_gmt":"2017-10-24T16:11:54","slug":"falcao-sigue-en-racha-y-monaco-vuelve-a-la-victoria","status":"publish","type":"post","link":"https:\/\/futbolhoy.co\/index.php\/2017\/10\/21\/falcao-sigue-en-racha-y-monaco-vuelve-a-la-victoria\/","title":{"rendered":"Falcao sigue en racha y M\u00f3naco vuelve a la victoria"},"content":{"rendered":"<p>El delantero colombiano <strong>Falcao Garc\u00eda<\/strong> marc\u00f3 de pena m\u00e1xima el segundo gol del <strong>M\u00f3naco<\/strong> en su victoria 2-0 sobre el Caen en la novena jornada de la <strong>Liga de Francia<\/strong>, donde acumula 22 puntos y es escolta del l\u00edder <strong>Par\u00eds Saint Germain<\/strong>, que suma 25.<\/p>\n<p>Falcao complet\u00f3 13 goles en la Liga, donde es el m\u00e1ximo artillero, con una efectividad del 93 % respecto a sus remates a puerta, ya que lo ha hecho en 14 ocasiones.<\/p>\n<p>En la temporada, \u2018El Tigre\u2019 de Santa Marta acumula 16 anotaciones entre el equipo del principado y la selecci\u00f3n Colombia.<\/p>\n","protected":false},"excerpt":{"rendered":"<p>El delantero colombiano Falcao Garc\u00eda marc\u00f3 de pena m\u00e1xima el segundo gol del M\u00f3naco en su victoria 2-0 sobre el Caen en la novena jornada de la Liga de Francia, donde acumula 22 puntos y es escolta del l\u00edder Par\u00eds Saint Germain, que suma 25. Falcao complet\u00f3 13 goles en la Liga, donde es el [&hellip;]<\/p>\n","protected":false},"author":6,"featured_media":8100,"comment_status":"open","ping_status":"closed","sticky":false,"template":"","format":"standard","meta":{"_acf_changed":false,"footnotes":""},"categories":[4,153],"tags":[],"class_list":{"0":"post-8099","1":"post","2":"type-post","3":"status-publish","4":"format-standard","5":"has-post-thumbnail","7":"category-champions-league","8":"category-selecion-colombia"},"acf":[],"_links":{"self":[{"href":"https:\/\/futbolhoy.co\/index.php\/wp-json\/wp\/v2\/posts\/8099","targetHints":{"allow":["GET"]}}],"collection":[{"href":"https:\/\/futbolhoy.co\/index.php\/wp-json\/wp\/v2\/posts"}],"about":[{"href":"https:\/\/futbolhoy.co\/index.php\/wp-json\/wp\/v2\/types\/post"}],"author":[{"embeddable":true,"href":"https:\/\/futbolhoy.co\/index.php\/wp-json\/wp\/v2\/users\/6"}],"replies":[{"embeddable":true,"href":"https:\/\/futbolhoy.co\/index.php\/wp-json\/wp\/v2\/comments?post=8099"}],"version-history":[{"count":1,"href":"https:\/\/futbolhoy.co\/index.php\/wp-json\/wp\/v2\/posts\/8099\/revisions"}],"predecessor-version":[{"id":8101,"href":"https:\/\/futbolhoy.co\/index.php\/wp-json\/wp\/v2\/posts\/8099\/revisions\/8101"}],"wp:featuredmedia":[{"embeddable":true,"href":"https:\/\/futbolhoy.co\/index.php\/wp-json\/wp\/v2\/media\/8100"}],"wp:attachment":[{"href":"https:\/\/futbolhoy.co\/index.php\/wp-json\/wp\/v2\/media?parent=8099"}],"wp:term":[{"taxonomy":"category","embeddable":true,"href":"https:\/\/futbolhoy.co\/index.php\/wp-json\/wp\/v2\/categories?post=8099"},{"taxonomy":"post_tag","embeddable":true,"href":"https:\/\/futbolhoy.co\/index.php\/wp-json\/wp\/v2\/tags?post=8099"}],"curies":[{"name":"wp","href":"https:\/\/api.w.org\/{rel}","templated":true}]}}