{"id":80992,"date":"2022-06-05T10:46:26","date_gmt":"2022-06-05T15:46:26","guid":{"rendered":"https:\/\/futbolhoy.co\/?p=80992"},"modified":"2022-06-05T13:59:45","modified_gmt":"2022-06-05T18:59:45","slug":"vinicius-y-richarlison-se-enfrentaron-en-practica-de-brasil","status":"publish","type":"post","link":"https:\/\/futbolhoy.co\/index.php\/2022\/06\/05\/vinicius-y-richarlison-se-enfrentaron-en-practica-de-brasil\/","title":{"rendered":"Vin\u00edcius y Richarlison se enfrentaron en pr\u00e1ctica de Brasil"},"content":{"rendered":"<p style=\"text-align: justify;\"><span style=\"font-family: helvetica, arial, sans-serif;\">Los delanteros brasile\u00f1os, <strong>Vin\u00edcius J\u00fanior (Real Madrid) y Richarlison (Everton)<\/strong>, protagonizaron un tenso momento, durante el entrenamiento de Brasil, previo al amistoso frente a Jap\u00f3n.<\/span><\/p>\n<p style=\"text-align: justify;\"><span style=\"font-family: helvetica, arial, sans-serif;\">Los dos jugadores estuvieron cerca de irse a los golpes y tuvieron que ser separados por <strong>Neymar, Dani Alves y Lucas Paquet\u00e1.<\/strong><\/span><\/p>\n<p style=\"text-align: justify;\"><span style=\"font-family: helvetica, arial, sans-serif;\">En las im\u00e1genes se pudo apreciar que tanto <strong>Neymar<\/strong> como <strong>Dani Alves<\/strong> trataron de controlar al jugador del <strong>Everton.<\/strong><\/span><\/p>\n<p style=\"text-align: justify;\"><span style=\"font-family: helvetica, arial, sans-serif;\"><strong>Neymar<\/strong> tuvo que agarrarlo por el cuello, mientras que <strong>Alves<\/strong> lo hal\u00f3 fuerte de su camiseta. <strong>Paquet\u00e1<\/strong> trat\u00f3 insistentemente de separarlos.<\/span><\/p>\n<p style=\"text-align: justify;\"><span style=\"font-family: helvetica, arial, sans-serif;\"><strong>Richarlison<\/strong> asegur\u00f3 que <strong>Vinicius<\/strong> le dijo: \u201cT\u00fa no puedes ganar la Liga de Campeones y el <strong>Everton<\/strong> va a descender. Tambi\u00e9n que estoy sobrevalorado y me qued\u00e9 callado. Pero cuando me dijo que <strong>Lukaku<\/strong> era mejor que yo, ah\u00ed lo perd\u00ed\u2026\u201d, seg\u00fan una versi\u00f3n de TNT Sports de Argentina.<\/span><\/p>\n<p style=\"text-align: justify;\"><span style=\"font-family: helvetica, arial, sans-serif;\">Luego del incidente, <strong>Richarlison,<\/strong> en sus redes sociales, sostuvo que este fue un tema que ya est\u00e1 olvidado; mientras que <strong>Vinicius JR<\/strong>. comparti\u00f3 la publicaci\u00f3n en Instagram.<\/span><\/p>\n<p style=\"text-align: justify;\"><span style=\"font-family: helvetica, arial, sans-serif;\">Brasil se alista para enfrentar este lunes (5.10am) a Jap\u00f3n en Tokio, como parte de su gira de preparaci\u00f3n para el Mundial Qatar 2022.<\/span><\/p>\n","protected":false},"excerpt":{"rendered":"<p>Los delanteros brasile\u00f1os, Vin\u00edcius J\u00fanior (Real Madrid) y Richarlison (Everton), protagonizaron un tenso momento, durante el entrenamiento de Brasil, previo al amistoso frente a Jap\u00f3n. Los dos jugadores estuvieron cerca de irse a los golpes y tuvieron que ser separados por Neymar, Dani Alves y Lucas Paquet\u00e1. En las im\u00e1genes se pudo apreciar que tanto [&hellip;]<\/p>\n","protected":false},"author":5,"featured_media":80993,"comment_status":"open","ping_status":"closed","sticky":false,"template":"","format":"standard","meta":{"_acf_changed":false,"footnotes":""},"categories":[152],"tags":[],"class_list":{"0":"post-80992","1":"post","2":"type-post","3":"status-publish","4":"format-standard","5":"has-post-thumbnail","7":"category-mundo-futbol"},"acf":[],"_links":{"self":[{"href":"https:\/\/futbolhoy.co\/index.php\/wp-json\/wp\/v2\/posts\/80992","targetHints":{"allow":["GET"]}}],"collection":[{"href":"https:\/\/futbolhoy.co\/index.php\/wp-json\/wp\/v2\/posts"}],"about":[{"href":"https:\/\/futbolhoy.co\/index.php\/wp-json\/wp\/v2\/types\/post"}],"author":[{"embeddable":true,"href":"https:\/\/futbolhoy.co\/index.php\/wp-json\/wp\/v2\/users\/5"}],"replies":[{"embeddable":true,"href":"https:\/\/futbolhoy.co\/index.php\/wp-json\/wp\/v2\/comments?post=80992"}],"version-history":[{"count":1,"href":"https:\/\/futbolhoy.co\/index.php\/wp-json\/wp\/v2\/posts\/80992\/revisions"}],"predecessor-version":[{"id":80994,"href":"https:\/\/futbolhoy.co\/index.php\/wp-json\/wp\/v2\/posts\/80992\/revisions\/80994"}],"wp:featuredmedia":[{"embeddable":true,"href":"https:\/\/futbolhoy.co\/index.php\/wp-json\/wp\/v2\/media\/80993"}],"wp:attachment":[{"href":"https:\/\/futbolhoy.co\/index.php\/wp-json\/wp\/v2\/media?parent=80992"}],"wp:term":[{"taxonomy":"category","embeddable":true,"href":"https:\/\/futbolhoy.co\/index.php\/wp-json\/wp\/v2\/categories?post=80992"},{"taxonomy":"post_tag","embeddable":true,"href":"https:\/\/futbolhoy.co\/index.php\/wp-json\/wp\/v2\/tags?post=80992"}],"curies":[{"name":"wp","href":"https:\/\/api.w.org\/{rel}","templated":true}]}}