{"id":80998,"date":"2022-06-05T13:08:14","date_gmt":"2022-06-05T18:08:14","guid":{"rendered":"https:\/\/futbolhoy.co\/?p=80998"},"modified":"2022-06-05T13:55:09","modified_gmt":"2022-06-05T18:55:09","slug":"gales-se-clasifico-a-qatar-2022","status":"publish","type":"post","link":"https:\/\/futbolhoy.co\/index.php\/2022\/06\/05\/gales-se-clasifico-a-qatar-2022\/","title":{"rendered":"Gales se clasific\u00f3 a Qatar 2022"},"content":{"rendered":"<p style=\"text-align: justify;\"><span style=\"font-family: helvetica, arial, sans-serif;\"><strong>Gales<\/strong> se impuso 1-0 sobre <strong>Ucrania,<\/strong> en partido disputado en el <strong>Cardiff City Stadium,<\/strong> y se convirti\u00f3 en la selecci\u00f3n 30 clasificada al <strong>Mundial Qatar 2022<\/strong>.<\/span><\/p>\n<p style=\"text-align: justify;\"><span style=\"font-family: helvetica, arial, sans-serif;\">El \u00fanico gol del juego fue convertido por <strong>Andriy Yarmolenko<\/strong> (34\u2019) en propia puerta, despu\u00e9s de un centro de <strong>Gareth Bale<\/strong>, y donde el ucraniano cambi\u00f3 la trayectoria venciendo al portero <strong>Georgiy Bushchan<\/strong>.<\/span><\/p>\n<p style=\"text-align: justify;\"><span style=\"font-family: helvetica, arial, sans-serif;\"><strong>Ucrania<\/strong> ven\u00eda de eliminar a <strong>Escocia<\/strong> y quer\u00eda dar el golpe de visitante.<\/span><\/p>\n<p style=\"text-align: justify;\"><span style=\"font-family: helvetica, arial, sans-serif;\"><strong>Gales<\/strong> asistir\u00e1 por segunda ocasi\u00f3n a un torneo orbital. Su primera participaci\u00f3n fue en <strong>Suecia-1958,<\/strong> donde cay\u00f3 eliminada en cuartos de final frente a Brasil.<\/span><\/p>\n<p style=\"text-align: justify;\"><span style=\"font-family: helvetica, arial, sans-serif;\">El equipo, que dirige <strong>Ryan Giggs<\/strong>, qued\u00f3 ubicado en el Grupo B junto a <strong>Inglaterra, Ir\u00e1n y Estados Unidos.<\/strong><\/span><\/p>\n<p style=\"text-align: justify;\"><span style=\"font-family: helvetica, arial, sans-serif;\"><strong>Gales<\/strong> debutar\u00e1 el 21 de noviembre ante los norteamericanos.<\/span><\/p>\n","protected":false},"excerpt":{"rendered":"<p>Gales se impuso 1-0 sobre Ucrania, en partido disputado en el Cardiff City Stadium, y se convirti\u00f3 en la selecci\u00f3n 30 clasificada al Mundial Qatar 2022. El \u00fanico gol del juego fue convertido por Andriy Yarmolenko (34\u2019) en propia puerta, despu\u00e9s de un centro de Gareth Bale, y donde el ucraniano cambi\u00f3 la trayectoria venciendo [&hellip;]<\/p>\n","protected":false},"author":5,"featured_media":80999,"comment_status":"open","ping_status":"closed","sticky":false,"template":"","format":"standard","meta":{"_acf_changed":false,"footnotes":""},"categories":[5],"tags":[],"class_list":["post-80998","post","type-post","status-publish","format-standard","has-post-thumbnail","category-destacados"],"acf":[],"yoast_head":"<!-- This site is optimized with the Yoast SEO plugin v28.4 - https:\/\/yoast.com\/product\/yoast-seo-wordpress\/ -->\n<title>Gales se clasific\u00f3 a Qatar 2022 -<\/title>\n<meta name=\"robots\" content=\"index, follow, max-snippet:-1, max-image-preview:large, max-video-preview:-1\" \/>\n<link rel=\"canonical\" href=\"https:\/\/futbolhoy.co\/index.php\/2022\/06\/05\/gales-se-clasifico-a-qatar-2022\/\" \/>\n<meta property=\"og:locale\" content=\"es_ES\" \/>\n<meta property=\"og:type\" content=\"article\" \/>\n<meta property=\"og:title\" content=\"Gales se clasific\u00f3 a Qatar 2022 -\" \/>\n<meta property=\"og:description\" content=\"Gales se impuso 1-0 sobre Ucrania, en partido disputado en el Cardiff City Stadium, y se convirti\u00f3 en la selecci\u00f3n 30 clasificada al Mundial Qatar 2022. El \u00fanico gol del juego fue convertido por Andriy Yarmolenko (34\u2019) en propia puerta, despu\u00e9s de un centro de Gareth Bale, y donde el ucraniano cambi\u00f3 la trayectoria venciendo [&hellip;]\" \/>\n<meta property=\"og:url\" content=\"https:\/\/futbolhoy.co\/index.php\/2022\/06\/05\/gales-se-clasifico-a-qatar-2022\/\" \/>\n<meta property=\"article:publisher\" content=\"https:\/\/www.facebook.com\/FutbolHoyCol\/\" \/>\n<meta property=\"article:published_time\" content=\"2022-06-05T18:08:14+00:00\" \/>\n<meta property=\"article:modified_time\" content=\"2022-06-05T18:55:09+00:00\" \/>\n<meta property=\"og:image\" content=\"https:\/\/futbolhoy.co\/wp-content\/uploads\/2022\/06\/20220605_130749.jpg\" \/>\n\t<meta property=\"og:image:width\" content=\"1200\" \/>\n\t<meta property=\"og:image:height\" content=\"800\" \/>\n\t<meta property=\"og:image:type\" content=\"image\/jpeg\" \/>\n<meta name=\"author\" content=\"Laura Hern\u00e1ndez\" \/>\n<meta name=\"twitter:card\" content=\"summary_large_image\" \/>\n<meta name=\"twitter:creator\" content=\"@FutbolHoyCol\" \/>\n<meta name=\"twitter:site\" content=\"@FutbolHoyCol\" \/>\n<meta name=\"twitter:label1\" content=\"Escrito por\" \/>\n\t<meta name=\"twitter:data1\" content=\"Laura Hern\u00e1ndez\" \/>\n\t<meta name=\"twitter:label2\" content=\"Tiempo de lectura\" \/>\n\t<meta name=\"twitter:data2\" content=\"1 minuto\" \/>\n<script type=\"application\/ld+json\" class=\"yoast-schema-graph\">{\"@context\":\"https:\\\/\\\/schema.org\",\"@graph\":[{\"@type\":\"Article\",\"@id\":\"https:\\\/\\\/futbolhoy.co\\\/index.php\\\/2022\\\/06\\\/05\\\/gales-se-clasifico-a-qatar-2022\\\/#article\",\"isPartOf\":{\"@id\":\"https:\\\/\\\/futbolhoy.co\\\/index.php\\\/2022\\\/06\\\/05\\\/gales-se-clasifico-a-qatar-2022\\\/\"},\"author\":{\"name\":\"Laura Hern\u00e1ndez\",\"@id\":\"https:\\\/\\\/futbolhoy.co\\\/#\\\/schema\\\/person\\\/c4a353a512b127643723a34bb1812f7d\"},\"headline\":\"Gales se clasific\u00f3 a Qatar 2022\",\"datePublished\":\"2022-06-05T18:08:14+00:00\",\"dateModified\":\"2022-06-05T18:55:09+00:00\",\"mainEntityOfPage\":{\"@id\":\"https:\\\/\\\/futbolhoy.co\\\/index.php\\\/2022\\\/06\\\/05\\\/gales-se-clasifico-a-qatar-2022\\\/\"},\"wordCount\":133,\"commentCount\":0,\"image\":{\"@id\":\"https:\\\/\\\/futbolhoy.co\\\/index.php\\\/2022\\\/06\\\/05\\\/gales-se-clasifico-a-qatar-2022\\\/#primaryimage\"},\"thumbnailUrl\":\"https:\\\/\\\/futbolhoy.co\\\/wp-content\\\/uploads\\\/2022\\\/06\\\/20220605_130749.jpg\",\"articleSection\":[\"Destacados\"],\"inLanguage\":\"es\",\"potentialAction\":[{\"@type\":\"CommentAction\",\"name\":\"Comment\",\"target\":[\"https:\\\/\\\/futbolhoy.co\\\/index.php\\\/2022\\\/06\\\/05\\\/gales-se-clasifico-a-qatar-2022\\\/#respond\"]}]},{\"@type\":\"WebPage\",\"@id\":\"https:\\\/\\\/futbolhoy.co\\\/index.php\\\/2022\\\/06\\\/05\\\/gales-se-clasifico-a-qatar-2022\\\/\",\"url\":\"https:\\\/\\\/futbolhoy.co\\\/index.php\\\/2022\\\/06\\\/05\\\/gales-se-clasifico-a-qatar-2022\\\/\",\"name\":\"Gales se clasific\u00f3 a Qatar 2022 -\",\"isPartOf\":{\"@id\":\"https:\\\/\\\/futbolhoy.co\\\/#website\"},\"primaryImageOfPage\":{\"@id\":\"https:\\\/\\\/futbolhoy.co\\\/index.php\\\/2022\\\/06\\\/05\\\/gales-se-clasifico-a-qatar-2022\\\/#primaryimage\"},\"image\":{\"@id\":\"https:\\\/\\\/futbolhoy.co\\\/index.php\\\/2022\\\/06\\\/05\\\/gales-se-clasifico-a-qatar-2022\\\/#primaryimage\"},\"thumbnailUrl\":\"https:\\\/\\\/futbolhoy.co\\\/wp-content\\\/uploads\\\/2022\\\/06\\\/20220605_130749.jpg\",\"datePublished\":\"2022-06-05T18:08:14+00:00\",\"dateModified\":\"2022-06-05T18:55:09+00:00\",\"author\":{\"@id\":\"https:\\\/\\\/futbolhoy.co\\\/#\\\/schema\\\/person\\\/c4a353a512b127643723a34bb1812f7d\"},\"breadcrumb\":{\"@id\":\"https:\\\/\\\/futbolhoy.co\\\/index.php\\\/2022\\\/06\\\/05\\\/gales-se-clasifico-a-qatar-2022\\\/#breadcrumb\"},\"inLanguage\":\"es\",\"potentialAction\":[{\"@type\":\"ReadAction\",\"target\":[\"https:\\\/\\\/futbolhoy.co\\\/index.php\\\/2022\\\/06\\\/05\\\/gales-se-clasifico-a-qatar-2022\\\/\"]}]},{\"@type\":\"ImageObject\",\"inLanguage\":\"es\",\"@id\":\"https:\\\/\\\/futbolhoy.co\\\/index.php\\\/2022\\\/06\\\/05\\\/gales-se-clasifico-a-qatar-2022\\\/#primaryimage\",\"url\":\"https:\\\/\\\/futbolhoy.co\\\/wp-content\\\/uploads\\\/2022\\\/06\\\/20220605_130749.jpg\",\"contentUrl\":\"https:\\\/\\\/futbolhoy.co\\\/wp-content\\\/uploads\\\/2022\\\/06\\\/20220605_130749.jpg\",\"width\":1200,\"height\":800},{\"@type\":\"BreadcrumbList\",\"@id\":\"https:\\\/\\\/futbolhoy.co\\\/index.php\\\/2022\\\/06\\\/05\\\/gales-se-clasifico-a-qatar-2022\\\/#breadcrumb\",\"itemListElement\":[{\"@type\":\"ListItem\",\"position\":1,\"name\":\"Portada\",\"item\":\"https:\\\/\\\/futbolhoy.co\\\/\"},{\"@type\":\"ListItem\",\"position\":2,\"name\":\"Gales se clasific\u00f3 a Qatar 2022\"}]},{\"@type\":\"WebSite\",\"@id\":\"https:\\\/\\\/futbolhoy.co\\\/#website\",\"url\":\"https:\\\/\\\/futbolhoy.co\\\/\",\"name\":\"FutbolHoy\",\"description\":\"\",\"potentialAction\":[{\"@type\":\"SearchAction\",\"target\":{\"@type\":\"EntryPoint\",\"urlTemplate\":\"https:\\\/\\\/futbolhoy.co\\\/?s={search_term_string}\"},\"query-input\":{\"@type\":\"PropertyValueSpecification\",\"valueRequired\":true,\"valueName\":\"search_term_string\"}}],\"inLanguage\":\"es\"},{\"@type\":\"Person\",\"@id\":\"https:\\\/\\\/futbolhoy.co\\\/#\\\/schema\\\/person\\\/c4a353a512b127643723a34bb1812f7d\",\"name\":\"Laura Hern\u00e1ndez\",\"image\":{\"@type\":\"ImageObject\",\"inLanguage\":\"es\",\"@id\":\"https:\\\/\\\/secure.gravatar.com\\\/avatar\\\/1ae6b7966942c60c822ea71afe0e5cf4105b8e983193883c6d026db4d508431d?s=96&d=mm&r=g\",\"url\":\"https:\\\/\\\/secure.gravatar.com\\\/avatar\\\/1ae6b7966942c60c822ea71afe0e5cf4105b8e983193883c6d026db4d508431d?s=96&d=mm&r=g\",\"contentUrl\":\"https:\\\/\\\/secure.gravatar.com\\\/avatar\\\/1ae6b7966942c60c822ea71afe0e5cf4105b8e983193883c6d026db4d508431d?s=96&d=mm&r=g\",\"caption\":\"Laura Hern\u00e1ndez\"}}]}<\/script>\n<!-- \/ Yoast SEO plugin. -->","yoast_head_json":{"title":"Gales se clasific\u00f3 a Qatar 2022 -","robots":{"index":"index","follow":"follow","max-snippet":"max-snippet:-1","max-image-preview":"max-image-preview:large","max-video-preview":"max-video-preview:-1"},"canonical":"https:\/\/futbolhoy.co\/index.php\/2022\/06\/05\/gales-se-clasifico-a-qatar-2022\/","og_locale":"es_ES","og_type":"article","og_title":"Gales se clasific\u00f3 a Qatar 2022 -","og_description":"Gales se impuso 1-0 sobre Ucrania, en partido disputado en el Cardiff City Stadium, y se convirti\u00f3 en la selecci\u00f3n 30 clasificada al Mundial Qatar 2022. El \u00fanico gol del juego fue convertido por Andriy Yarmolenko (34\u2019) en propia puerta, despu\u00e9s de un centro de Gareth Bale, y donde el ucraniano cambi\u00f3 la trayectoria venciendo [&hellip;]","og_url":"https:\/\/futbolhoy.co\/index.php\/2022\/06\/05\/gales-se-clasifico-a-qatar-2022\/","article_publisher":"https:\/\/www.facebook.com\/FutbolHoyCol\/","article_published_time":"2022-06-05T18:08:14+00:00","article_modified_time":"2022-06-05T18:55:09+00:00","og_image":[{"width":1200,"height":800,"url":"https:\/\/futbolhoy.co\/wp-content\/uploads\/2022\/06\/20220605_130749.jpg","type":"image\/jpeg"}],"author":"Laura Hern\u00e1ndez","twitter_card":"summary_large_image","twitter_creator":"@FutbolHoyCol","twitter_site":"@FutbolHoyCol","twitter_misc":{"Escrito por":"Laura Hern\u00e1ndez","Tiempo de lectura":"1 minuto"},"schema":{"@context":"https:\/\/schema.org","@graph":[{"@type":"Article","@id":"https:\/\/futbolhoy.co\/index.php\/2022\/06\/05\/gales-se-clasifico-a-qatar-2022\/#article","isPartOf":{"@id":"https:\/\/futbolhoy.co\/index.php\/2022\/06\/05\/gales-se-clasifico-a-qatar-2022\/"},"author":{"name":"Laura Hern\u00e1ndez","@id":"https:\/\/futbolhoy.co\/#\/schema\/person\/c4a353a512b127643723a34bb1812f7d"},"headline":"Gales se clasific\u00f3 a Qatar 2022","datePublished":"2022-06-05T18:08:14+00:00","dateModified":"2022-06-05T18:55:09+00:00","mainEntityOfPage":{"@id":"https:\/\/futbolhoy.co\/index.php\/2022\/06\/05\/gales-se-clasifico-a-qatar-2022\/"},"wordCount":133,"commentCount":0,"image":{"@id":"https:\/\/futbolhoy.co\/index.php\/2022\/06\/05\/gales-se-clasifico-a-qatar-2022\/#primaryimage"},"thumbnailUrl":"https:\/\/futbolhoy.co\/wp-content\/uploads\/2022\/06\/20220605_130749.jpg","articleSection":["Destacados"],"inLanguage":"es","potentialAction":[{"@type":"CommentAction","name":"Comment","target":["https:\/\/futbolhoy.co\/index.php\/2022\/06\/05\/gales-se-clasifico-a-qatar-2022\/#respond"]}]},{"@type":"WebPage","@id":"https:\/\/futbolhoy.co\/index.php\/2022\/06\/05\/gales-se-clasifico-a-qatar-2022\/","url":"https:\/\/futbolhoy.co\/index.php\/2022\/06\/05\/gales-se-clasifico-a-qatar-2022\/","name":"Gales se clasific\u00f3 a Qatar 2022 -","isPartOf":{"@id":"https:\/\/futbolhoy.co\/#website"},"primaryImageOfPage":{"@id":"https:\/\/futbolhoy.co\/index.php\/2022\/06\/05\/gales-se-clasifico-a-qatar-2022\/#primaryimage"},"image":{"@id":"https:\/\/futbolhoy.co\/index.php\/2022\/06\/05\/gales-se-clasifico-a-qatar-2022\/#primaryimage"},"thumbnailUrl":"https:\/\/futbolhoy.co\/wp-content\/uploads\/2022\/06\/20220605_130749.jpg","datePublished":"2022-06-05T18:08:14+00:00","dateModified":"2022-06-05T18:55:09+00:00","author":{"@id":"https:\/\/futbolhoy.co\/#\/schema\/person\/c4a353a512b127643723a34bb1812f7d"},"breadcrumb":{"@id":"https:\/\/futbolhoy.co\/index.php\/2022\/06\/05\/gales-se-clasifico-a-qatar-2022\/#breadcrumb"},"inLanguage":"es","potentialAction":[{"@type":"ReadAction","target":["https:\/\/futbolhoy.co\/index.php\/2022\/06\/05\/gales-se-clasifico-a-qatar-2022\/"]}]},{"@type":"ImageObject","inLanguage":"es","@id":"https:\/\/futbolhoy.co\/index.php\/2022\/06\/05\/gales-se-clasifico-a-qatar-2022\/#primaryimage","url":"https:\/\/futbolhoy.co\/wp-content\/uploads\/2022\/06\/20220605_130749.jpg","contentUrl":"https:\/\/futbolhoy.co\/wp-content\/uploads\/2022\/06\/20220605_130749.jpg","width":1200,"height":800},{"@type":"BreadcrumbList","@id":"https:\/\/futbolhoy.co\/index.php\/2022\/06\/05\/gales-se-clasifico-a-qatar-2022\/#breadcrumb","itemListElement":[{"@type":"ListItem","position":1,"name":"Portada","item":"https:\/\/futbolhoy.co\/"},{"@type":"ListItem","position":2,"name":"Gales se clasific\u00f3 a Qatar 2022"}]},{"@type":"WebSite","@id":"https:\/\/futbolhoy.co\/#website","url":"https:\/\/futbolhoy.co\/","name":"FutbolHoy","description":"","potentialAction":[{"@type":"SearchAction","target":{"@type":"EntryPoint","urlTemplate":"https:\/\/futbolhoy.co\/?s={search_term_string}"},"query-input":{"@type":"PropertyValueSpecification","valueRequired":true,"valueName":"search_term_string"}}],"inLanguage":"es"},{"@type":"Person","@id":"https:\/\/futbolhoy.co\/#\/schema\/person\/c4a353a512b127643723a34bb1812f7d","name":"Laura Hern\u00e1ndez","image":{"@type":"ImageObject","inLanguage":"es","@id":"https:\/\/secure.gravatar.com\/avatar\/1ae6b7966942c60c822ea71afe0e5cf4105b8e983193883c6d026db4d508431d?s=96&d=mm&r=g","url":"https:\/\/secure.gravatar.com\/avatar\/1ae6b7966942c60c822ea71afe0e5cf4105b8e983193883c6d026db4d508431d?s=96&d=mm&r=g","contentUrl":"https:\/\/secure.gravatar.com\/avatar\/1ae6b7966942c60c822ea71afe0e5cf4105b8e983193883c6d026db4d508431d?s=96&d=mm&r=g","caption":"Laura Hern\u00e1ndez"}}]}},"_links":{"self":[{"href":"https:\/\/futbolhoy.co\/index.php\/wp-json\/wp\/v2\/posts\/80998","targetHints":{"allow":["GET"]}}],"collection":[{"href":"https:\/\/futbolhoy.co\/index.php\/wp-json\/wp\/v2\/posts"}],"about":[{"href":"https:\/\/futbolhoy.co\/index.php\/wp-json\/wp\/v2\/types\/post"}],"author":[{"embeddable":true,"href":"https:\/\/futbolhoy.co\/index.php\/wp-json\/wp\/v2\/users\/5"}],"replies":[{"embeddable":true,"href":"https:\/\/futbolhoy.co\/index.php\/wp-json\/wp\/v2\/comments?post=80998"}],"version-history":[{"count":4,"href":"https:\/\/futbolhoy.co\/index.php\/wp-json\/wp\/v2\/posts\/80998\/revisions"}],"predecessor-version":[{"id":81020,"href":"https:\/\/futbolhoy.co\/index.php\/wp-json\/wp\/v2\/posts\/80998\/revisions\/81020"}],"wp:featuredmedia":[{"embeddable":true,"href":"https:\/\/futbolhoy.co\/index.php\/wp-json\/wp\/v2\/media\/80999"}],"wp:attachment":[{"href":"https:\/\/futbolhoy.co\/index.php\/wp-json\/wp\/v2\/media?parent=80998"}],"wp:term":[{"taxonomy":"category","embeddable":true,"href":"https:\/\/futbolhoy.co\/index.php\/wp-json\/wp\/v2\/categories?post=80998"},{"taxonomy":"post_tag","embeddable":true,"href":"https:\/\/futbolhoy.co\/index.php\/wp-json\/wp\/v2\/tags?post=80998"}],"curies":[{"name":"wp","href":"https:\/\/api.w.org\/{rel}","templated":true}]}}