{"id":81070,"date":"2022-06-06T08:27:03","date_gmt":"2022-06-06T13:27:03","guid":{"rendered":"https:\/\/futbolhoy.co\/?p=81070"},"modified":"2022-06-06T22:28:20","modified_gmt":"2022-06-07T03:28:20","slug":"diaz-en-el-top-10-de-los-mas-valiosos","status":"publish","type":"post","link":"https:\/\/futbolhoy.co\/index.php\/2022\/06\/06\/diaz-en-el-top-10-de-los-mas-valiosos\/","title":{"rendered":"D\u00edaz, en el Top 10 de los m\u00e1s valiosos"},"content":{"rendered":"<p style=\"text-align: justify;\"><span style=\"font-family: helvetica, arial, sans-serif;\">El delantero gu\u00e1jiro <strong>Luis D\u00edaz<\/strong> figura en el Top 10 de los jugadores m\u00e1s valiosos del mundo, seg\u00fan una estimaci\u00f3n que hizo el<strong> Observatorio del F\u00fatbol (CIES).<\/strong><\/span><\/p>\n<p style=\"text-align: justify;\"><span style=\"font-family: helvetica, arial, sans-serif;\">D\u00edaz, quien tuvo un gran remate de temporada con <strong>Liverpool<\/strong> -a donde lleg\u00f3 desde <strong>Porto<\/strong> en enero- fue valorado en 110 millones de euros para una eventual trasferencia.<\/span><\/p>\n<p style=\"text-align: justify;\"><span style=\"font-family: helvetica, arial, sans-serif;\">El colombiano disput\u00f3 54 partidos y marc\u00f3 22 goles durante el a\u00f1o deportivo, donde jug\u00f3 la primera parte con el equipo portugu\u00e9s.<\/span><\/p>\n<p style=\"text-align: justify;\"><span style=\"font-family: helvetica, arial, sans-serif;\">La lista la lidera el franc\u00e9s <strong>Kylian Mbapp\u00e9 (PSG)<\/strong>, cuya transferencia alcanzar\u00eda un valor de 205.6 millones de euros.<\/span><\/p>\n<p style=\"text-align: justify;\"><span style=\"font-family: helvetica, arial, sans-serif;\">El brasile\u00f1o<strong> Vinicius Jr. (Real Madrid)<\/strong>, con 185.3 millones de euros, aparece segundo; mientras que <strong>Erling Haaland (Manchester City)<\/strong> ocupa la tercera posici\u00f3n con un costo de transferencia de 152.6 millones de euros.<\/span><\/p>\n<blockquote class=\"twitter-tweet\">\n<p dir=\"ltr\" lang=\"en\">Exclusive <a href=\"https:\/\/twitter.com\/CIES_Football?ref_src=twsrc%5Etfw\">@CIES_Football<\/a> \u26bd\ufe0f list of top \ud83d\udcaf estimated transfer values \ud83c\udf10<br \/>\n\ud83e\udd47 <a href=\"https:\/\/twitter.com\/KMbappe?ref_src=twsrc%5Etfw\">@KMbappe<\/a> \ud83c\uddeb\ud83c\uddf7 (<a href=\"https:\/\/twitter.com\/PSG_inside?ref_src=twsrc%5Etfw\">@PSG_inside<\/a>) \u20ac2\u20e30\u20e36\u20e3M<br \/>\n\ud83e\udd48 <a href=\"https:\/\/twitter.com\/vinijr?ref_src=twsrc%5Etfw\">@vinijr<\/a> \ud83c\udde7\ud83c\uddf7 (<a href=\"https:\/\/twitter.com\/realmadrid?ref_src=twsrc%5Etfw\">@realmadrid<\/a>) \u20ac1\u20e38\u20e35\u20e3M<br \/>\n\ud83e\udd49 <a href=\"https:\/\/twitter.com\/ErlingHaaland?ref_src=twsrc%5Etfw\">@ErlingHaaland<\/a> \ud83c\uddf3\ud83c\uddf4 (<a href=\"https:\/\/twitter.com\/ManCity?ref_src=twsrc%5Etfw\">@ManCity<\/a>) \u20ac1\u20e35\u20e33\u20e3M<br \/>\nFull list and method \ud83d\udc49 <a href=\"https:\/\/t.co\/Lyym775CHC\">https:\/\/t.co\/Lyym775CHC<\/a> <a href=\"https:\/\/t.co\/9jbsny7Tms\">pic.twitter.com\/9jbsny7Tms<\/a><\/p>\n<p>\u2014 CIES Football Obs (@CIES_Football) <a href=\"https:\/\/twitter.com\/CIES_Football\/status\/1533736704435073024?ref_src=twsrc%5Etfw\">June 6, 2022<\/a><\/p><\/blockquote>\n<p><script async src=\"https:\/\/platform.twitter.com\/widgets.js\" charset=\"utf-8\"><\/script><\/p>\n","protected":false},"excerpt":{"rendered":"<p>El delantero gu\u00e1jiro Luis D\u00edaz figura en el Top 10 de los jugadores m\u00e1s valiosos del mundo, seg\u00fan una estimaci\u00f3n que hizo el Observatorio del F\u00fatbol (CIES). D\u00edaz, quien tuvo un gran remate de temporada con Liverpool -a donde lleg\u00f3 desde Porto en enero- fue valorado en 110 millones de euros para una eventual trasferencia. [&hellip;]<\/p>\n","protected":false},"author":5,"featured_media":79845,"comment_status":"open","ping_status":"open","sticky":false,"template":"","format":"standard","meta":{"_acf_changed":false,"footnotes":""},"categories":[418],"tags":[],"class_list":{"0":"post-81070","1":"post","2":"type-post","3":"status-publish","4":"format-standard","5":"has-post-thumbnail","7":"category-colombia"},"acf":[],"yoast_head":"<!-- This site is optimized with the Yoast SEO plugin v26.8 - https:\/\/yoast.com\/product\/yoast-seo-wordpress\/ -->\n<title>D\u00edaz, en el Top 10 de los m\u00e1s valiosos -<\/title>\n<meta name=\"robots\" content=\"index, follow, max-snippet:-1, max-image-preview:large, max-video-preview:-1\" \/>\n<link rel=\"canonical\" href=\"https:\/\/futbolhoy.co\/index.php\/2022\/06\/06\/diaz-en-el-top-10-de-los-mas-valiosos\/\" \/>\n<meta property=\"og:locale\" content=\"es_ES\" \/>\n<meta property=\"og:type\" content=\"article\" \/>\n<meta property=\"og:title\" content=\"D\u00edaz, en el Top 10 de los m\u00e1s valiosos -\" \/>\n<meta property=\"og:description\" content=\"El delantero gu\u00e1jiro Luis D\u00edaz figura en el Top 10 de los jugadores m\u00e1s valiosos del mundo, seg\u00fan una estimaci\u00f3n que hizo el Observatorio del F\u00fatbol (CIES). D\u00edaz, quien tuvo un gran remate de temporada con Liverpool -a donde lleg\u00f3 desde Porto en enero- fue valorado en 110 millones de euros para una eventual trasferencia. [&hellip;]\" \/>\n<meta property=\"og:url\" content=\"https:\/\/futbolhoy.co\/index.php\/2022\/06\/06\/diaz-en-el-top-10-de-los-mas-valiosos\/\" \/>\n<meta property=\"article:publisher\" content=\"https:\/\/www.facebook.com\/FutbolHoyCol\/\" \/>\n<meta property=\"article:published_time\" content=\"2022-06-06T13:27:03+00:00\" \/>\n<meta property=\"article:modified_time\" content=\"2022-06-07T03:28:20+00:00\" \/>\n<meta property=\"og:image\" content=\"https:\/\/futbolhoy.co\/wp-content\/uploads\/2022\/05\/20220507_160244-819x1024.jpg\" \/>\n\t<meta property=\"og:image:width\" content=\"819\" \/>\n\t<meta property=\"og:image:height\" content=\"1024\" \/>\n\t<meta property=\"og:image:type\" content=\"image\/jpeg\" \/>\n<meta name=\"author\" content=\"Laura Hern\u00e1ndez\" \/>\n<meta name=\"twitter:card\" content=\"summary_large_image\" \/>\n<meta name=\"twitter:creator\" content=\"@FutbolHoyCol\" \/>\n<meta name=\"twitter:site\" content=\"@FutbolHoyCol\" \/>\n<meta name=\"twitter:label1\" content=\"Escrito por\" \/>\n\t<meta name=\"twitter:data1\" content=\"Laura Hern\u00e1ndez\" \/>\n\t<meta name=\"twitter:label2\" content=\"Tiempo de lectura\" \/>\n\t<meta name=\"twitter:data2\" content=\"1 minuto\" \/>\n<script type=\"application\/ld+json\" class=\"yoast-schema-graph\">{\"@context\":\"https:\/\/schema.org\",\"@graph\":[{\"@type\":\"Article\",\"@id\":\"https:\/\/futbolhoy.co\/index.php\/2022\/06\/06\/diaz-en-el-top-10-de-los-mas-valiosos\/#article\",\"isPartOf\":{\"@id\":\"https:\/\/futbolhoy.co\/index.php\/2022\/06\/06\/diaz-en-el-top-10-de-los-mas-valiosos\/\"},\"author\":{\"name\":\"Laura Hern\u00e1ndez\",\"@id\":\"https:\/\/futbolhoy.co\/#\/schema\/person\/c4a353a512b127643723a34bb1812f7d\"},\"headline\":\"D\u00edaz, en el Top 10 de los m\u00e1s valiosos\",\"datePublished\":\"2022-06-06T13:27:03+00:00\",\"dateModified\":\"2022-06-07T03:28:20+00:00\",\"mainEntityOfPage\":{\"@id\":\"https:\/\/futbolhoy.co\/index.php\/2022\/06\/06\/diaz-en-el-top-10-de-los-mas-valiosos\/\"},\"wordCount\":184,\"commentCount\":0,\"publisher\":{\"@id\":\"https:\/\/futbolhoy.co\/#organization\"},\"image\":{\"@id\":\"https:\/\/futbolhoy.co\/index.php\/2022\/06\/06\/diaz-en-el-top-10-de-los-mas-valiosos\/#primaryimage\"},\"thumbnailUrl\":\"https:\/\/futbolhoy.co\/wp-content\/uploads\/2022\/05\/20220507_160244.jpg\",\"articleSection\":[\"Colombia\"],\"inLanguage\":\"es\",\"potentialAction\":[{\"@type\":\"CommentAction\",\"name\":\"Comment\",\"target\":[\"https:\/\/futbolhoy.co\/index.php\/2022\/06\/06\/diaz-en-el-top-10-de-los-mas-valiosos\/#respond\"]}]},{\"@type\":\"WebPage\",\"@id\":\"https:\/\/futbolhoy.co\/index.php\/2022\/06\/06\/diaz-en-el-top-10-de-los-mas-valiosos\/\",\"url\":\"https:\/\/futbolhoy.co\/index.php\/2022\/06\/06\/diaz-en-el-top-10-de-los-mas-valiosos\/\",\"name\":\"D\u00edaz, en el Top 10 de los m\u00e1s valiosos -\",\"isPartOf\":{\"@id\":\"https:\/\/futbolhoy.co\/#website\"},\"primaryImageOfPage\":{\"@id\":\"https:\/\/futbolhoy.co\/index.php\/2022\/06\/06\/diaz-en-el-top-10-de-los-mas-valiosos\/#primaryimage\"},\"image\":{\"@id\":\"https:\/\/futbolhoy.co\/index.php\/2022\/06\/06\/diaz-en-el-top-10-de-los-mas-valiosos\/#primaryimage\"},\"thumbnailUrl\":\"https:\/\/futbolhoy.co\/wp-content\/uploads\/2022\/05\/20220507_160244.jpg\",\"datePublished\":\"2022-06-06T13:27:03+00:00\",\"dateModified\":\"2022-06-07T03:28:20+00:00\",\"breadcrumb\":{\"@id\":\"https:\/\/futbolhoy.co\/index.php\/2022\/06\/06\/diaz-en-el-top-10-de-los-mas-valiosos\/#breadcrumb\"},\"inLanguage\":\"es\",\"potentialAction\":[{\"@type\":\"ReadAction\",\"target\":[\"https:\/\/futbolhoy.co\/index.php\/2022\/06\/06\/diaz-en-el-top-10-de-los-mas-valiosos\/\"]}]},{\"@type\":\"ImageObject\",\"inLanguage\":\"es\",\"@id\":\"https:\/\/futbolhoy.co\/index.php\/2022\/06\/06\/diaz-en-el-top-10-de-los-mas-valiosos\/#primaryimage\",\"url\":\"https:\/\/futbolhoy.co\/wp-content\/uploads\/2022\/05\/20220507_160244.jpg\",\"contentUrl\":\"https:\/\/futbolhoy.co\/wp-content\/uploads\/2022\/05\/20220507_160244.jpg\",\"width\":1850,\"height\":2313},{\"@type\":\"BreadcrumbList\",\"@id\":\"https:\/\/futbolhoy.co\/index.php\/2022\/06\/06\/diaz-en-el-top-10-de-los-mas-valiosos\/#breadcrumb\",\"itemListElement\":[{\"@type\":\"ListItem\",\"position\":1,\"name\":\"Portada\",\"item\":\"https:\/\/futbolhoy.co\/\"},{\"@type\":\"ListItem\",\"position\":2,\"name\":\"D\u00edaz, en el Top 10 de los m\u00e1s valiosos\"}]},{\"@type\":\"WebSite\",\"@id\":\"https:\/\/futbolhoy.co\/#website\",\"url\":\"https:\/\/futbolhoy.co\/\",\"name\":\"FutbolHoy\",\"description\":\"\",\"publisher\":{\"@id\":\"https:\/\/futbolhoy.co\/#organization\"},\"potentialAction\":[{\"@type\":\"SearchAction\",\"target\":{\"@type\":\"EntryPoint\",\"urlTemplate\":\"https:\/\/futbolhoy.co\/?s={search_term_string}\"},\"query-input\":{\"@type\":\"PropertyValueSpecification\",\"valueRequired\":true,\"valueName\":\"search_term_string\"}}],\"inLanguage\":\"es\"},{\"@type\":\"Organization\",\"@id\":\"https:\/\/futbolhoy.co\/#organization\",\"name\":\"Futbolhoy.co\",\"url\":\"https:\/\/futbolhoy.co\/\",\"logo\":{\"@type\":\"ImageObject\",\"inLanguage\":\"es\",\"@id\":\"https:\/\/futbolhoy.co\/#\/schema\/logo\/image\/\",\"url\":\"https:\/\/futbolhoy.co\/wp-content\/uploads\/2018\/08\/17426380_1906371736249227_6326180412931521141_n.jpg\",\"contentUrl\":\"https:\/\/futbolhoy.co\/wp-content\/uploads\/2018\/08\/17426380_1906371736249227_6326180412931521141_n.jpg\",\"width\":960,\"height\":960,\"caption\":\"Futbolhoy.co\"},\"image\":{\"@id\":\"https:\/\/futbolhoy.co\/#\/schema\/logo\/image\/\"},\"sameAs\":[\"https:\/\/www.facebook.com\/FutbolHoyCol\/\",\"https:\/\/x.com\/FutbolHoyCol\",\"https:\/\/www.instagram.com\/futbolhoycol\/\"]},{\"@type\":\"Person\",\"@id\":\"https:\/\/futbolhoy.co\/#\/schema\/person\/c4a353a512b127643723a34bb1812f7d\",\"name\":\"Laura Hern\u00e1ndez\",\"image\":{\"@type\":\"ImageObject\",\"inLanguage\":\"es\",\"@id\":\"https:\/\/futbolhoy.co\/#\/schema\/person\/image\/\",\"url\":\"https:\/\/secure.gravatar.com\/avatar\/d25959a15b9b293a743f99181c7cfd01?s=96&d=mm&r=g\",\"contentUrl\":\"https:\/\/secure.gravatar.com\/avatar\/d25959a15b9b293a743f99181c7cfd01?s=96&d=mm&r=g\",\"caption\":\"Laura Hern\u00e1ndez\"}}]}<\/script>\n<!-- \/ Yoast SEO plugin. -->","yoast_head_json":{"title":"D\u00edaz, en el Top 10 de los m\u00e1s valiosos -","robots":{"index":"index","follow":"follow","max-snippet":"max-snippet:-1","max-image-preview":"max-image-preview:large","max-video-preview":"max-video-preview:-1"},"canonical":"https:\/\/futbolhoy.co\/index.php\/2022\/06\/06\/diaz-en-el-top-10-de-los-mas-valiosos\/","og_locale":"es_ES","og_type":"article","og_title":"D\u00edaz, en el Top 10 de los m\u00e1s valiosos -","og_description":"El delantero gu\u00e1jiro Luis D\u00edaz figura en el Top 10 de los jugadores m\u00e1s valiosos del mundo, seg\u00fan una estimaci\u00f3n que hizo el Observatorio del F\u00fatbol (CIES). D\u00edaz, quien tuvo un gran remate de temporada con Liverpool -a donde lleg\u00f3 desde Porto en enero- fue valorado en 110 millones de euros para una eventual trasferencia. [&hellip;]","og_url":"https:\/\/futbolhoy.co\/index.php\/2022\/06\/06\/diaz-en-el-top-10-de-los-mas-valiosos\/","article_publisher":"https:\/\/www.facebook.com\/FutbolHoyCol\/","article_published_time":"2022-06-06T13:27:03+00:00","article_modified_time":"2022-06-07T03:28:20+00:00","og_image":[{"width":819,"height":1024,"url":"https:\/\/futbolhoy.co\/wp-content\/uploads\/2022\/05\/20220507_160244-819x1024.jpg","type":"image\/jpeg"}],"author":"Laura Hern\u00e1ndez","twitter_card":"summary_large_image","twitter_creator":"@FutbolHoyCol","twitter_site":"@FutbolHoyCol","twitter_misc":{"Escrito por":"Laura Hern\u00e1ndez","Tiempo de lectura":"1 minuto"},"schema":{"@context":"https:\/\/schema.org","@graph":[{"@type":"Article","@id":"https:\/\/futbolhoy.co\/index.php\/2022\/06\/06\/diaz-en-el-top-10-de-los-mas-valiosos\/#article","isPartOf":{"@id":"https:\/\/futbolhoy.co\/index.php\/2022\/06\/06\/diaz-en-el-top-10-de-los-mas-valiosos\/"},"author":{"name":"Laura Hern\u00e1ndez","@id":"https:\/\/futbolhoy.co\/#\/schema\/person\/c4a353a512b127643723a34bb1812f7d"},"headline":"D\u00edaz, en el Top 10 de los m\u00e1s valiosos","datePublished":"2022-06-06T13:27:03+00:00","dateModified":"2022-06-07T03:28:20+00:00","mainEntityOfPage":{"@id":"https:\/\/futbolhoy.co\/index.php\/2022\/06\/06\/diaz-en-el-top-10-de-los-mas-valiosos\/"},"wordCount":184,"commentCount":0,"publisher":{"@id":"https:\/\/futbolhoy.co\/#organization"},"image":{"@id":"https:\/\/futbolhoy.co\/index.php\/2022\/06\/06\/diaz-en-el-top-10-de-los-mas-valiosos\/#primaryimage"},"thumbnailUrl":"https:\/\/futbolhoy.co\/wp-content\/uploads\/2022\/05\/20220507_160244.jpg","articleSection":["Colombia"],"inLanguage":"es","potentialAction":[{"@type":"CommentAction","name":"Comment","target":["https:\/\/futbolhoy.co\/index.php\/2022\/06\/06\/diaz-en-el-top-10-de-los-mas-valiosos\/#respond"]}]},{"@type":"WebPage","@id":"https:\/\/futbolhoy.co\/index.php\/2022\/06\/06\/diaz-en-el-top-10-de-los-mas-valiosos\/","url":"https:\/\/futbolhoy.co\/index.php\/2022\/06\/06\/diaz-en-el-top-10-de-los-mas-valiosos\/","name":"D\u00edaz, en el Top 10 de los m\u00e1s valiosos -","isPartOf":{"@id":"https:\/\/futbolhoy.co\/#website"},"primaryImageOfPage":{"@id":"https:\/\/futbolhoy.co\/index.php\/2022\/06\/06\/diaz-en-el-top-10-de-los-mas-valiosos\/#primaryimage"},"image":{"@id":"https:\/\/futbolhoy.co\/index.php\/2022\/06\/06\/diaz-en-el-top-10-de-los-mas-valiosos\/#primaryimage"},"thumbnailUrl":"https:\/\/futbolhoy.co\/wp-content\/uploads\/2022\/05\/20220507_160244.jpg","datePublished":"2022-06-06T13:27:03+00:00","dateModified":"2022-06-07T03:28:20+00:00","breadcrumb":{"@id":"https:\/\/futbolhoy.co\/index.php\/2022\/06\/06\/diaz-en-el-top-10-de-los-mas-valiosos\/#breadcrumb"},"inLanguage":"es","potentialAction":[{"@type":"ReadAction","target":["https:\/\/futbolhoy.co\/index.php\/2022\/06\/06\/diaz-en-el-top-10-de-los-mas-valiosos\/"]}]},{"@type":"ImageObject","inLanguage":"es","@id":"https:\/\/futbolhoy.co\/index.php\/2022\/06\/06\/diaz-en-el-top-10-de-los-mas-valiosos\/#primaryimage","url":"https:\/\/futbolhoy.co\/wp-content\/uploads\/2022\/05\/20220507_160244.jpg","contentUrl":"https:\/\/futbolhoy.co\/wp-content\/uploads\/2022\/05\/20220507_160244.jpg","width":1850,"height":2313},{"@type":"BreadcrumbList","@id":"https:\/\/futbolhoy.co\/index.php\/2022\/06\/06\/diaz-en-el-top-10-de-los-mas-valiosos\/#breadcrumb","itemListElement":[{"@type":"ListItem","position":1,"name":"Portada","item":"https:\/\/futbolhoy.co\/"},{"@type":"ListItem","position":2,"name":"D\u00edaz, en el Top 10 de los m\u00e1s valiosos"}]},{"@type":"WebSite","@id":"https:\/\/futbolhoy.co\/#website","url":"https:\/\/futbolhoy.co\/","name":"FutbolHoy","description":"","publisher":{"@id":"https:\/\/futbolhoy.co\/#organization"},"potentialAction":[{"@type":"SearchAction","target":{"@type":"EntryPoint","urlTemplate":"https:\/\/futbolhoy.co\/?s={search_term_string}"},"query-input":{"@type":"PropertyValueSpecification","valueRequired":true,"valueName":"search_term_string"}}],"inLanguage":"es"},{"@type":"Organization","@id":"https:\/\/futbolhoy.co\/#organization","name":"Futbolhoy.co","url":"https:\/\/futbolhoy.co\/","logo":{"@type":"ImageObject","inLanguage":"es","@id":"https:\/\/futbolhoy.co\/#\/schema\/logo\/image\/","url":"https:\/\/futbolhoy.co\/wp-content\/uploads\/2018\/08\/17426380_1906371736249227_6326180412931521141_n.jpg","contentUrl":"https:\/\/futbolhoy.co\/wp-content\/uploads\/2018\/08\/17426380_1906371736249227_6326180412931521141_n.jpg","width":960,"height":960,"caption":"Futbolhoy.co"},"image":{"@id":"https:\/\/futbolhoy.co\/#\/schema\/logo\/image\/"},"sameAs":["https:\/\/www.facebook.com\/FutbolHoyCol\/","https:\/\/x.com\/FutbolHoyCol","https:\/\/www.instagram.com\/futbolhoycol\/"]},{"@type":"Person","@id":"https:\/\/futbolhoy.co\/#\/schema\/person\/c4a353a512b127643723a34bb1812f7d","name":"Laura Hern\u00e1ndez","image":{"@type":"ImageObject","inLanguage":"es","@id":"https:\/\/futbolhoy.co\/#\/schema\/person\/image\/","url":"https:\/\/secure.gravatar.com\/avatar\/d25959a15b9b293a743f99181c7cfd01?s=96&d=mm&r=g","contentUrl":"https:\/\/secure.gravatar.com\/avatar\/d25959a15b9b293a743f99181c7cfd01?s=96&d=mm&r=g","caption":"Laura Hern\u00e1ndez"}}]}},"publishpress_future_action":{"enabled":false,"date":"2026-05-03 08:43:20","action":"change-status","newStatus":"draft","terms":[],"taxonomy":"category","extraData":[]},"publishpress_future_workflow_manual_trigger":{"enabledWorkflows":[]},"_links":{"self":[{"href":"https:\/\/futbolhoy.co\/index.php\/wp-json\/wp\/v2\/posts\/81070","targetHints":{"allow":["GET"]}}],"collection":[{"href":"https:\/\/futbolhoy.co\/index.php\/wp-json\/wp\/v2\/posts"}],"about":[{"href":"https:\/\/futbolhoy.co\/index.php\/wp-json\/wp\/v2\/types\/post"}],"author":[{"embeddable":true,"href":"https:\/\/futbolhoy.co\/index.php\/wp-json\/wp\/v2\/users\/5"}],"replies":[{"embeddable":true,"href":"https:\/\/futbolhoy.co\/index.php\/wp-json\/wp\/v2\/comments?post=81070"}],"version-history":[{"count":2,"href":"https:\/\/futbolhoy.co\/index.php\/wp-json\/wp\/v2\/posts\/81070\/revisions"}],"predecessor-version":[{"id":81078,"href":"https:\/\/futbolhoy.co\/index.php\/wp-json\/wp\/v2\/posts\/81070\/revisions\/81078"}],"wp:featuredmedia":[{"embeddable":true,"href":"https:\/\/futbolhoy.co\/index.php\/wp-json\/wp\/v2\/media\/79845"}],"wp:attachment":[{"href":"https:\/\/futbolhoy.co\/index.php\/wp-json\/wp\/v2\/media?parent=81070"}],"wp:term":[{"taxonomy":"category","embeddable":true,"href":"https:\/\/futbolhoy.co\/index.php\/wp-json\/wp\/v2\/categories?post=81070"},{"taxonomy":"post_tag","embeddable":true,"href":"https:\/\/futbolhoy.co\/index.php\/wp-json\/wp\/v2\/tags?post=81070"}],"curies":[{"name":"wp","href":"https:\/\/api.w.org\/{rel}","templated":true}]}}