{"id":81103,"date":"2022-06-07T10:10:48","date_gmt":"2022-06-07T15:10:48","guid":{"rendered":"https:\/\/futbolhoy.co\/?p=81103"},"modified":"2022-06-08T07:22:02","modified_gmt":"2022-06-08T12:22:02","slug":"me-siento-bien-en-la-juve-cuadrado","status":"publish","type":"post","link":"https:\/\/futbolhoy.co\/index.php\/2022\/06\/07\/me-siento-bien-en-la-juve-cuadrado\/","title":{"rendered":"Me siento bien en la \u2018Juve\u2019: Cuadrado"},"content":{"rendered":"<p style=\"text-align: justify;\"><span style=\"font-family: helvetica, arial, sans-serif;\">El colombiano <strong>Juan Guillermo Cuadrado<\/strong> sali\u00f3 al paso de las versiones, sobre ofertas de clubes como el <strong>Inter de Mil\u00e1n<\/strong> y el <strong>Atl\u00e9tico de Madrid<\/strong>.<\/span><\/p>\n<p style=\"text-align: justify;\"><span style=\"font-family: helvetica, arial, sans-serif;\">\u201cMe siento muy bien en la Juventus, en ning\u00fan momento he rechazado ninguna propuesta, porque nunca ha habido negociaci\u00f3n. Tengo un gran respeto por mi club y mis compa\u00f1eros\u201d, escribi\u00f3 el antioque\u00f1o en su cuenta de Instagram.<\/span><\/p>\n<p style=\"text-align: justify;\"><span style=\"font-family: helvetica, arial, sans-serif;\"><strong>Cuadrado,<\/strong> quien lleg\u00f3 en agosto del 2015 a la \u2018Vecchia Signora\u2019, tiene contrato hasta junio de 2023.<\/span><\/p>\n<p><span style=\"font-family: helvetica, arial, sans-serif;\"><img fetchpriority=\"high\" decoding=\"async\" class=\"alignnone wp-image-81104 size-large\" src=\"https:\/\/futbolhoy.co\/wp-content\/uploads\/2022\/06\/Screenshot_20220607-100743_Instagram-587x1024.jpg\" alt=\"\" width=\"587\" height=\"1024\" srcset=\"https:\/\/futbolhoy.co\/wp-content\/uploads\/2022\/06\/Screenshot_20220607-100743_Instagram-587x1024.jpg 587w, https:\/\/futbolhoy.co\/wp-content\/uploads\/2022\/06\/Screenshot_20220607-100743_Instagram-172x300.jpg 172w, https:\/\/futbolhoy.co\/wp-content\/uploads\/2022\/06\/Screenshot_20220607-100743_Instagram-768x1340.jpg 768w, https:\/\/futbolhoy.co\/wp-content\/uploads\/2022\/06\/Screenshot_20220607-100743_Instagram-881x1536.jpg 881w, https:\/\/futbolhoy.co\/wp-content\/uploads\/2022\/06\/Screenshot_20220607-100743_Instagram-696x1214.jpg 696w, https:\/\/futbolhoy.co\/wp-content\/uploads\/2022\/06\/Screenshot_20220607-100743_Instagram-1068x1863.jpg 1068w, https:\/\/futbolhoy.co\/wp-content\/uploads\/2022\/06\/Screenshot_20220607-100743_Instagram-241x420.jpg 241w, https:\/\/futbolhoy.co\/wp-content\/uploads\/2022\/06\/Screenshot_20220607-100743_Instagram-73x128.jpg 73w, https:\/\/futbolhoy.co\/wp-content\/uploads\/2022\/06\/Screenshot_20220607-100743_Instagram-18x32.jpg 18w, https:\/\/futbolhoy.co\/wp-content\/uploads\/2022\/06\/Screenshot_20220607-100743_Instagram.jpg 1080w\" sizes=\"(max-width: 587px) 100vw, 587px\" \/><\/span><\/p>\n","protected":false},"excerpt":{"rendered":"<p>El colombiano Juan Guillermo Cuadrado sali\u00f3 al paso de las versiones, sobre ofertas de clubes como el Inter de Mil\u00e1n y el Atl\u00e9tico de Madrid. \u201cMe siento muy bien en la Juventus, en ning\u00fan momento he rechazado ninguna propuesta, porque nunca ha habido negociaci\u00f3n. Tengo un gran respeto por mi club y mis compa\u00f1eros\u201d, escribi\u00f3 [&hellip;]<\/p>\n","protected":false},"author":5,"featured_media":81106,"comment_status":"open","ping_status":"open","sticky":false,"template":"","format":"standard","meta":{"_acf_changed":false,"footnotes":""},"categories":[418],"tags":[],"class_list":{"0":"post-81103","1":"post","2":"type-post","3":"status-publish","4":"format-standard","5":"has-post-thumbnail","7":"category-colombia"},"acf":[],"yoast_head":"<!-- This site is optimized with the Yoast SEO plugin v26.8 - https:\/\/yoast.com\/product\/yoast-seo-wordpress\/ -->\n<title>Me siento bien en la \u2018Juve\u2019: Cuadrado -<\/title>\n<meta name=\"robots\" content=\"index, follow, max-snippet:-1, max-image-preview:large, max-video-preview:-1\" \/>\n<link rel=\"canonical\" href=\"https:\/\/futbolhoy.co\/index.php\/2022\/06\/07\/me-siento-bien-en-la-juve-cuadrado\/\" \/>\n<meta property=\"og:locale\" content=\"es_ES\" \/>\n<meta property=\"og:type\" content=\"article\" \/>\n<meta property=\"og:title\" content=\"Me siento bien en la \u2018Juve\u2019: Cuadrado -\" \/>\n<meta property=\"og:description\" content=\"El colombiano Juan Guillermo Cuadrado sali\u00f3 al paso de las versiones, sobre ofertas de clubes como el Inter de Mil\u00e1n y el Atl\u00e9tico de Madrid. \u201cMe siento muy bien en la Juventus, en ning\u00fan momento he rechazado ninguna propuesta, porque nunca ha habido negociaci\u00f3n. Tengo un gran respeto por mi club y mis compa\u00f1eros\u201d, escribi\u00f3 [&hellip;]\" \/>\n<meta property=\"og:url\" content=\"https:\/\/futbolhoy.co\/index.php\/2022\/06\/07\/me-siento-bien-en-la-juve-cuadrado\/\" \/>\n<meta property=\"article:publisher\" content=\"https:\/\/www.facebook.com\/FutbolHoyCol\/\" \/>\n<meta property=\"article:published_time\" content=\"2022-06-07T15:10:48+00:00\" \/>\n<meta property=\"article:modified_time\" content=\"2022-06-08T12:22:02+00:00\" \/>\n<meta property=\"og:image\" content=\"https:\/\/futbolhoy.co\/wp-content\/uploads\/2022\/06\/20220607_100924.jpg\" \/>\n\t<meta property=\"og:image:width\" content=\"1079\" \/>\n\t<meta property=\"og:image:height\" content=\"595\" \/>\n\t<meta property=\"og:image:type\" content=\"image\/jpeg\" \/>\n<meta name=\"author\" content=\"Laura Hern\u00e1ndez\" \/>\n<meta name=\"twitter:card\" content=\"summary_large_image\" \/>\n<meta name=\"twitter:creator\" content=\"@FutbolHoyCol\" \/>\n<meta name=\"twitter:site\" content=\"@FutbolHoyCol\" \/>\n<meta name=\"twitter:label1\" content=\"Escrito por\" \/>\n\t<meta name=\"twitter:data1\" content=\"Laura Hern\u00e1ndez\" \/>\n\t<meta name=\"twitter:label2\" content=\"Tiempo de lectura\" \/>\n\t<meta name=\"twitter:data2\" content=\"1 minuto\" \/>\n<script type=\"application\/ld+json\" class=\"yoast-schema-graph\">{\"@context\":\"https:\/\/schema.org\",\"@graph\":[{\"@type\":\"Article\",\"@id\":\"https:\/\/futbolhoy.co\/index.php\/2022\/06\/07\/me-siento-bien-en-la-juve-cuadrado\/#article\",\"isPartOf\":{\"@id\":\"https:\/\/futbolhoy.co\/index.php\/2022\/06\/07\/me-siento-bien-en-la-juve-cuadrado\/\"},\"author\":{\"name\":\"Laura Hern\u00e1ndez\",\"@id\":\"https:\/\/futbolhoy.co\/#\/schema\/person\/c4a353a512b127643723a34bb1812f7d\"},\"headline\":\"Me siento bien en la \u2018Juve\u2019: Cuadrado\",\"datePublished\":\"2022-06-07T15:10:48+00:00\",\"dateModified\":\"2022-06-08T12:22:02+00:00\",\"mainEntityOfPage\":{\"@id\":\"https:\/\/futbolhoy.co\/index.php\/2022\/06\/07\/me-siento-bien-en-la-juve-cuadrado\/\"},\"wordCount\":90,\"commentCount\":0,\"publisher\":{\"@id\":\"https:\/\/futbolhoy.co\/#organization\"},\"image\":{\"@id\":\"https:\/\/futbolhoy.co\/index.php\/2022\/06\/07\/me-siento-bien-en-la-juve-cuadrado\/#primaryimage\"},\"thumbnailUrl\":\"https:\/\/futbolhoy.co\/wp-content\/uploads\/2022\/06\/20220607_100924.jpg\",\"articleSection\":[\"Colombia\"],\"inLanguage\":\"es\",\"potentialAction\":[{\"@type\":\"CommentAction\",\"name\":\"Comment\",\"target\":[\"https:\/\/futbolhoy.co\/index.php\/2022\/06\/07\/me-siento-bien-en-la-juve-cuadrado\/#respond\"]}]},{\"@type\":\"WebPage\",\"@id\":\"https:\/\/futbolhoy.co\/index.php\/2022\/06\/07\/me-siento-bien-en-la-juve-cuadrado\/\",\"url\":\"https:\/\/futbolhoy.co\/index.php\/2022\/06\/07\/me-siento-bien-en-la-juve-cuadrado\/\",\"name\":\"Me siento bien en la \u2018Juve\u2019: Cuadrado -\",\"isPartOf\":{\"@id\":\"https:\/\/futbolhoy.co\/#website\"},\"primaryImageOfPage\":{\"@id\":\"https:\/\/futbolhoy.co\/index.php\/2022\/06\/07\/me-siento-bien-en-la-juve-cuadrado\/#primaryimage\"},\"image\":{\"@id\":\"https:\/\/futbolhoy.co\/index.php\/2022\/06\/07\/me-siento-bien-en-la-juve-cuadrado\/#primaryimage\"},\"thumbnailUrl\":\"https:\/\/futbolhoy.co\/wp-content\/uploads\/2022\/06\/20220607_100924.jpg\",\"datePublished\":\"2022-06-07T15:10:48+00:00\",\"dateModified\":\"2022-06-08T12:22:02+00:00\",\"breadcrumb\":{\"@id\":\"https:\/\/futbolhoy.co\/index.php\/2022\/06\/07\/me-siento-bien-en-la-juve-cuadrado\/#breadcrumb\"},\"inLanguage\":\"es\",\"potentialAction\":[{\"@type\":\"ReadAction\",\"target\":[\"https:\/\/futbolhoy.co\/index.php\/2022\/06\/07\/me-siento-bien-en-la-juve-cuadrado\/\"]}]},{\"@type\":\"ImageObject\",\"inLanguage\":\"es\",\"@id\":\"https:\/\/futbolhoy.co\/index.php\/2022\/06\/07\/me-siento-bien-en-la-juve-cuadrado\/#primaryimage\",\"url\":\"https:\/\/futbolhoy.co\/wp-content\/uploads\/2022\/06\/20220607_100924.jpg\",\"contentUrl\":\"https:\/\/futbolhoy.co\/wp-content\/uploads\/2022\/06\/20220607_100924.jpg\",\"width\":1079,\"height\":595},{\"@type\":\"BreadcrumbList\",\"@id\":\"https:\/\/futbolhoy.co\/index.php\/2022\/06\/07\/me-siento-bien-en-la-juve-cuadrado\/#breadcrumb\",\"itemListElement\":[{\"@type\":\"ListItem\",\"position\":1,\"name\":\"Portada\",\"item\":\"https:\/\/futbolhoy.co\/\"},{\"@type\":\"ListItem\",\"position\":2,\"name\":\"Me siento bien en la \u2018Juve\u2019: Cuadrado\"}]},{\"@type\":\"WebSite\",\"@id\":\"https:\/\/futbolhoy.co\/#website\",\"url\":\"https:\/\/futbolhoy.co\/\",\"name\":\"FutbolHoy\",\"description\":\"\",\"publisher\":{\"@id\":\"https:\/\/futbolhoy.co\/#organization\"},\"potentialAction\":[{\"@type\":\"SearchAction\",\"target\":{\"@type\":\"EntryPoint\",\"urlTemplate\":\"https:\/\/futbolhoy.co\/?s={search_term_string}\"},\"query-input\":{\"@type\":\"PropertyValueSpecification\",\"valueRequired\":true,\"valueName\":\"search_term_string\"}}],\"inLanguage\":\"es\"},{\"@type\":\"Organization\",\"@id\":\"https:\/\/futbolhoy.co\/#organization\",\"name\":\"Futbolhoy.co\",\"url\":\"https:\/\/futbolhoy.co\/\",\"logo\":{\"@type\":\"ImageObject\",\"inLanguage\":\"es\",\"@id\":\"https:\/\/futbolhoy.co\/#\/schema\/logo\/image\/\",\"url\":\"https:\/\/futbolhoy.co\/wp-content\/uploads\/2018\/08\/17426380_1906371736249227_6326180412931521141_n.jpg\",\"contentUrl\":\"https:\/\/futbolhoy.co\/wp-content\/uploads\/2018\/08\/17426380_1906371736249227_6326180412931521141_n.jpg\",\"width\":960,\"height\":960,\"caption\":\"Futbolhoy.co\"},\"image\":{\"@id\":\"https:\/\/futbolhoy.co\/#\/schema\/logo\/image\/\"},\"sameAs\":[\"https:\/\/www.facebook.com\/FutbolHoyCol\/\",\"https:\/\/x.com\/FutbolHoyCol\",\"https:\/\/www.instagram.com\/futbolhoycol\/\"]},{\"@type\":\"Person\",\"@id\":\"https:\/\/futbolhoy.co\/#\/schema\/person\/c4a353a512b127643723a34bb1812f7d\",\"name\":\"Laura Hern\u00e1ndez\",\"image\":{\"@type\":\"ImageObject\",\"inLanguage\":\"es\",\"@id\":\"https:\/\/futbolhoy.co\/#\/schema\/person\/image\/\",\"url\":\"https:\/\/secure.gravatar.com\/avatar\/d25959a15b9b293a743f99181c7cfd01?s=96&d=mm&r=g\",\"contentUrl\":\"https:\/\/secure.gravatar.com\/avatar\/d25959a15b9b293a743f99181c7cfd01?s=96&d=mm&r=g\",\"caption\":\"Laura Hern\u00e1ndez\"}}]}<\/script>\n<!-- \/ Yoast SEO plugin. -->","yoast_head_json":{"title":"Me siento bien en la \u2018Juve\u2019: Cuadrado -","robots":{"index":"index","follow":"follow","max-snippet":"max-snippet:-1","max-image-preview":"max-image-preview:large","max-video-preview":"max-video-preview:-1"},"canonical":"https:\/\/futbolhoy.co\/index.php\/2022\/06\/07\/me-siento-bien-en-la-juve-cuadrado\/","og_locale":"es_ES","og_type":"article","og_title":"Me siento bien en la \u2018Juve\u2019: Cuadrado -","og_description":"El colombiano Juan Guillermo Cuadrado sali\u00f3 al paso de las versiones, sobre ofertas de clubes como el Inter de Mil\u00e1n y el Atl\u00e9tico de Madrid. \u201cMe siento muy bien en la Juventus, en ning\u00fan momento he rechazado ninguna propuesta, porque nunca ha habido negociaci\u00f3n. Tengo un gran respeto por mi club y mis compa\u00f1eros\u201d, escribi\u00f3 [&hellip;]","og_url":"https:\/\/futbolhoy.co\/index.php\/2022\/06\/07\/me-siento-bien-en-la-juve-cuadrado\/","article_publisher":"https:\/\/www.facebook.com\/FutbolHoyCol\/","article_published_time":"2022-06-07T15:10:48+00:00","article_modified_time":"2022-06-08T12:22:02+00:00","og_image":[{"width":1079,"height":595,"url":"https:\/\/futbolhoy.co\/wp-content\/uploads\/2022\/06\/20220607_100924.jpg","type":"image\/jpeg"}],"author":"Laura Hern\u00e1ndez","twitter_card":"summary_large_image","twitter_creator":"@FutbolHoyCol","twitter_site":"@FutbolHoyCol","twitter_misc":{"Escrito por":"Laura Hern\u00e1ndez","Tiempo de lectura":"1 minuto"},"schema":{"@context":"https:\/\/schema.org","@graph":[{"@type":"Article","@id":"https:\/\/futbolhoy.co\/index.php\/2022\/06\/07\/me-siento-bien-en-la-juve-cuadrado\/#article","isPartOf":{"@id":"https:\/\/futbolhoy.co\/index.php\/2022\/06\/07\/me-siento-bien-en-la-juve-cuadrado\/"},"author":{"name":"Laura Hern\u00e1ndez","@id":"https:\/\/futbolhoy.co\/#\/schema\/person\/c4a353a512b127643723a34bb1812f7d"},"headline":"Me siento bien en la \u2018Juve\u2019: Cuadrado","datePublished":"2022-06-07T15:10:48+00:00","dateModified":"2022-06-08T12:22:02+00:00","mainEntityOfPage":{"@id":"https:\/\/futbolhoy.co\/index.php\/2022\/06\/07\/me-siento-bien-en-la-juve-cuadrado\/"},"wordCount":90,"commentCount":0,"publisher":{"@id":"https:\/\/futbolhoy.co\/#organization"},"image":{"@id":"https:\/\/futbolhoy.co\/index.php\/2022\/06\/07\/me-siento-bien-en-la-juve-cuadrado\/#primaryimage"},"thumbnailUrl":"https:\/\/futbolhoy.co\/wp-content\/uploads\/2022\/06\/20220607_100924.jpg","articleSection":["Colombia"],"inLanguage":"es","potentialAction":[{"@type":"CommentAction","name":"Comment","target":["https:\/\/futbolhoy.co\/index.php\/2022\/06\/07\/me-siento-bien-en-la-juve-cuadrado\/#respond"]}]},{"@type":"WebPage","@id":"https:\/\/futbolhoy.co\/index.php\/2022\/06\/07\/me-siento-bien-en-la-juve-cuadrado\/","url":"https:\/\/futbolhoy.co\/index.php\/2022\/06\/07\/me-siento-bien-en-la-juve-cuadrado\/","name":"Me siento bien en la \u2018Juve\u2019: Cuadrado -","isPartOf":{"@id":"https:\/\/futbolhoy.co\/#website"},"primaryImageOfPage":{"@id":"https:\/\/futbolhoy.co\/index.php\/2022\/06\/07\/me-siento-bien-en-la-juve-cuadrado\/#primaryimage"},"image":{"@id":"https:\/\/futbolhoy.co\/index.php\/2022\/06\/07\/me-siento-bien-en-la-juve-cuadrado\/#primaryimage"},"thumbnailUrl":"https:\/\/futbolhoy.co\/wp-content\/uploads\/2022\/06\/20220607_100924.jpg","datePublished":"2022-06-07T15:10:48+00:00","dateModified":"2022-06-08T12:22:02+00:00","breadcrumb":{"@id":"https:\/\/futbolhoy.co\/index.php\/2022\/06\/07\/me-siento-bien-en-la-juve-cuadrado\/#breadcrumb"},"inLanguage":"es","potentialAction":[{"@type":"ReadAction","target":["https:\/\/futbolhoy.co\/index.php\/2022\/06\/07\/me-siento-bien-en-la-juve-cuadrado\/"]}]},{"@type":"ImageObject","inLanguage":"es","@id":"https:\/\/futbolhoy.co\/index.php\/2022\/06\/07\/me-siento-bien-en-la-juve-cuadrado\/#primaryimage","url":"https:\/\/futbolhoy.co\/wp-content\/uploads\/2022\/06\/20220607_100924.jpg","contentUrl":"https:\/\/futbolhoy.co\/wp-content\/uploads\/2022\/06\/20220607_100924.jpg","width":1079,"height":595},{"@type":"BreadcrumbList","@id":"https:\/\/futbolhoy.co\/index.php\/2022\/06\/07\/me-siento-bien-en-la-juve-cuadrado\/#breadcrumb","itemListElement":[{"@type":"ListItem","position":1,"name":"Portada","item":"https:\/\/futbolhoy.co\/"},{"@type":"ListItem","position":2,"name":"Me siento bien en la \u2018Juve\u2019: Cuadrado"}]},{"@type":"WebSite","@id":"https:\/\/futbolhoy.co\/#website","url":"https:\/\/futbolhoy.co\/","name":"FutbolHoy","description":"","publisher":{"@id":"https:\/\/futbolhoy.co\/#organization"},"potentialAction":[{"@type":"SearchAction","target":{"@type":"EntryPoint","urlTemplate":"https:\/\/futbolhoy.co\/?s={search_term_string}"},"query-input":{"@type":"PropertyValueSpecification","valueRequired":true,"valueName":"search_term_string"}}],"inLanguage":"es"},{"@type":"Organization","@id":"https:\/\/futbolhoy.co\/#organization","name":"Futbolhoy.co","url":"https:\/\/futbolhoy.co\/","logo":{"@type":"ImageObject","inLanguage":"es","@id":"https:\/\/futbolhoy.co\/#\/schema\/logo\/image\/","url":"https:\/\/futbolhoy.co\/wp-content\/uploads\/2018\/08\/17426380_1906371736249227_6326180412931521141_n.jpg","contentUrl":"https:\/\/futbolhoy.co\/wp-content\/uploads\/2018\/08\/17426380_1906371736249227_6326180412931521141_n.jpg","width":960,"height":960,"caption":"Futbolhoy.co"},"image":{"@id":"https:\/\/futbolhoy.co\/#\/schema\/logo\/image\/"},"sameAs":["https:\/\/www.facebook.com\/FutbolHoyCol\/","https:\/\/x.com\/FutbolHoyCol","https:\/\/www.instagram.com\/futbolhoycol\/"]},{"@type":"Person","@id":"https:\/\/futbolhoy.co\/#\/schema\/person\/c4a353a512b127643723a34bb1812f7d","name":"Laura Hern\u00e1ndez","image":{"@type":"ImageObject","inLanguage":"es","@id":"https:\/\/futbolhoy.co\/#\/schema\/person\/image\/","url":"https:\/\/secure.gravatar.com\/avatar\/d25959a15b9b293a743f99181c7cfd01?s=96&d=mm&r=g","contentUrl":"https:\/\/secure.gravatar.com\/avatar\/d25959a15b9b293a743f99181c7cfd01?s=96&d=mm&r=g","caption":"Laura Hern\u00e1ndez"}}]}},"publishpress_future_action":{"enabled":false,"date":"2026-05-03 03:13:06","action":"change-status","newStatus":"draft","terms":[],"taxonomy":"category","extraData":[]},"publishpress_future_workflow_manual_trigger":{"enabledWorkflows":[]},"_links":{"self":[{"href":"https:\/\/futbolhoy.co\/index.php\/wp-json\/wp\/v2\/posts\/81103","targetHints":{"allow":["GET"]}}],"collection":[{"href":"https:\/\/futbolhoy.co\/index.php\/wp-json\/wp\/v2\/posts"}],"about":[{"href":"https:\/\/futbolhoy.co\/index.php\/wp-json\/wp\/v2\/types\/post"}],"author":[{"embeddable":true,"href":"https:\/\/futbolhoy.co\/index.php\/wp-json\/wp\/v2\/users\/5"}],"replies":[{"embeddable":true,"href":"https:\/\/futbolhoy.co\/index.php\/wp-json\/wp\/v2\/comments?post=81103"}],"version-history":[{"count":4,"href":"https:\/\/futbolhoy.co\/index.php\/wp-json\/wp\/v2\/posts\/81103\/revisions"}],"predecessor-version":[{"id":81113,"href":"https:\/\/futbolhoy.co\/index.php\/wp-json\/wp\/v2\/posts\/81103\/revisions\/81113"}],"wp:featuredmedia":[{"embeddable":true,"href":"https:\/\/futbolhoy.co\/index.php\/wp-json\/wp\/v2\/media\/81106"}],"wp:attachment":[{"href":"https:\/\/futbolhoy.co\/index.php\/wp-json\/wp\/v2\/media?parent=81103"}],"wp:term":[{"taxonomy":"category","embeddable":true,"href":"https:\/\/futbolhoy.co\/index.php\/wp-json\/wp\/v2\/categories?post=81103"},{"taxonomy":"post_tag","embeddable":true,"href":"https:\/\/futbolhoy.co\/index.php\/wp-json\/wp\/v2\/tags?post=81103"}],"curies":[{"name":"wp","href":"https:\/\/api.w.org\/{rel}","templated":true}]}}