{"id":8124,"date":"2017-10-22T11:13:28","date_gmt":"2017-10-22T16:13:28","guid":{"rendered":"http:\/\/futbolhoy.co\/?p=8124"},"modified":"2017-10-24T11:11:58","modified_gmt":"2017-10-24T16:11:58","slug":"santa-fe-dejo-sin-senal-el-chateo","status":"publish","type":"post","link":"https:\/\/futbolhoy.co\/index.php\/2017\/10\/22\/santa-fe-dejo-sin-senal-el-chateo\/","title":{"rendered":"Santa Fe dej\u00f3 sin se\u00f1al el \u00abChaTeo\u00bb"},"content":{"rendered":"<div id=\"m_-4308148194237980757yui_3_16_0_ym19_1_1508639121764_18986\" dir=\"ltr\" style=\"text-align: justify;\"><span id=\"m_-4308148194237980757yui_3_16_0_ym19_1_1508639121764_18987\" style=\"font-family: HelveticaNeue, 'Helvetica Neue', Helvetica, Arial, 'Lucida Grande', sans-serif; font-size: medium;\">Independiente\u00a0<span id=\"m_-4308148194237980757yui_3_16_0_ym19_1_1508639121764_18988\">Santa Fe<\/span>\u00a0venci\u00f3 como visitante 0-1 al<b id=\"m_-4308148194237980757yui_3_16_0_ym19_1_1508639121764_18989\">\u00a0Atl\u00e9tico Junior<\/b>\u00a0con gol de\u00a0<span id=\"m_-4308148194237980757yui_3_16_0_ym19_1_1508639121764_18990\"><b id=\"m_-4308148194237980757yui_3_16_0_ym19_1_1508639121764_18991\">Anderson Plata<\/b>,<\/span>\u00a0en partido por la decimosexta fecha de la\u00a0<b id=\"m_-4308148194237980757yui_3_16_0_ym19_1_1508639121764_18992\">Liga \u00c1guila II<\/b>\u00a0del f\u00fatbol colombiano y le cort\u00f3 una racha de 7 victorias consecutivas en condici\u00f3n de local, donde no hab\u00eda recibido ning\u00fan gol en contra.<\/span><\/div>\n<div id=\"m_-4308148194237980757yui_3_16_0_ym19_1_1508639121764_18993\" dir=\"ltr\" style=\"text-align: justify;\"><span id=\"m_-4308148194237980757yui_3_16_0_ym19_1_1508639121764_18994\" style=\"font-family: HelveticaNeue, 'Helvetica Neue', Helvetica, Arial, 'Lucida Grande', sans-serif; font-size: medium;\">\u00a0<\/span><\/div>\n<div id=\"m_-4308148194237980757yui_3_16_0_ym19_1_1508639121764_18996\" dir=\"ltr\" style=\"text-align: justify;\"><span id=\"m_-4308148194237980757yui_3_16_0_ym19_1_1508639121764_18997\" style=\"font-family: HelveticaNeue, 'Helvetica Neue', Helvetica, Arial, 'Lucida Grande', sans-serif; font-size: medium;\">Junior domin\u00f3 el primer tiempo a placer, con una posesi\u00f3n que lleg\u00f3 al 80 %, pero no supo concretar en sus jugadas m\u00e1s claras a trav\u00e9s de sus figuras\u00a0<b id=\"m_-4308148194237980757yui_3_16_0_ym19_1_1508639121764_18998\">Yimmi Char\u00e1<\/b>\u00a0y\u00a0<b id=\"m_-4308148194237980757yui_3_16_0_ym19_1_1508639121764_18999\">Te\u00f3filo Guti\u00e9rrez<\/b>, quienes no tuvieron punter\u00eda en sus remates al arco que defendi\u00f3\u00a0<b id=\"m_-4308148194237980757yui_3_16_0_ym19_1_1508639121764_19000\">Robinson Zapata<\/b>.<\/span><\/div>\n<div id=\"m_-4308148194237980757yui_3_16_0_ym19_1_1508639121764_19001\" dir=\"ltr\" style=\"text-align: justify;\"><span id=\"m_-4308148194237980757yui_3_16_0_ym19_1_1508639121764_19002\" style=\"font-family: HelveticaNeue, 'Helvetica Neue', Helvetica, Arial, 'Lucida Grande', sans-serif; font-size: medium;\">\u00a0<\/span><\/div>\n<div id=\"m_-4308148194237980757yui_3_16_0_ym19_1_1508639121764_19004\" dir=\"ltr\" style=\"text-align: justify;\"><span id=\"m_-4308148194237980757yui_3_16_0_ym19_1_1508639121764_19005\" style=\"font-family: HelveticaNeue, 'Helvetica Neue', Helvetica, Arial, 'Lucida Grande', sans-serif; font-size: medium;\">Para el segundo tiempo, el t\u00e9cnico uruguayo<b id=\"m_-4308148194237980757yui_3_16_0_ym19_1_1508639121764_19006\">\u00a0Gregorio P\u00e9rez\u00a0<\/b>replante\u00f3 el partido para los capitalinos y con el ingreso de Duvier Mosquera gener\u00f3 mayor peligro. El contragolpe le permiti\u00f3 acercarse a la zona del golero\u00a0<b id=\"m_-4308148194237980757yui_3_16_0_ym19_1_1508639121764_19007\">Sebasti\u00e1n Viera<\/b>, hasta que un robo de bal\u00f3n de\u00a0<b id=\"m_-4308148194237980757yui_3_16_0_ym19_1_1508639121764_19008\">Baldomero Perlaza<\/b>\u00a0(la figura del partido) a Luis Narv\u00e1ez en la mitad de la cancha y un gran pase para Plata hizo que \u00e9ste con una pelota cruzada a la mano derecha venciera al portero uruguayo.<\/span><\/div>\n<div id=\"m_-4308148194237980757yui_3_16_0_ym19_1_1508639121764_19009\" dir=\"ltr\" style=\"text-align: justify;\"><span id=\"m_-4308148194237980757yui_3_16_0_ym19_1_1508639121764_19010\" style=\"font-family: HelveticaNeue, 'Helvetica Neue', Helvetica, Arial, 'Lucida Grande', sans-serif; font-size: medium;\">\u00a0<\/span><\/div>\n<div id=\"m_-4308148194237980757yui_3_16_0_ym19_1_1508639121764_19012\" dir=\"ltr\" style=\"text-align: justify;\"><span id=\"m_-4308148194237980757yui_3_16_0_ym19_1_1508639121764_19013\" style=\"font-family: HelveticaNeue, 'Helvetica Neue', Helvetica, Arial, 'Lucida Grande', sans-serif; font-size: medium;\"><b id=\"m_-4308148194237980757yui_3_16_0_ym19_1_1508639121764_19014\">Santa Fe<\/b>\u00a0insisti\u00f3 en atacar y el partido pas\u00f3 a ser &#8216;partidazo&#8217;, con dos equipos volcados a la ofensiva y haciendo da\u00f1o al rival en su zona posterior, con m\u00faltiples opciones de anotar que no se pudieron concretar.<\/span><\/div>\n<div id=\"m_-4308148194237980757yui_3_16_0_ym19_1_1508639121764_19015\" dir=\"ltr\" style=\"text-align: justify;\"><span id=\"m_-4308148194237980757yui_3_16_0_ym19_1_1508639121764_19016\" style=\"font-family: HelveticaNeue, 'Helvetica Neue', Helvetica, Arial, 'Lucida Grande', sans-serif; font-size: medium;\">\u00a0<\/span><\/div>\n<div id=\"m_-4308148194237980757yui_3_16_0_ym19_1_1508639121764_19018\" dir=\"ltr\" style=\"text-align: justify;\"><span id=\"m_-4308148194237980757yui_3_16_0_ym19_1_1508639121764_19019\">Junior perdi\u00f3 un invicto de 826 minutos sin recibir gol en el estadio Metropolitano; mientras que los &#8216;cardenales&#8217; se mantuvieron como el mejor visitante del campeonato con 16 puntos en 8 partidos fuera de casa.<\/span><\/div>\n<div id=\"m_-4308148194237980757yui_3_16_0_ym19_1_1508639121764_19020\" dir=\"ltr\" style=\"text-align: justify;\"><\/div>\n<div id=\"m_-4308148194237980757yui_3_16_0_ym19_1_1508639121764_19022\" dir=\"ltr\" style=\"text-align: justify;\"><span id=\"m_-4308148194237980757yui_3_16_0_ym19_1_1508639121764_19023\" style=\"font-family: HelveticaNeue, 'Helvetica Neue', Helvetica, Arial, 'Lucida Grande', sans-serif; font-size: medium;\">El volante\u00a0<b id=\"m_-4308148194237980757yui_3_16_0_ym19_1_1508639121764_19024\">Juan Daniel Roa<\/b>\u00a0de Santa Fe fue expulsado a los 80 minutos por doble tarjeta amarilla; mientras que\u00a0<b id=\"m_-4308148194237980757yui_3_16_0_ym19_1_1508639121764_19025\">Yeisson Gordillo<\/b>\u00a0(13&#8242;), Javier L\u00f3pez (42&#8242;) y\u00a0<b id=\"m_-4308148194237980757yui_3_16_0_ym19_1_1508639121764_19026\">William Tesillo<\/b>\u00a0(49&#8242;) por el equipo capitalino y Teo Guti\u00e9rrez (45&#8242;),\u00a0<b id=\"m_-4308148194237980757yui_3_16_0_ym19_1_1508639121764_19027\">Rafael P\u00e9rez<\/b>\u00a0(49&#8242;) y David Murillo (79&#8242;) fueron amonestados por el local. P\u00e9rez por acumulaci\u00f3n se perder\u00e1 el partido de la pr\u00f3xima fecha cuando visiten al Bucaramanga.<\/span><\/div>\n<div id=\"m_-4308148194237980757yui_3_16_0_ym19_1_1508639121764_19028\" dir=\"ltr\" style=\"text-align: justify;\"><span id=\"m_-4308148194237980757yui_3_16_0_ym19_1_1508639121764_19029\" style=\"font-family: HelveticaNeue, 'Helvetica Neue', Helvetica, Arial, 'Lucida Grande', sans-serif; font-size: medium;\">\u00a0<\/span><\/div>\n<div id=\"m_-4308148194237980757yui_3_16_0_ym19_1_1508639121764_19031\" dir=\"ltr\" style=\"text-align: justify;\"><span id=\"m_-4308148194237980757yui_3_16_0_ym19_1_1508639121764_19032\" style=\"font-family: HelveticaNeue, 'Helvetica Neue', Helvetica, Arial, 'Lucida Grande', sans-serif; font-size: medium;\">\u00abQuiero destacar este grupo por sobre todas las cosas, Santa Fe es un equipo que practica un f\u00fatbol que a muchos no gusta, que puede ser desprolijo, pero que es efectivo y para m\u00ed ese es el f\u00fatbol\u00bb, se\u00f1al\u00f3 el entrenador P\u00e9rez en conferencia de prensa.<\/span><\/div>\n<div id=\"m_-4308148194237980757yui_3_16_0_ym19_1_1508639121764_19033\" dir=\"ltr\" style=\"text-align: justify;\"><span id=\"m_-4308148194237980757yui_3_16_0_ym19_1_1508639121764_19034\" style=\"font-family: HelveticaNeue, 'Helvetica Neue', Helvetica, Arial, 'Lucida Grande', sans-serif; font-size: medium;\">\u00a0<\/span><\/div>\n<div id=\"m_-4308148194237980757yui_3_16_0_ym19_1_1508639121764_19036\" dir=\"ltr\" style=\"text-align: justify;\"><span id=\"m_-4308148194237980757yui_3_16_0_ym19_1_1508639121764_19037\" style=\"font-family: HelveticaNeue, 'Helvetica Neue', Helvetica, Arial, 'Lucida Grande', sans-serif; font-size: medium;\">\u00abEl partido en el primer tiempo fue todo de nosotros y no pudimos concretar, para el segundo tiempo Santa Fe nos presion\u00f3 por las bandas y no pudimos salir con claridad; cuando nos hicieron el gol creo que entramos en un poco de nerviosismo. Santa Fe es eso y lo sab\u00edamos, pero nos cost\u00f3 coger la pelota y perdimos el partido. Santa Fe no es un equipo vistoso, pero lo que hace lo hace bien\u00bb, indic\u00f3 el t\u00e9cnico\u00a0<b id=\"m_-4308148194237980757yui_3_16_0_ym19_1_1508639121764_19038\">Julio Avelino Comesa\u00f1a<\/b>, t\u00e9cnico del Junior.<\/span><\/div>\n<div id=\"m_-4308148194237980757yui_3_16_0_ym19_1_1508639121764_19039\" dir=\"ltr\" style=\"text-align: justify;\"><span id=\"m_-4308148194237980757yui_3_16_0_ym19_1_1508639121764_19040\" style=\"font-family: HelveticaNeue, 'Helvetica Neue', Helvetica, Arial, 'Lucida Grande', sans-serif; font-size: medium;\">\u00a0<\/span><\/div>\n<div id=\"m_-4308148194237980757yui_3_16_0_ym19_1_1508639121764_19041\" dir=\"ltr\" style=\"text-align: justify;\"><span id=\"m_-4308148194237980757yui_3_16_0_ym19_1_1508639121764_19042\" style=\"font-family: HelveticaNeue, 'Helvetica Neue', Helvetica, Arial, 'Lucida Grande', sans-serif; font-size: medium;\"><b>Formaciones:<\/b><\/span><\/div>\n<div id=\"m_-4308148194237980757yui_3_16_0_ym19_1_1508639121764_19043\" dir=\"ltr\" style=\"text-align: justify;\"><span id=\"m_-4308148194237980757yui_3_16_0_ym19_1_1508639121764_19044\" style=\"font-family: HelveticaNeue, 'Helvetica Neue', Helvetica, Arial, 'Lucida Grande', sans-serif; font-size: medium;\">\u00a0<\/span><\/div>\n<div id=\"m_-4308148194237980757yui_3_16_0_ym19_1_1508639121764_19046\" dir=\"ltr\" style=\"text-align: justify;\"><span id=\"m_-4308148194237980757yui_3_16_0_ym19_1_1508639121764_19047\" style=\"font-family: HelveticaNeue, 'Helvetica Neue', Helvetica, Arial, 'Lucida Grande', sans-serif; font-size: medium;\"><b>Junior:<\/b>\u00a0Sebasti\u00e1n Viera, David Murillo, Jonathan \u00c1vila, Rafael P\u00e9rez, Germ\u00e1n Guti\u00e9rrez, Luis Narv\u00e1ez, V\u00edctor Cantillo, Jarlan Barrera (Leiner Escalante 68&#8242;), Luis D\u00edaz (Roberto Ovelar 68&#8242;), Yimmi Char\u00e1 y Te\u00f3filo Guti\u00e9rrez.<\/span><\/div>\n<div id=\"m_-4308148194237980757yui_3_16_0_ym19_1_1508639121764_19048\" style=\"text-align: justify;\"><span id=\"m_-4308148194237980757yui_3_16_0_ym19_1_1508639121764_19049\" style=\"font-family: HelveticaNeue, 'Helvetica Neue', Helvetica, Arial, 'Lucida Grande', sans-serif; font-size: medium;\">\u00a0<\/span><\/div>\n<div id=\"m_-4308148194237980757yui_3_16_0_ym19_1_1508639121764_19051\" dir=\"ltr\" style=\"text-align: justify;\"><span id=\"m_-4308148194237980757yui_3_16_0_ym19_1_1508639121764_19052\" style=\"font-family: HelveticaNeue, 'Helvetica Neue', Helvetica, Arial, 'Lucida Grande', sans-serif; font-size: medium;\"><b>Santa Fe:<\/b>\u00a0Robinson Zapata, V\u00edctor Giraldo, Javier L\u00f3pez, William Tesillo, Dairon Mosquera, Juan Daniel Roa, Yeisson Gordillo, Baldomero Perlaza, Anderson Plata, Humberto Osorio Botello (Duvier Mosquera 46&#8242;) (Sebasti\u00e1n Salazar 86&#8242;) y John Pajoy (Juan David Valencia 73&#8242;).<\/span><\/div>\n<div id=\"m_-4308148194237980757yui_3_16_0_ym19_1_1508639121764_19053\" dir=\"ltr\" style=\"text-align: justify;\"><span id=\"m_-4308148194237980757yui_3_16_0_ym19_1_1508639121764_19054\" style=\"font-family: HelveticaNeue, 'Helvetica Neue', Helvetica, Arial, 'Lucida Grande', sans-serif; font-size: medium;\">\u00a0<\/span><\/div>\n<div id=\"m_-4308148194237980757yui_3_16_0_ym19_1_1508639121764_19056\" dir=\"ltr\" style=\"text-align: justify;\"><span id=\"m_-4308148194237980757yui_3_16_0_ym19_1_1508639121764_19057\" style=\"font-family: HelveticaNeue, 'Helvetica Neue', Helvetica, Arial, 'Lucida Grande', sans-serif; font-size: medium;\"><b>\u00c1rbitro:<\/b>\u00a0Hervin Otero.<\/span><\/div>\n","protected":false},"excerpt":{"rendered":"<p>Independiente\u00a0Santa Fe\u00a0venci\u00f3 como visitante 0-1 al\u00a0Atl\u00e9tico Junior\u00a0con gol de\u00a0Anderson Plata,\u00a0en partido por la decimosexta fecha de la\u00a0Liga \u00c1guila II\u00a0del f\u00fatbol colombiano y le cort\u00f3 una racha de 7 victorias consecutivas en condici\u00f3n de local, donde no hab\u00eda recibido ning\u00fan gol en contra. \u00a0 Junior domin\u00f3 el primer tiempo a placer, con una posesi\u00f3n que lleg\u00f3 [&hellip;]<\/p>\n","protected":false},"author":5,"featured_media":8129,"comment_status":"open","ping_status":"closed","sticky":false,"template":"","format":"standard","meta":{"_acf_changed":false,"footnotes":""},"categories":[7],"tags":[169,90,145],"class_list":{"0":"post-8124","1":"post","2":"type-post","3":"status-publish","4":"format-standard","5":"has-post-thumbnail","7":"category-liga-betplay","8":"tag-independiente-santa-fe","9":"tag-junior","10":"tag-liga-aguila"},"acf":[],"_links":{"self":[{"href":"https:\/\/futbolhoy.co\/index.php\/wp-json\/wp\/v2\/posts\/8124","targetHints":{"allow":["GET"]}}],"collection":[{"href":"https:\/\/futbolhoy.co\/index.php\/wp-json\/wp\/v2\/posts"}],"about":[{"href":"https:\/\/futbolhoy.co\/index.php\/wp-json\/wp\/v2\/types\/post"}],"author":[{"embeddable":true,"href":"https:\/\/futbolhoy.co\/index.php\/wp-json\/wp\/v2\/users\/5"}],"replies":[{"embeddable":true,"href":"https:\/\/futbolhoy.co\/index.php\/wp-json\/wp\/v2\/comments?post=8124"}],"version-history":[{"count":1,"href":"https:\/\/futbolhoy.co\/index.php\/wp-json\/wp\/v2\/posts\/8124\/revisions"}],"predecessor-version":[{"id":8132,"href":"https:\/\/futbolhoy.co\/index.php\/wp-json\/wp\/v2\/posts\/8124\/revisions\/8132"}],"wp:featuredmedia":[{"embeddable":true,"href":"https:\/\/futbolhoy.co\/index.php\/wp-json\/wp\/v2\/media\/8129"}],"wp:attachment":[{"href":"https:\/\/futbolhoy.co\/index.php\/wp-json\/wp\/v2\/media?parent=8124"}],"wp:term":[{"taxonomy":"category","embeddable":true,"href":"https:\/\/futbolhoy.co\/index.php\/wp-json\/wp\/v2\/categories?post=8124"},{"taxonomy":"post_tag","embeddable":true,"href":"https:\/\/futbolhoy.co\/index.php\/wp-json\/wp\/v2\/tags?post=8124"}],"curies":[{"name":"wp","href":"https:\/\/api.w.org\/{rel}","templated":true}]}}