{"id":81244,"date":"2022-06-12T08:50:24","date_gmt":"2022-06-12T13:50:24","guid":{"rendered":"https:\/\/futbolhoy.co\/?p=81244"},"modified":"2022-06-13T06:31:11","modified_gmt":"2022-06-13T11:31:11","slug":"en-medellin-se-podria-conocer-el-primer-finalista","status":"publish","type":"post","link":"https:\/\/futbolhoy.co\/index.php\/2022\/06\/12\/en-medellin-se-podria-conocer-el-primer-finalista\/","title":{"rendered":"En Medell\u00edn se podr\u00eda conocer el primer finalista"},"content":{"rendered":"<p style=\"text-align: justify;\"><span style=\"font-family: helvetica, arial, sans-serif;\">El cierre de la quinta fecha por los cuadrangulares semifinales, podr\u00eda ser definitiva para conocer el equipo que por el<strong> Grupo B<\/strong> avance a la final.<\/span><\/p>\n<p style=\"text-align: justify;\"><span style=\"font-family: helvetica, arial, sans-serif;\"><strong>Medell\u00edn<\/strong> domina con ocho puntos y una victoria sobre el <strong>Tolima<\/strong>\u00a0le acercar\u00eda a la final.<\/span><\/p>\n<p style=\"text-align: justify;\"><span style=\"font-family: helvetica, arial, sans-serif;\">En caso que <strong>La Equidad<\/strong> empate o pierda frente a <strong>Envigado,<\/strong> el plantel que dirige<strong> Julio Comesa\u00f1a<\/strong> tendr\u00eda el panorama m\u00e1s claro.<\/span><\/p>\n<p style=\"text-align: justify;\"><strong><span style=\"font-family: helvetica, arial, sans-serif;\">Envigado-La Equidad<\/span><\/strong><\/p>\n<p style=\"text-align: justify;\"><span style=\"font-family: helvetica, arial, sans-serif;\">\u2022 Este ser\u00e1 el sexto enfrentamiento de fase final en Primera Divisi\u00f3n entre Envigado y La Equidad, sumando dos victorias para los aseguradores, una victoria para Envigado y dos empates.<\/span><\/p>\n<p style=\"text-align: justify;\"><span style=\"font-family: helvetica, arial, sans-serif;\">\u2022 Los antioque\u00f1os llevan cinco partidos sin ganar en la Liga BetPlay Dimayor I-2022 (2E 3D), su peor racha en el actual torneo. Desde septiembre-octubre de 2021, no suma m\u00e1s encuentros sin victoria en la categor\u00eda (3E 3D).<\/span><\/p>\n<p style=\"text-align: justify;\"><span style=\"font-family: helvetica, arial, sans-serif;\">\u2022 El equipo bogotano perdi\u00f3 sus \u00faltimos dos partidos fuera de casa en la Liga, qued\u00e1ndose si marcar en ambos. Desde septiembre-octubre de 2020 (3D), los aseguradores no caen tres veces seguidas como visitante en la categor\u00eda.<\/span><\/p>\n<p style=\"text-align: justify;\"><strong><span style=\"font-family: helvetica, arial, sans-serif;\">Medell\u00edn-Tolima<\/span><\/strong><\/p>\n<p style=\"text-align: justify;\"><span style=\"font-family: helvetica, arial, sans-serif;\">\u2022 Independiente Medell\u00edn acumula 11 partidos sin caer como local ante Deportes Tolima en Primera Divisi\u00f3n (5V 6E), marcando gol en cada uno de ellos (18 en total). La \u00faltima victoria de los ibaguere\u00f1os visitando al \u2018Rojo de la Monta\u00f1a\u2019 fue en octubre de 2014 (2-3).<\/span><\/p>\n<p style=\"text-align: justify;\"><span style=\"font-family: helvetica, arial, sans-serif;\">\u2022 El equipo antioque\u00f1o mantiene su racha invicta como local en Primera Divisi\u00f3n, ahora de 31 partidos (16V 15E). El marcador global favorece al Medell\u00edn durante esta racha por 39-14, dejando su arco en cero en 20 compromisos (11V 9E).<\/span><\/p>\n<p style=\"text-align: justify;\"><span style=\"font-family: helvetica, arial, sans-serif;\">\u2022 El equipo tolimense en su \u00faltimo partido de Liga (1-0 vs La Equidad), pero a\u00fan no ha enlazado derrotas en lo que va del torneo. De hecho, desde marzo de 2021 (2D), no suma derrotas en un mismo certamen.<\/span><\/p>\n<p style=\"text-align: justify;\"><span style=\"font-family: helvetica, arial, sans-serif;\">\u2022 Con los dos goles anotados ante Envigado en el partido m\u00e1s reciente del Medell\u00edn, Andr\u00e9s Cadavid ya suma seis anotaciones en la Liga. Se trata de su mayor registro goleador en un mismo torneo de Primera Divisi\u00f3n, superando los cinco tantos que anot\u00f3 con Millonarios en el Finalizaci\u00f3n 2018.<\/span><\/p>\n","protected":false},"excerpt":{"rendered":"<p>El cierre de la quinta fecha por los cuadrangulares semifinales, podr\u00eda ser definitiva para conocer el equipo que por el Grupo B avance a la final. Medell\u00edn domina con ocho puntos y una victoria sobre el Tolima\u00a0le acercar\u00eda a la final. En caso que La Equidad empate o pierda frente a Envigado, el plantel que [&hellip;]<\/p>\n","protected":false},"author":5,"featured_media":81245,"comment_status":"open","ping_status":"open","sticky":false,"template":"","format":"standard","meta":{"_acf_changed":false,"footnotes":""},"categories":[7],"tags":[],"class_list":{"0":"post-81244","1":"post","2":"type-post","3":"status-publish","4":"format-standard","5":"has-post-thumbnail","7":"category-liga-betplay"},"acf":[],"yoast_head":"<!-- This site is optimized with the Yoast SEO plugin v26.8 - https:\/\/yoast.com\/product\/yoast-seo-wordpress\/ -->\n<title>En Medell\u00edn se podr\u00eda conocer el primer finalista -<\/title>\n<meta name=\"robots\" content=\"index, follow, max-snippet:-1, max-image-preview:large, max-video-preview:-1\" \/>\n<link rel=\"canonical\" href=\"https:\/\/futbolhoy.co\/index.php\/2022\/06\/12\/en-medellin-se-podria-conocer-el-primer-finalista\/\" \/>\n<meta property=\"og:locale\" content=\"es_ES\" \/>\n<meta property=\"og:type\" content=\"article\" \/>\n<meta property=\"og:title\" content=\"En Medell\u00edn se podr\u00eda conocer el primer finalista -\" \/>\n<meta property=\"og:description\" content=\"El cierre de la quinta fecha por los cuadrangulares semifinales, podr\u00eda ser definitiva para conocer el equipo que por el Grupo B avance a la final. Medell\u00edn domina con ocho puntos y una victoria sobre el Tolima\u00a0le acercar\u00eda a la final. En caso que La Equidad empate o pierda frente a Envigado, el plantel que [&hellip;]\" \/>\n<meta property=\"og:url\" content=\"https:\/\/futbolhoy.co\/index.php\/2022\/06\/12\/en-medellin-se-podria-conocer-el-primer-finalista\/\" \/>\n<meta property=\"article:publisher\" content=\"https:\/\/www.facebook.com\/FutbolHoyCol\/\" \/>\n<meta property=\"article:published_time\" content=\"2022-06-12T13:50:24+00:00\" \/>\n<meta property=\"article:modified_time\" content=\"2022-06-13T11:31:11+00:00\" \/>\n<meta property=\"og:image\" content=\"https:\/\/futbolhoy.co\/wp-content\/uploads\/2022\/06\/11QlKYMY.jpeg\" \/>\n\t<meta property=\"og:image:width\" content=\"2400\" \/>\n\t<meta property=\"og:image:height\" content=\"1731\" \/>\n\t<meta property=\"og:image:type\" content=\"image\/jpeg\" \/>\n<meta name=\"author\" content=\"Laura Hern\u00e1ndez\" \/>\n<meta name=\"twitter:card\" content=\"summary_large_image\" \/>\n<meta name=\"twitter:creator\" content=\"@FutbolHoyCol\" \/>\n<meta name=\"twitter:site\" content=\"@FutbolHoyCol\" \/>\n<meta name=\"twitter:label1\" content=\"Escrito por\" \/>\n\t<meta name=\"twitter:data1\" content=\"Laura Hern\u00e1ndez\" \/>\n\t<meta name=\"twitter:label2\" content=\"Tiempo de lectura\" \/>\n\t<meta name=\"twitter:data2\" content=\"2 minutos\" \/>\n<script type=\"application\/ld+json\" class=\"yoast-schema-graph\">{\"@context\":\"https:\/\/schema.org\",\"@graph\":[{\"@type\":\"Article\",\"@id\":\"https:\/\/futbolhoy.co\/index.php\/2022\/06\/12\/en-medellin-se-podria-conocer-el-primer-finalista\/#article\",\"isPartOf\":{\"@id\":\"https:\/\/futbolhoy.co\/index.php\/2022\/06\/12\/en-medellin-se-podria-conocer-el-primer-finalista\/\"},\"author\":{\"name\":\"Laura Hern\u00e1ndez\",\"@id\":\"https:\/\/futbolhoy.co\/#\/schema\/person\/c4a353a512b127643723a34bb1812f7d\"},\"headline\":\"En Medell\u00edn se podr\u00eda conocer el primer finalista\",\"datePublished\":\"2022-06-12T13:50:24+00:00\",\"dateModified\":\"2022-06-13T11:31:11+00:00\",\"mainEntityOfPage\":{\"@id\":\"https:\/\/futbolhoy.co\/index.php\/2022\/06\/12\/en-medellin-se-podria-conocer-el-primer-finalista\/\"},\"wordCount\":368,\"commentCount\":0,\"publisher\":{\"@id\":\"https:\/\/futbolhoy.co\/#organization\"},\"image\":{\"@id\":\"https:\/\/futbolhoy.co\/index.php\/2022\/06\/12\/en-medellin-se-podria-conocer-el-primer-finalista\/#primaryimage\"},\"thumbnailUrl\":\"https:\/\/futbolhoy.co\/wp-content\/uploads\/2022\/06\/11QlKYMY.jpeg\",\"articleSection\":[\"Liga BetPlay\"],\"inLanguage\":\"es\",\"potentialAction\":[{\"@type\":\"CommentAction\",\"name\":\"Comment\",\"target\":[\"https:\/\/futbolhoy.co\/index.php\/2022\/06\/12\/en-medellin-se-podria-conocer-el-primer-finalista\/#respond\"]}]},{\"@type\":\"WebPage\",\"@id\":\"https:\/\/futbolhoy.co\/index.php\/2022\/06\/12\/en-medellin-se-podria-conocer-el-primer-finalista\/\",\"url\":\"https:\/\/futbolhoy.co\/index.php\/2022\/06\/12\/en-medellin-se-podria-conocer-el-primer-finalista\/\",\"name\":\"En Medell\u00edn se podr\u00eda conocer el primer finalista -\",\"isPartOf\":{\"@id\":\"https:\/\/futbolhoy.co\/#website\"},\"primaryImageOfPage\":{\"@id\":\"https:\/\/futbolhoy.co\/index.php\/2022\/06\/12\/en-medellin-se-podria-conocer-el-primer-finalista\/#primaryimage\"},\"image\":{\"@id\":\"https:\/\/futbolhoy.co\/index.php\/2022\/06\/12\/en-medellin-se-podria-conocer-el-primer-finalista\/#primaryimage\"},\"thumbnailUrl\":\"https:\/\/futbolhoy.co\/wp-content\/uploads\/2022\/06\/11QlKYMY.jpeg\",\"datePublished\":\"2022-06-12T13:50:24+00:00\",\"dateModified\":\"2022-06-13T11:31:11+00:00\",\"breadcrumb\":{\"@id\":\"https:\/\/futbolhoy.co\/index.php\/2022\/06\/12\/en-medellin-se-podria-conocer-el-primer-finalista\/#breadcrumb\"},\"inLanguage\":\"es\",\"potentialAction\":[{\"@type\":\"ReadAction\",\"target\":[\"https:\/\/futbolhoy.co\/index.php\/2022\/06\/12\/en-medellin-se-podria-conocer-el-primer-finalista\/\"]}]},{\"@type\":\"ImageObject\",\"inLanguage\":\"es\",\"@id\":\"https:\/\/futbolhoy.co\/index.php\/2022\/06\/12\/en-medellin-se-podria-conocer-el-primer-finalista\/#primaryimage\",\"url\":\"https:\/\/futbolhoy.co\/wp-content\/uploads\/2022\/06\/11QlKYMY.jpeg\",\"contentUrl\":\"https:\/\/futbolhoy.co\/wp-content\/uploads\/2022\/06\/11QlKYMY.jpeg\",\"width\":2400,\"height\":1731},{\"@type\":\"BreadcrumbList\",\"@id\":\"https:\/\/futbolhoy.co\/index.php\/2022\/06\/12\/en-medellin-se-podria-conocer-el-primer-finalista\/#breadcrumb\",\"itemListElement\":[{\"@type\":\"ListItem\",\"position\":1,\"name\":\"Portada\",\"item\":\"https:\/\/futbolhoy.co\/\"},{\"@type\":\"ListItem\",\"position\":2,\"name\":\"En Medell\u00edn se podr\u00eda conocer el primer finalista\"}]},{\"@type\":\"WebSite\",\"@id\":\"https:\/\/futbolhoy.co\/#website\",\"url\":\"https:\/\/futbolhoy.co\/\",\"name\":\"FutbolHoy\",\"description\":\"\",\"publisher\":{\"@id\":\"https:\/\/futbolhoy.co\/#organization\"},\"potentialAction\":[{\"@type\":\"SearchAction\",\"target\":{\"@type\":\"EntryPoint\",\"urlTemplate\":\"https:\/\/futbolhoy.co\/?s={search_term_string}\"},\"query-input\":{\"@type\":\"PropertyValueSpecification\",\"valueRequired\":true,\"valueName\":\"search_term_string\"}}],\"inLanguage\":\"es\"},{\"@type\":\"Organization\",\"@id\":\"https:\/\/futbolhoy.co\/#organization\",\"name\":\"Futbolhoy.co\",\"url\":\"https:\/\/futbolhoy.co\/\",\"logo\":{\"@type\":\"ImageObject\",\"inLanguage\":\"es\",\"@id\":\"https:\/\/futbolhoy.co\/#\/schema\/logo\/image\/\",\"url\":\"https:\/\/futbolhoy.co\/wp-content\/uploads\/2018\/08\/17426380_1906371736249227_6326180412931521141_n.jpg\",\"contentUrl\":\"https:\/\/futbolhoy.co\/wp-content\/uploads\/2018\/08\/17426380_1906371736249227_6326180412931521141_n.jpg\",\"width\":960,\"height\":960,\"caption\":\"Futbolhoy.co\"},\"image\":{\"@id\":\"https:\/\/futbolhoy.co\/#\/schema\/logo\/image\/\"},\"sameAs\":[\"https:\/\/www.facebook.com\/FutbolHoyCol\/\",\"https:\/\/x.com\/FutbolHoyCol\",\"https:\/\/www.instagram.com\/futbolhoycol\/\"]},{\"@type\":\"Person\",\"@id\":\"https:\/\/futbolhoy.co\/#\/schema\/person\/c4a353a512b127643723a34bb1812f7d\",\"name\":\"Laura Hern\u00e1ndez\",\"image\":{\"@type\":\"ImageObject\",\"inLanguage\":\"es\",\"@id\":\"https:\/\/futbolhoy.co\/#\/schema\/person\/image\/\",\"url\":\"https:\/\/secure.gravatar.com\/avatar\/d25959a15b9b293a743f99181c7cfd01?s=96&d=mm&r=g\",\"contentUrl\":\"https:\/\/secure.gravatar.com\/avatar\/d25959a15b9b293a743f99181c7cfd01?s=96&d=mm&r=g\",\"caption\":\"Laura Hern\u00e1ndez\"}}]}<\/script>\n<!-- \/ Yoast SEO plugin. -->","yoast_head_json":{"title":"En Medell\u00edn se podr\u00eda conocer el primer finalista -","robots":{"index":"index","follow":"follow","max-snippet":"max-snippet:-1","max-image-preview":"max-image-preview:large","max-video-preview":"max-video-preview:-1"},"canonical":"https:\/\/futbolhoy.co\/index.php\/2022\/06\/12\/en-medellin-se-podria-conocer-el-primer-finalista\/","og_locale":"es_ES","og_type":"article","og_title":"En Medell\u00edn se podr\u00eda conocer el primer finalista -","og_description":"El cierre de la quinta fecha por los cuadrangulares semifinales, podr\u00eda ser definitiva para conocer el equipo que por el Grupo B avance a la final. Medell\u00edn domina con ocho puntos y una victoria sobre el Tolima\u00a0le acercar\u00eda a la final. En caso que La Equidad empate o pierda frente a Envigado, el plantel que [&hellip;]","og_url":"https:\/\/futbolhoy.co\/index.php\/2022\/06\/12\/en-medellin-se-podria-conocer-el-primer-finalista\/","article_publisher":"https:\/\/www.facebook.com\/FutbolHoyCol\/","article_published_time":"2022-06-12T13:50:24+00:00","article_modified_time":"2022-06-13T11:31:11+00:00","og_image":[{"width":2400,"height":1731,"url":"https:\/\/futbolhoy.co\/wp-content\/uploads\/2022\/06\/11QlKYMY.jpeg","type":"image\/jpeg"}],"author":"Laura Hern\u00e1ndez","twitter_card":"summary_large_image","twitter_creator":"@FutbolHoyCol","twitter_site":"@FutbolHoyCol","twitter_misc":{"Escrito por":"Laura Hern\u00e1ndez","Tiempo de lectura":"2 minutos"},"schema":{"@context":"https:\/\/schema.org","@graph":[{"@type":"Article","@id":"https:\/\/futbolhoy.co\/index.php\/2022\/06\/12\/en-medellin-se-podria-conocer-el-primer-finalista\/#article","isPartOf":{"@id":"https:\/\/futbolhoy.co\/index.php\/2022\/06\/12\/en-medellin-se-podria-conocer-el-primer-finalista\/"},"author":{"name":"Laura Hern\u00e1ndez","@id":"https:\/\/futbolhoy.co\/#\/schema\/person\/c4a353a512b127643723a34bb1812f7d"},"headline":"En Medell\u00edn se podr\u00eda conocer el primer finalista","datePublished":"2022-06-12T13:50:24+00:00","dateModified":"2022-06-13T11:31:11+00:00","mainEntityOfPage":{"@id":"https:\/\/futbolhoy.co\/index.php\/2022\/06\/12\/en-medellin-se-podria-conocer-el-primer-finalista\/"},"wordCount":368,"commentCount":0,"publisher":{"@id":"https:\/\/futbolhoy.co\/#organization"},"image":{"@id":"https:\/\/futbolhoy.co\/index.php\/2022\/06\/12\/en-medellin-se-podria-conocer-el-primer-finalista\/#primaryimage"},"thumbnailUrl":"https:\/\/futbolhoy.co\/wp-content\/uploads\/2022\/06\/11QlKYMY.jpeg","articleSection":["Liga BetPlay"],"inLanguage":"es","potentialAction":[{"@type":"CommentAction","name":"Comment","target":["https:\/\/futbolhoy.co\/index.php\/2022\/06\/12\/en-medellin-se-podria-conocer-el-primer-finalista\/#respond"]}]},{"@type":"WebPage","@id":"https:\/\/futbolhoy.co\/index.php\/2022\/06\/12\/en-medellin-se-podria-conocer-el-primer-finalista\/","url":"https:\/\/futbolhoy.co\/index.php\/2022\/06\/12\/en-medellin-se-podria-conocer-el-primer-finalista\/","name":"En Medell\u00edn se podr\u00eda conocer el primer finalista -","isPartOf":{"@id":"https:\/\/futbolhoy.co\/#website"},"primaryImageOfPage":{"@id":"https:\/\/futbolhoy.co\/index.php\/2022\/06\/12\/en-medellin-se-podria-conocer-el-primer-finalista\/#primaryimage"},"image":{"@id":"https:\/\/futbolhoy.co\/index.php\/2022\/06\/12\/en-medellin-se-podria-conocer-el-primer-finalista\/#primaryimage"},"thumbnailUrl":"https:\/\/futbolhoy.co\/wp-content\/uploads\/2022\/06\/11QlKYMY.jpeg","datePublished":"2022-06-12T13:50:24+00:00","dateModified":"2022-06-13T11:31:11+00:00","breadcrumb":{"@id":"https:\/\/futbolhoy.co\/index.php\/2022\/06\/12\/en-medellin-se-podria-conocer-el-primer-finalista\/#breadcrumb"},"inLanguage":"es","potentialAction":[{"@type":"ReadAction","target":["https:\/\/futbolhoy.co\/index.php\/2022\/06\/12\/en-medellin-se-podria-conocer-el-primer-finalista\/"]}]},{"@type":"ImageObject","inLanguage":"es","@id":"https:\/\/futbolhoy.co\/index.php\/2022\/06\/12\/en-medellin-se-podria-conocer-el-primer-finalista\/#primaryimage","url":"https:\/\/futbolhoy.co\/wp-content\/uploads\/2022\/06\/11QlKYMY.jpeg","contentUrl":"https:\/\/futbolhoy.co\/wp-content\/uploads\/2022\/06\/11QlKYMY.jpeg","width":2400,"height":1731},{"@type":"BreadcrumbList","@id":"https:\/\/futbolhoy.co\/index.php\/2022\/06\/12\/en-medellin-se-podria-conocer-el-primer-finalista\/#breadcrumb","itemListElement":[{"@type":"ListItem","position":1,"name":"Portada","item":"https:\/\/futbolhoy.co\/"},{"@type":"ListItem","position":2,"name":"En Medell\u00edn se podr\u00eda conocer el primer finalista"}]},{"@type":"WebSite","@id":"https:\/\/futbolhoy.co\/#website","url":"https:\/\/futbolhoy.co\/","name":"FutbolHoy","description":"","publisher":{"@id":"https:\/\/futbolhoy.co\/#organization"},"potentialAction":[{"@type":"SearchAction","target":{"@type":"EntryPoint","urlTemplate":"https:\/\/futbolhoy.co\/?s={search_term_string}"},"query-input":{"@type":"PropertyValueSpecification","valueRequired":true,"valueName":"search_term_string"}}],"inLanguage":"es"},{"@type":"Organization","@id":"https:\/\/futbolhoy.co\/#organization","name":"Futbolhoy.co","url":"https:\/\/futbolhoy.co\/","logo":{"@type":"ImageObject","inLanguage":"es","@id":"https:\/\/futbolhoy.co\/#\/schema\/logo\/image\/","url":"https:\/\/futbolhoy.co\/wp-content\/uploads\/2018\/08\/17426380_1906371736249227_6326180412931521141_n.jpg","contentUrl":"https:\/\/futbolhoy.co\/wp-content\/uploads\/2018\/08\/17426380_1906371736249227_6326180412931521141_n.jpg","width":960,"height":960,"caption":"Futbolhoy.co"},"image":{"@id":"https:\/\/futbolhoy.co\/#\/schema\/logo\/image\/"},"sameAs":["https:\/\/www.facebook.com\/FutbolHoyCol\/","https:\/\/x.com\/FutbolHoyCol","https:\/\/www.instagram.com\/futbolhoycol\/"]},{"@type":"Person","@id":"https:\/\/futbolhoy.co\/#\/schema\/person\/c4a353a512b127643723a34bb1812f7d","name":"Laura Hern\u00e1ndez","image":{"@type":"ImageObject","inLanguage":"es","@id":"https:\/\/futbolhoy.co\/#\/schema\/person\/image\/","url":"https:\/\/secure.gravatar.com\/avatar\/d25959a15b9b293a743f99181c7cfd01?s=96&d=mm&r=g","contentUrl":"https:\/\/secure.gravatar.com\/avatar\/d25959a15b9b293a743f99181c7cfd01?s=96&d=mm&r=g","caption":"Laura Hern\u00e1ndez"}}]}},"publishpress_future_action":{"enabled":false,"date":"2026-05-03 05:52:53","action":"change-status","newStatus":"draft","terms":[],"taxonomy":"category","extraData":[]},"publishpress_future_workflow_manual_trigger":{"enabledWorkflows":[]},"_links":{"self":[{"href":"https:\/\/futbolhoy.co\/index.php\/wp-json\/wp\/v2\/posts\/81244","targetHints":{"allow":["GET"]}}],"collection":[{"href":"https:\/\/futbolhoy.co\/index.php\/wp-json\/wp\/v2\/posts"}],"about":[{"href":"https:\/\/futbolhoy.co\/index.php\/wp-json\/wp\/v2\/types\/post"}],"author":[{"embeddable":true,"href":"https:\/\/futbolhoy.co\/index.php\/wp-json\/wp\/v2\/users\/5"}],"replies":[{"embeddable":true,"href":"https:\/\/futbolhoy.co\/index.php\/wp-json\/wp\/v2\/comments?post=81244"}],"version-history":[{"count":1,"href":"https:\/\/futbolhoy.co\/index.php\/wp-json\/wp\/v2\/posts\/81244\/revisions"}],"predecessor-version":[{"id":81246,"href":"https:\/\/futbolhoy.co\/index.php\/wp-json\/wp\/v2\/posts\/81244\/revisions\/81246"}],"wp:featuredmedia":[{"embeddable":true,"href":"https:\/\/futbolhoy.co\/index.php\/wp-json\/wp\/v2\/media\/81245"}],"wp:attachment":[{"href":"https:\/\/futbolhoy.co\/index.php\/wp-json\/wp\/v2\/media?parent=81244"}],"wp:term":[{"taxonomy":"category","embeddable":true,"href":"https:\/\/futbolhoy.co\/index.php\/wp-json\/wp\/v2\/categories?post=81244"},{"taxonomy":"post_tag","embeddable":true,"href":"https:\/\/futbolhoy.co\/index.php\/wp-json\/wp\/v2\/tags?post=81244"}],"curies":[{"name":"wp","href":"https:\/\/api.w.org\/{rel}","templated":true}]}}