{"id":8134,"date":"2017-10-22T09:21:36","date_gmt":"2017-10-22T14:21:36","guid":{"rendered":"http:\/\/futbolhoy.co\/?p=8134"},"modified":"2017-10-22T09:21:36","modified_gmt":"2017-10-22T14:21:36","slug":"terna-argentina-para-el-juego-del-junior-en-sudamericana","status":"publish","type":"post","link":"https:\/\/futbolhoy.co\/index.php\/2017\/10\/22\/terna-argentina-para-el-juego-del-junior-en-sudamericana\/","title":{"rendered":"Terna argentina para el juego del Junior en Sudamericana"},"content":{"rendered":"<p style=\"text-align: justify;\">El \u00e1rbitro argentino Fernando Rapallini fue designado por la Conmebol para dirigir el partido entre Sport Recife de Brasil y el Junior de Barranquilla en la ida por los cuartos de final de la Copa Suramericana, previsto para el jueves 26 de octubre a las 7 y 45 de la noche hora colombiana.<\/p>\n<p style=\"text-align: justify;\">Rapallini estar\u00e1 acompa\u00f1ado en las bandas por sus compatriotas Gustavo Rossi y Ezequiel Brailovski.<\/p>\n<p style=\"text-align: justify;\">El Sport Recife, dirigido por el brasile\u00f1o Vanderlei Luxemburgo, tiene en su plantilla al defensa colombiano Oswaldo Henr\u00edquez y al volante Reinaldo Lenis.<\/p>\n<p style=\"text-align: justify;\">Los otros \u00e1rbitros centrales para el inicio de la fase de cuartos de final son: el brasile\u00f1o Raphael Claus para el duelo Libertad de Paraguay-Racing de Avellaneda el martes 24 a las 7 y 45 de la noche. El uruguayo Leod\u00e1n Gonz\u00e1lez en el partido Nacional de Paraguay-Independiente de Argentina del mi\u00e9rcoles a las 6 y 15 de la tarde; mientras que ese mismo d\u00eda el paraguayo Mario D\u00edaz del Vivar tendr\u00e1 a su cargo el juego Fluminense-Flamengo a las 6 y 45 de la tarde.<\/p>\n","protected":false},"excerpt":{"rendered":"<p>El \u00e1rbitro argentino Fernando Rapallini fue designado por la Conmebol para dirigir el partido entre Sport Recife de Brasil y el Junior de Barranquilla en la ida por los cuartos de final de la Copa Suramericana, previsto para el jueves 26 de octubre a las 7 y 45 de la noche hora colombiana. Rapallini estar\u00e1 [&hellip;]<\/p>\n","protected":false},"author":5,"featured_media":8135,"comment_status":"open","ping_status":"closed","sticky":false,"template":"","format":"standard","meta":{"_acf_changed":false,"footnotes":""},"categories":[152],"tags":[91,90],"class_list":{"0":"post-8134","1":"post","2":"type-post","3":"status-publish","4":"format-standard","5":"has-post-thumbnail","7":"category-mundo-futbol","8":"tag-copa-sudamericana","9":"tag-junior"},"acf":[],"_links":{"self":[{"href":"https:\/\/futbolhoy.co\/index.php\/wp-json\/wp\/v2\/posts\/8134","targetHints":{"allow":["GET"]}}],"collection":[{"href":"https:\/\/futbolhoy.co\/index.php\/wp-json\/wp\/v2\/posts"}],"about":[{"href":"https:\/\/futbolhoy.co\/index.php\/wp-json\/wp\/v2\/types\/post"}],"author":[{"embeddable":true,"href":"https:\/\/futbolhoy.co\/index.php\/wp-json\/wp\/v2\/users\/5"}],"replies":[{"embeddable":true,"href":"https:\/\/futbolhoy.co\/index.php\/wp-json\/wp\/v2\/comments?post=8134"}],"version-history":[{"count":1,"href":"https:\/\/futbolhoy.co\/index.php\/wp-json\/wp\/v2\/posts\/8134\/revisions"}],"predecessor-version":[{"id":8136,"href":"https:\/\/futbolhoy.co\/index.php\/wp-json\/wp\/v2\/posts\/8134\/revisions\/8136"}],"wp:featuredmedia":[{"embeddable":true,"href":"https:\/\/futbolhoy.co\/index.php\/wp-json\/wp\/v2\/media\/8135"}],"wp:attachment":[{"href":"https:\/\/futbolhoy.co\/index.php\/wp-json\/wp\/v2\/media?parent=8134"}],"wp:term":[{"taxonomy":"category","embeddable":true,"href":"https:\/\/futbolhoy.co\/index.php\/wp-json\/wp\/v2\/categories?post=8134"},{"taxonomy":"post_tag","embeddable":true,"href":"https:\/\/futbolhoy.co\/index.php\/wp-json\/wp\/v2\/tags?post=8134"}],"curies":[{"name":"wp","href":"https:\/\/api.w.org\/{rel}","templated":true}]}}