{"id":81434,"date":"2022-06-16T16:24:06","date_gmt":"2022-06-16T21:24:06","guid":{"rendered":"https:\/\/futbolhoy.co\/?p=81434"},"modified":"2022-06-17T10:25:05","modified_gmt":"2022-06-17T15:25:05","slug":"la-fifa-confirmo-sedes-del-mundial-de-2026","status":"publish","type":"post","link":"https:\/\/futbolhoy.co\/index.php\/2022\/06\/16\/la-fifa-confirmo-sedes-del-mundial-de-2026\/","title":{"rendered":"La FIFA confirm\u00f3 sedes del Mundial de 2026"},"content":{"rendered":"<p style=\"text-align: justify;\"><span style=\"font-family: helvetica, arial, sans-serif;\">La <strong>FIFA<\/strong> confirm\u00f3 las 16 ciudades sedes de la <strong>Copa del Mundo<\/strong> de 2026, que organizar\u00e1n conjuntamente <strong>Estados Unidos, Canad\u00e1 y M\u00e9xico.<\/strong><\/span><\/p>\n<p style=\"text-align: justify;\"><span style=\"font-family: helvetica, arial, sans-serif;\">El estadio Azteca de Ciudad de M\u00e9xico, sede de las finales de los Mundiales de 1970 y 1986, se convertir\u00e1 en el primero que recibir\u00e1 partidos de tres ediciones.<\/span><\/p>\n<p style=\"text-align: justify;\"><span style=\"font-family: helvetica, arial, sans-serif;\">Las otras dos sedes mexicanas sar\u00e1n el estadio <strong>Akron de las Chivas<\/strong> de <strong>Guadalajara,<\/strong> y el <strong>BBVA<\/strong> de los <strong>Rayados<\/strong> de Monterrey.<\/span><\/p>\n<p style=\"text-align: justify;\"><span style=\"font-family: helvetica, arial, sans-serif;\">Las ciudades estadounidenses seleccionadas fueron <strong>Atlanta, Boston, Dallas, Houston, Kansas City, Los Angeles, Miami, New York\/New Jersey, Philadelphia, San Francisco Bay Area y Seattle.<\/strong><\/span><\/p>\n<p style=\"text-align: justify;\"><span style=\"font-family: helvetica, arial, sans-serif;\">En <strong>Canad\u00e1,<\/strong> los escenarios est\u00e1n ubicados en <strong>Toronto y Vancouver.<\/strong><\/span><\/p>\n<p style=\"text-align: justify;\"><span style=\"font-family: helvetica, arial, sans-serif;\">El torneo del 2026, ser\u00e1 el primero de la historia organizado por tres pa\u00edses y que tendr\u00e1 la participaci\u00f3n de 48 selecciones.<\/span><\/p>\n","protected":false},"excerpt":{"rendered":"<p>La FIFA confirm\u00f3 las 16 ciudades sedes de la Copa del Mundo de 2026, que organizar\u00e1n conjuntamente Estados Unidos, Canad\u00e1 y M\u00e9xico. El estadio Azteca de Ciudad de M\u00e9xico, sede de las finales de los Mundiales de 1970 y 1986, se convertir\u00e1 en el primero que recibir\u00e1 partidos de tres ediciones. Las otras dos sedes [&hellip;]<\/p>\n","protected":false},"author":5,"featured_media":81435,"comment_status":"open","ping_status":"closed","sticky":false,"template":"","format":"standard","meta":{"_acf_changed":false,"footnotes":""},"categories":[1965],"tags":[],"class_list":{"0":"post-81434","1":"post","2":"type-post","3":"status-publish","4":"format-standard","5":"has-post-thumbnail","7":"category-eli"},"acf":[],"_links":{"self":[{"href":"https:\/\/futbolhoy.co\/index.php\/wp-json\/wp\/v2\/posts\/81434","targetHints":{"allow":["GET"]}}],"collection":[{"href":"https:\/\/futbolhoy.co\/index.php\/wp-json\/wp\/v2\/posts"}],"about":[{"href":"https:\/\/futbolhoy.co\/index.php\/wp-json\/wp\/v2\/types\/post"}],"author":[{"embeddable":true,"href":"https:\/\/futbolhoy.co\/index.php\/wp-json\/wp\/v2\/users\/5"}],"replies":[{"embeddable":true,"href":"https:\/\/futbolhoy.co\/index.php\/wp-json\/wp\/v2\/comments?post=81434"}],"version-history":[{"count":1,"href":"https:\/\/futbolhoy.co\/index.php\/wp-json\/wp\/v2\/posts\/81434\/revisions"}],"predecessor-version":[{"id":81436,"href":"https:\/\/futbolhoy.co\/index.php\/wp-json\/wp\/v2\/posts\/81434\/revisions\/81436"}],"wp:featuredmedia":[{"embeddable":true,"href":"https:\/\/futbolhoy.co\/index.php\/wp-json\/wp\/v2\/media\/81435"}],"wp:attachment":[{"href":"https:\/\/futbolhoy.co\/index.php\/wp-json\/wp\/v2\/media?parent=81434"}],"wp:term":[{"taxonomy":"category","embeddable":true,"href":"https:\/\/futbolhoy.co\/index.php\/wp-json\/wp\/v2\/categories?post=81434"},{"taxonomy":"post_tag","embeddable":true,"href":"https:\/\/futbolhoy.co\/index.php\/wp-json\/wp\/v2\/tags?post=81434"}],"curies":[{"name":"wp","href":"https:\/\/api.w.org\/{rel}","templated":true}]}}