{"id":81437,"date":"2022-06-16T16:09:06","date_gmt":"2022-06-16T21:09:06","guid":{"rendered":"https:\/\/futbolhoy.co\/?p=81437"},"modified":"2022-06-17T08:28:56","modified_gmt":"2022-06-17T13:28:56","slug":"relanzan-candidatura-sudamericana-para-el-mundial-de-2030","status":"publish","type":"post","link":"https:\/\/futbolhoy.co\/index.php\/2022\/06\/16\/relanzan-candidatura-sudamericana-para-el-mundial-de-2030\/","title":{"rendered":"Relanzan candidatura sudamericana para el Mundial de 2030"},"content":{"rendered":"<p style=\"text-align: justify;\"><span style=\"font-family: helvetica, arial, sans-serif;\">Las autoridades gubernamentales y deportivas de <strong>Paraguay, Argentina, Chile y Uruguay<\/strong> ratificaron su decisi\u00f3n pol\u00edtica y futbol\u00edstica de relanzar la candidatura de estos cuatro pa\u00edses sudamericanos para organizar el <strong>Mundial de 2030<\/strong>.<\/span><\/p>\n<p style=\"text-align: justify;\"><span style=\"font-family: helvetica, arial, sans-serif;\">El vicepresidente de <strong>Paraguay<\/strong>, <strong>Hugo Vel\u00e1zquez<\/strong>, presidi\u00f3 el encuentro de representantes de los cuatro pa\u00edses en <strong>Asunci\u00f3n.<\/strong><\/span><\/p>\n<p style=\"text-align: justify;\"><span style=\"font-family: helvetica, arial, sans-serif;\"><strong>Vel\u00e1zquez<\/strong> anunci\u00f3 que se conformar\u00e1 una mesa de trabajo en Montevideo, en menos de un mes, para establecer un calendario de promoci\u00f3n de la candidatura conjunta.<\/span><\/p>\n<p style=\"text-align: justify;\"><span style=\"font-family: helvetica, arial, sans-serif;\">El pol\u00edtico agreg\u00f3 que el Banco de Desarrollo de Am\u00e9rica Latina (CAF) se ofreci\u00f3 como ente financiador, en el caso que prospere la propuesta.<\/span><\/p>\n<p style=\"text-align: justify;\"><span style=\"font-family: helvetica, arial, sans-serif;\">Adem\u00e1s, le pidieron al presidente de la Conmebol, <strong>Alejandro Dom\u00ednguez<\/strong>, su compromiso para que la propuesta se haga realidad.<\/span><\/p>\n","protected":false},"excerpt":{"rendered":"<p>Las autoridades gubernamentales y deportivas de Paraguay, Argentina, Chile y Uruguay ratificaron su decisi\u00f3n pol\u00edtica y futbol\u00edstica de relanzar la candidatura de estos cuatro pa\u00edses sudamericanos para organizar el Mundial de 2030. El vicepresidente de Paraguay, Hugo Vel\u00e1zquez, presidi\u00f3 el encuentro de representantes de los cuatro pa\u00edses en Asunci\u00f3n. Vel\u00e1zquez anunci\u00f3 que se conformar\u00e1 una [&hellip;]<\/p>\n","protected":false},"author":5,"featured_media":81439,"comment_status":"open","ping_status":"closed","sticky":false,"template":"","format":"standard","meta":{"_acf_changed":false,"footnotes":""},"categories":[152],"tags":[],"class_list":{"0":"post-81437","1":"post","2":"type-post","3":"status-publish","4":"format-standard","5":"has-post-thumbnail","7":"category-mundo-futbol"},"acf":[],"_links":{"self":[{"href":"https:\/\/futbolhoy.co\/index.php\/wp-json\/wp\/v2\/posts\/81437","targetHints":{"allow":["GET"]}}],"collection":[{"href":"https:\/\/futbolhoy.co\/index.php\/wp-json\/wp\/v2\/posts"}],"about":[{"href":"https:\/\/futbolhoy.co\/index.php\/wp-json\/wp\/v2\/types\/post"}],"author":[{"embeddable":true,"href":"https:\/\/futbolhoy.co\/index.php\/wp-json\/wp\/v2\/users\/5"}],"replies":[{"embeddable":true,"href":"https:\/\/futbolhoy.co\/index.php\/wp-json\/wp\/v2\/comments?post=81437"}],"version-history":[{"count":3,"href":"https:\/\/futbolhoy.co\/index.php\/wp-json\/wp\/v2\/posts\/81437\/revisions"}],"predecessor-version":[{"id":81442,"href":"https:\/\/futbolhoy.co\/index.php\/wp-json\/wp\/v2\/posts\/81437\/revisions\/81442"}],"wp:featuredmedia":[{"embeddable":true,"href":"https:\/\/futbolhoy.co\/index.php\/wp-json\/wp\/v2\/media\/81439"}],"wp:attachment":[{"href":"https:\/\/futbolhoy.co\/index.php\/wp-json\/wp\/v2\/media?parent=81437"}],"wp:term":[{"taxonomy":"category","embeddable":true,"href":"https:\/\/futbolhoy.co\/index.php\/wp-json\/wp\/v2\/categories?post=81437"},{"taxonomy":"post_tag","embeddable":true,"href":"https:\/\/futbolhoy.co\/index.php\/wp-json\/wp\/v2\/tags?post=81437"}],"curies":[{"name":"wp","href":"https:\/\/api.w.org\/{rel}","templated":true}]}}