{"id":81460,"date":"2022-06-17T17:19:44","date_gmt":"2022-06-17T22:19:44","guid":{"rendered":"https:\/\/futbolhoy.co\/?p=81460"},"modified":"2022-06-18T10:15:01","modified_gmt":"2022-06-18T15:15:01","slug":"renovar-a-gareca-es-prioridad-para-peru","status":"publish","type":"post","link":"https:\/\/futbolhoy.co\/index.php\/2022\/06\/17\/renovar-a-gareca-es-prioridad-para-peru\/","title":{"rendered":"Renovar a Gareca es prioridad para Per\u00fa"},"content":{"rendered":"<p style=\"text-align: justify;\"><span style=\"font-family: helvetica, arial, sans-serif;\">La <strong>Federaci\u00f3n Peruana de F\u00fatbol<\/strong> tiene como prioridad renovar el contrato del entrenador argentino <strong>Ricardo Gareca<\/strong>, por cuatro a\u00f1os m\u00e1s al frente de la selecci\u00f3n rumbo al <strong>Mundial de 2026<\/strong>.<\/span><\/p>\n<p style=\"text-align: justify;\"><span style=\"font-family: helvetica, arial, sans-serif;\">\u201cQueremos s\u00ed o s\u00ed que \u00e9l contin\u00fae al frente de la selecci\u00f3n nacional absoluta\", dijo el director deportivo de la Federaci\u00f3n, Juan Carlos Oblitas, en rueda de prensa donde asegur\u00f3 que esa posici\u00f3n es compartida por el presidente de la federaci\u00f3n, <strong>Agust\u00edn Lozano.<\/strong><\/span><\/p>\n<p style=\"text-align: justify;\"><span style=\"font-family: helvetica, arial, sans-serif;\"><strong>Oblitas<\/strong> confirm\u00f3 que <strong>Gareca<\/strong> se reuni\u00f3, por separado, con \u00e9l y con <strong>Lozano,<\/strong> donde analizaron lo sucedido en las eliminatorias y repesca a <strong>Qatar 2022<\/strong>.<\/span><\/p>\n<p style=\"text-align: justify;\"><span style=\"font-family: helvetica, arial, sans-serif;\">\u201cCreemos que es la persona indicada para continuar estos cuatro o cinco a\u00f1os que se vienen y soy optimista de conseguirlo\u201d, agreg\u00f3.<\/span><\/p>\n<p style=\"text-align: justify;\"><span style=\"font-family: helvetica, arial, sans-serif;\">\u201cCreo que para fin de mes ya tendr\u00edamos una respuesta concreta, que Dios quiera que sea positiva\u201d, agrego el directivo que tambi\u00e9n precis\u00f3 que el f\u00fatbol peruano no tiene otra alternativa y el \u2018plan B es Gareca\u2019.<\/span><\/p>\n","protected":false},"excerpt":{"rendered":"<p>La Federaci\u00f3n Peruana de F\u00fatbol tiene como prioridad renovar el contrato del entrenador argentino Ricardo Gareca, por cuatro a\u00f1os m\u00e1s al frente de la selecci\u00f3n rumbo al Mundial de 2026. \u201cQueremos s\u00ed o s\u00ed que \u00e9l contin\u00fae al frente de la selecci\u00f3n nacional absoluta\", dijo el director deportivo de la Federaci\u00f3n, Juan Carlos Oblitas, en [&hellip;]<\/p>\n","protected":false},"author":5,"featured_media":81461,"comment_status":"open","ping_status":"open","sticky":false,"template":"","format":"standard","meta":{"_acf_changed":false,"footnotes":""},"categories":[152],"tags":[],"class_list":{"0":"post-81460","1":"post","2":"type-post","3":"status-publish","4":"format-standard","5":"has-post-thumbnail","7":"category-mundo-futbol"},"acf":[],"yoast_head":"<!-- This site is optimized with the Yoast SEO plugin v26.8 - https:\/\/yoast.com\/product\/yoast-seo-wordpress\/ -->\n<title>Renovar a Gareca es prioridad para Per\u00fa -<\/title>\n<meta name=\"robots\" content=\"index, follow, max-snippet:-1, max-image-preview:large, max-video-preview:-1\" \/>\n<link rel=\"canonical\" href=\"https:\/\/futbolhoy.co\/index.php\/2022\/06\/17\/renovar-a-gareca-es-prioridad-para-peru\/\" \/>\n<meta property=\"og:locale\" content=\"es_ES\" \/>\n<meta property=\"og:type\" content=\"article\" \/>\n<meta property=\"og:title\" content=\"Renovar a Gareca es prioridad para Per\u00fa -\" \/>\n<meta property=\"og:description\" content=\"La Federaci\u00f3n Peruana de F\u00fatbol tiene como prioridad renovar el contrato del entrenador argentino Ricardo Gareca, por cuatro a\u00f1os m\u00e1s al frente de la selecci\u00f3n rumbo al Mundial de 2026. \u201cQueremos s\u00ed o s\u00ed que \u00e9l contin\u00fae al frente de la selecci\u00f3n nacional absoluta&quot;, dijo el director deportivo de la Federaci\u00f3n, Juan Carlos Oblitas, en [&hellip;]\" \/>\n<meta property=\"og:url\" content=\"https:\/\/futbolhoy.co\/index.php\/2022\/06\/17\/renovar-a-gareca-es-prioridad-para-peru\/\" \/>\n<meta property=\"article:publisher\" content=\"https:\/\/www.facebook.com\/FutbolHoyCol\/\" \/>\n<meta property=\"article:published_time\" content=\"2022-06-17T22:19:44+00:00\" \/>\n<meta property=\"article:modified_time\" content=\"2022-06-18T15:15:01+00:00\" \/>\n<meta property=\"og:image\" content=\"https:\/\/futbolhoy.co\/wp-content\/uploads\/2022\/06\/20220617_171844.jpg\" \/>\n\t<meta property=\"og:image:width\" content=\"1024\" \/>\n\t<meta property=\"og:image:height\" content=\"713\" \/>\n\t<meta property=\"og:image:type\" content=\"image\/jpeg\" \/>\n<meta name=\"author\" content=\"Laura Hern\u00e1ndez\" \/>\n<meta name=\"twitter:card\" content=\"summary_large_image\" \/>\n<meta name=\"twitter:creator\" content=\"@FutbolHoyCol\" \/>\n<meta name=\"twitter:site\" content=\"@FutbolHoyCol\" \/>\n<meta name=\"twitter:label1\" content=\"Escrito por\" \/>\n\t<meta name=\"twitter:data1\" content=\"Laura Hern\u00e1ndez\" \/>\n\t<meta name=\"twitter:label2\" content=\"Tiempo de lectura\" \/>\n\t<meta name=\"twitter:data2\" content=\"1 minuto\" \/>\n<script type=\"application\/ld+json\" class=\"yoast-schema-graph\">{\"@context\":\"https:\/\/schema.org\",\"@graph\":[{\"@type\":\"Article\",\"@id\":\"https:\/\/futbolhoy.co\/index.php\/2022\/06\/17\/renovar-a-gareca-es-prioridad-para-peru\/#article\",\"isPartOf\":{\"@id\":\"https:\/\/futbolhoy.co\/index.php\/2022\/06\/17\/renovar-a-gareca-es-prioridad-para-peru\/\"},\"author\":{\"name\":\"Laura Hern\u00e1ndez\",\"@id\":\"https:\/\/futbolhoy.co\/#\/schema\/person\/c4a353a512b127643723a34bb1812f7d\"},\"headline\":\"Renovar a Gareca es prioridad para Per\u00fa\",\"datePublished\":\"2022-06-17T22:19:44+00:00\",\"dateModified\":\"2022-06-18T15:15:01+00:00\",\"mainEntityOfPage\":{\"@id\":\"https:\/\/futbolhoy.co\/index.php\/2022\/06\/17\/renovar-a-gareca-es-prioridad-para-peru\/\"},\"wordCount\":177,\"commentCount\":0,\"publisher\":{\"@id\":\"https:\/\/futbolhoy.co\/#organization\"},\"image\":{\"@id\":\"https:\/\/futbolhoy.co\/index.php\/2022\/06\/17\/renovar-a-gareca-es-prioridad-para-peru\/#primaryimage\"},\"thumbnailUrl\":\"https:\/\/futbolhoy.co\/wp-content\/uploads\/2022\/06\/20220617_171844.jpg\",\"articleSection\":[\"Mundo Futbol\"],\"inLanguage\":\"es\",\"potentialAction\":[{\"@type\":\"CommentAction\",\"name\":\"Comment\",\"target\":[\"https:\/\/futbolhoy.co\/index.php\/2022\/06\/17\/renovar-a-gareca-es-prioridad-para-peru\/#respond\"]}]},{\"@type\":\"WebPage\",\"@id\":\"https:\/\/futbolhoy.co\/index.php\/2022\/06\/17\/renovar-a-gareca-es-prioridad-para-peru\/\",\"url\":\"https:\/\/futbolhoy.co\/index.php\/2022\/06\/17\/renovar-a-gareca-es-prioridad-para-peru\/\",\"name\":\"Renovar a Gareca es prioridad para Per\u00fa -\",\"isPartOf\":{\"@id\":\"https:\/\/futbolhoy.co\/#website\"},\"primaryImageOfPage\":{\"@id\":\"https:\/\/futbolhoy.co\/index.php\/2022\/06\/17\/renovar-a-gareca-es-prioridad-para-peru\/#primaryimage\"},\"image\":{\"@id\":\"https:\/\/futbolhoy.co\/index.php\/2022\/06\/17\/renovar-a-gareca-es-prioridad-para-peru\/#primaryimage\"},\"thumbnailUrl\":\"https:\/\/futbolhoy.co\/wp-content\/uploads\/2022\/06\/20220617_171844.jpg\",\"datePublished\":\"2022-06-17T22:19:44+00:00\",\"dateModified\":\"2022-06-18T15:15:01+00:00\",\"breadcrumb\":{\"@id\":\"https:\/\/futbolhoy.co\/index.php\/2022\/06\/17\/renovar-a-gareca-es-prioridad-para-peru\/#breadcrumb\"},\"inLanguage\":\"es\",\"potentialAction\":[{\"@type\":\"ReadAction\",\"target\":[\"https:\/\/futbolhoy.co\/index.php\/2022\/06\/17\/renovar-a-gareca-es-prioridad-para-peru\/\"]}]},{\"@type\":\"ImageObject\",\"inLanguage\":\"es\",\"@id\":\"https:\/\/futbolhoy.co\/index.php\/2022\/06\/17\/renovar-a-gareca-es-prioridad-para-peru\/#primaryimage\",\"url\":\"https:\/\/futbolhoy.co\/wp-content\/uploads\/2022\/06\/20220617_171844.jpg\",\"contentUrl\":\"https:\/\/futbolhoy.co\/wp-content\/uploads\/2022\/06\/20220617_171844.jpg\",\"width\":1024,\"height\":713},{\"@type\":\"BreadcrumbList\",\"@id\":\"https:\/\/futbolhoy.co\/index.php\/2022\/06\/17\/renovar-a-gareca-es-prioridad-para-peru\/#breadcrumb\",\"itemListElement\":[{\"@type\":\"ListItem\",\"position\":1,\"name\":\"Portada\",\"item\":\"https:\/\/futbolhoy.co\/\"},{\"@type\":\"ListItem\",\"position\":2,\"name\":\"Renovar a Gareca es prioridad para Per\u00fa\"}]},{\"@type\":\"WebSite\",\"@id\":\"https:\/\/futbolhoy.co\/#website\",\"url\":\"https:\/\/futbolhoy.co\/\",\"name\":\"FutbolHoy\",\"description\":\"\",\"publisher\":{\"@id\":\"https:\/\/futbolhoy.co\/#organization\"},\"potentialAction\":[{\"@type\":\"SearchAction\",\"target\":{\"@type\":\"EntryPoint\",\"urlTemplate\":\"https:\/\/futbolhoy.co\/?s={search_term_string}\"},\"query-input\":{\"@type\":\"PropertyValueSpecification\",\"valueRequired\":true,\"valueName\":\"search_term_string\"}}],\"inLanguage\":\"es\"},{\"@type\":\"Organization\",\"@id\":\"https:\/\/futbolhoy.co\/#organization\",\"name\":\"Futbolhoy.co\",\"url\":\"https:\/\/futbolhoy.co\/\",\"logo\":{\"@type\":\"ImageObject\",\"inLanguage\":\"es\",\"@id\":\"https:\/\/futbolhoy.co\/#\/schema\/logo\/image\/\",\"url\":\"https:\/\/futbolhoy.co\/wp-content\/uploads\/2018\/08\/17426380_1906371736249227_6326180412931521141_n.jpg\",\"contentUrl\":\"https:\/\/futbolhoy.co\/wp-content\/uploads\/2018\/08\/17426380_1906371736249227_6326180412931521141_n.jpg\",\"width\":960,\"height\":960,\"caption\":\"Futbolhoy.co\"},\"image\":{\"@id\":\"https:\/\/futbolhoy.co\/#\/schema\/logo\/image\/\"},\"sameAs\":[\"https:\/\/www.facebook.com\/FutbolHoyCol\/\",\"https:\/\/x.com\/FutbolHoyCol\",\"https:\/\/www.instagram.com\/futbolhoycol\/\"]},{\"@type\":\"Person\",\"@id\":\"https:\/\/futbolhoy.co\/#\/schema\/person\/c4a353a512b127643723a34bb1812f7d\",\"name\":\"Laura Hern\u00e1ndez\",\"image\":{\"@type\":\"ImageObject\",\"inLanguage\":\"es\",\"@id\":\"https:\/\/futbolhoy.co\/#\/schema\/person\/image\/\",\"url\":\"https:\/\/secure.gravatar.com\/avatar\/d25959a15b9b293a743f99181c7cfd01?s=96&d=mm&r=g\",\"contentUrl\":\"https:\/\/secure.gravatar.com\/avatar\/d25959a15b9b293a743f99181c7cfd01?s=96&d=mm&r=g\",\"caption\":\"Laura Hern\u00e1ndez\"}}]}<\/script>\n<!-- \/ Yoast SEO plugin. -->","yoast_head_json":{"title":"Renovar a Gareca es prioridad para Per\u00fa -","robots":{"index":"index","follow":"follow","max-snippet":"max-snippet:-1","max-image-preview":"max-image-preview:large","max-video-preview":"max-video-preview:-1"},"canonical":"https:\/\/futbolhoy.co\/index.php\/2022\/06\/17\/renovar-a-gareca-es-prioridad-para-peru\/","og_locale":"es_ES","og_type":"article","og_title":"Renovar a Gareca es prioridad para Per\u00fa -","og_description":"La Federaci\u00f3n Peruana de F\u00fatbol tiene como prioridad renovar el contrato del entrenador argentino Ricardo Gareca, por cuatro a\u00f1os m\u00e1s al frente de la selecci\u00f3n rumbo al Mundial de 2026. \u201cQueremos s\u00ed o s\u00ed que \u00e9l contin\u00fae al frente de la selecci\u00f3n nacional absoluta\", dijo el director deportivo de la Federaci\u00f3n, Juan Carlos Oblitas, en [&hellip;]","og_url":"https:\/\/futbolhoy.co\/index.php\/2022\/06\/17\/renovar-a-gareca-es-prioridad-para-peru\/","article_publisher":"https:\/\/www.facebook.com\/FutbolHoyCol\/","article_published_time":"2022-06-17T22:19:44+00:00","article_modified_time":"2022-06-18T15:15:01+00:00","og_image":[{"width":1024,"height":713,"url":"https:\/\/futbolhoy.co\/wp-content\/uploads\/2022\/06\/20220617_171844.jpg","type":"image\/jpeg"}],"author":"Laura Hern\u00e1ndez","twitter_card":"summary_large_image","twitter_creator":"@FutbolHoyCol","twitter_site":"@FutbolHoyCol","twitter_misc":{"Escrito por":"Laura Hern\u00e1ndez","Tiempo de lectura":"1 minuto"},"schema":{"@context":"https:\/\/schema.org","@graph":[{"@type":"Article","@id":"https:\/\/futbolhoy.co\/index.php\/2022\/06\/17\/renovar-a-gareca-es-prioridad-para-peru\/#article","isPartOf":{"@id":"https:\/\/futbolhoy.co\/index.php\/2022\/06\/17\/renovar-a-gareca-es-prioridad-para-peru\/"},"author":{"name":"Laura Hern\u00e1ndez","@id":"https:\/\/futbolhoy.co\/#\/schema\/person\/c4a353a512b127643723a34bb1812f7d"},"headline":"Renovar a Gareca es prioridad para Per\u00fa","datePublished":"2022-06-17T22:19:44+00:00","dateModified":"2022-06-18T15:15:01+00:00","mainEntityOfPage":{"@id":"https:\/\/futbolhoy.co\/index.php\/2022\/06\/17\/renovar-a-gareca-es-prioridad-para-peru\/"},"wordCount":177,"commentCount":0,"publisher":{"@id":"https:\/\/futbolhoy.co\/#organization"},"image":{"@id":"https:\/\/futbolhoy.co\/index.php\/2022\/06\/17\/renovar-a-gareca-es-prioridad-para-peru\/#primaryimage"},"thumbnailUrl":"https:\/\/futbolhoy.co\/wp-content\/uploads\/2022\/06\/20220617_171844.jpg","articleSection":["Mundo Futbol"],"inLanguage":"es","potentialAction":[{"@type":"CommentAction","name":"Comment","target":["https:\/\/futbolhoy.co\/index.php\/2022\/06\/17\/renovar-a-gareca-es-prioridad-para-peru\/#respond"]}]},{"@type":"WebPage","@id":"https:\/\/futbolhoy.co\/index.php\/2022\/06\/17\/renovar-a-gareca-es-prioridad-para-peru\/","url":"https:\/\/futbolhoy.co\/index.php\/2022\/06\/17\/renovar-a-gareca-es-prioridad-para-peru\/","name":"Renovar a Gareca es prioridad para Per\u00fa -","isPartOf":{"@id":"https:\/\/futbolhoy.co\/#website"},"primaryImageOfPage":{"@id":"https:\/\/futbolhoy.co\/index.php\/2022\/06\/17\/renovar-a-gareca-es-prioridad-para-peru\/#primaryimage"},"image":{"@id":"https:\/\/futbolhoy.co\/index.php\/2022\/06\/17\/renovar-a-gareca-es-prioridad-para-peru\/#primaryimage"},"thumbnailUrl":"https:\/\/futbolhoy.co\/wp-content\/uploads\/2022\/06\/20220617_171844.jpg","datePublished":"2022-06-17T22:19:44+00:00","dateModified":"2022-06-18T15:15:01+00:00","breadcrumb":{"@id":"https:\/\/futbolhoy.co\/index.php\/2022\/06\/17\/renovar-a-gareca-es-prioridad-para-peru\/#breadcrumb"},"inLanguage":"es","potentialAction":[{"@type":"ReadAction","target":["https:\/\/futbolhoy.co\/index.php\/2022\/06\/17\/renovar-a-gareca-es-prioridad-para-peru\/"]}]},{"@type":"ImageObject","inLanguage":"es","@id":"https:\/\/futbolhoy.co\/index.php\/2022\/06\/17\/renovar-a-gareca-es-prioridad-para-peru\/#primaryimage","url":"https:\/\/futbolhoy.co\/wp-content\/uploads\/2022\/06\/20220617_171844.jpg","contentUrl":"https:\/\/futbolhoy.co\/wp-content\/uploads\/2022\/06\/20220617_171844.jpg","width":1024,"height":713},{"@type":"BreadcrumbList","@id":"https:\/\/futbolhoy.co\/index.php\/2022\/06\/17\/renovar-a-gareca-es-prioridad-para-peru\/#breadcrumb","itemListElement":[{"@type":"ListItem","position":1,"name":"Portada","item":"https:\/\/futbolhoy.co\/"},{"@type":"ListItem","position":2,"name":"Renovar a Gareca es prioridad para Per\u00fa"}]},{"@type":"WebSite","@id":"https:\/\/futbolhoy.co\/#website","url":"https:\/\/futbolhoy.co\/","name":"FutbolHoy","description":"","publisher":{"@id":"https:\/\/futbolhoy.co\/#organization"},"potentialAction":[{"@type":"SearchAction","target":{"@type":"EntryPoint","urlTemplate":"https:\/\/futbolhoy.co\/?s={search_term_string}"},"query-input":{"@type":"PropertyValueSpecification","valueRequired":true,"valueName":"search_term_string"}}],"inLanguage":"es"},{"@type":"Organization","@id":"https:\/\/futbolhoy.co\/#organization","name":"Futbolhoy.co","url":"https:\/\/futbolhoy.co\/","logo":{"@type":"ImageObject","inLanguage":"es","@id":"https:\/\/futbolhoy.co\/#\/schema\/logo\/image\/","url":"https:\/\/futbolhoy.co\/wp-content\/uploads\/2018\/08\/17426380_1906371736249227_6326180412931521141_n.jpg","contentUrl":"https:\/\/futbolhoy.co\/wp-content\/uploads\/2018\/08\/17426380_1906371736249227_6326180412931521141_n.jpg","width":960,"height":960,"caption":"Futbolhoy.co"},"image":{"@id":"https:\/\/futbolhoy.co\/#\/schema\/logo\/image\/"},"sameAs":["https:\/\/www.facebook.com\/FutbolHoyCol\/","https:\/\/x.com\/FutbolHoyCol","https:\/\/www.instagram.com\/futbolhoycol\/"]},{"@type":"Person","@id":"https:\/\/futbolhoy.co\/#\/schema\/person\/c4a353a512b127643723a34bb1812f7d","name":"Laura Hern\u00e1ndez","image":{"@type":"ImageObject","inLanguage":"es","@id":"https:\/\/futbolhoy.co\/#\/schema\/person\/image\/","url":"https:\/\/secure.gravatar.com\/avatar\/d25959a15b9b293a743f99181c7cfd01?s=96&d=mm&r=g","contentUrl":"https:\/\/secure.gravatar.com\/avatar\/d25959a15b9b293a743f99181c7cfd01?s=96&d=mm&r=g","caption":"Laura Hern\u00e1ndez"}}]}},"publishpress_future_action":{"enabled":false,"date":"2026-05-03 14:59:23","action":"change-status","newStatus":"draft","terms":[],"taxonomy":"category","extraData":[]},"publishpress_future_workflow_manual_trigger":{"enabledWorkflows":[]},"_links":{"self":[{"href":"https:\/\/futbolhoy.co\/index.php\/wp-json\/wp\/v2\/posts\/81460","targetHints":{"allow":["GET"]}}],"collection":[{"href":"https:\/\/futbolhoy.co\/index.php\/wp-json\/wp\/v2\/posts"}],"about":[{"href":"https:\/\/futbolhoy.co\/index.php\/wp-json\/wp\/v2\/types\/post"}],"author":[{"embeddable":true,"href":"https:\/\/futbolhoy.co\/index.php\/wp-json\/wp\/v2\/users\/5"}],"replies":[{"embeddable":true,"href":"https:\/\/futbolhoy.co\/index.php\/wp-json\/wp\/v2\/comments?post=81460"}],"version-history":[{"count":1,"href":"https:\/\/futbolhoy.co\/index.php\/wp-json\/wp\/v2\/posts\/81460\/revisions"}],"predecessor-version":[{"id":81462,"href":"https:\/\/futbolhoy.co\/index.php\/wp-json\/wp\/v2\/posts\/81460\/revisions\/81462"}],"wp:featuredmedia":[{"embeddable":true,"href":"https:\/\/futbolhoy.co\/index.php\/wp-json\/wp\/v2\/media\/81461"}],"wp:attachment":[{"href":"https:\/\/futbolhoy.co\/index.php\/wp-json\/wp\/v2\/media?parent=81460"}],"wp:term":[{"taxonomy":"category","embeddable":true,"href":"https:\/\/futbolhoy.co\/index.php\/wp-json\/wp\/v2\/categories?post=81460"},{"taxonomy":"post_tag","embeddable":true,"href":"https:\/\/futbolhoy.co\/index.php\/wp-json\/wp\/v2\/tags?post=81460"}],"curies":[{"name":"wp","href":"https:\/\/api.w.org\/{rel}","templated":true}]}}