{"id":81463,"date":"2022-06-17T18:09:02","date_gmt":"2022-06-17T23:09:02","guid":{"rendered":"https:\/\/futbolhoy.co\/?p=81463"},"modified":"2022-06-18T13:38:43","modified_gmt":"2022-06-18T18:38:43","slug":"quintero-vuelve-a-una-convocatoria-de-river-plate","status":"publish","type":"post","link":"https:\/\/futbolhoy.co\/index.php\/2022\/06\/17\/quintero-vuelve-a-una-convocatoria-de-river-plate\/","title":{"rendered":"Quintero vuelve a una convocatoria de River Plate"},"content":{"rendered":"<p style=\"text-align: justify;\"><span style=\"font-family: helvetica, arial, sans-serif;\">El volante antioque\u00f1o, <strong>Juan Fernando Quintero<\/strong>, fue incluido entre los convocados por <strong>River Plate<\/strong> para la cuarta fecha de la Liga Argentina, donde visitar\u00e1 este fin de semana\u00a0\u00a0a <strong>Uni\u00f3n de Santa Fe.<\/strong><\/span><\/p>\n<p style=\"text-align: justify;\"><span style=\"font-family: helvetica, arial, sans-serif;\"><strong>Quintero,<\/strong> quien disput\u00f3 su \u00faltimo partido el pasado 17 de abril frente a <strong>Banfield,<\/strong> se recuper\u00f3 de un desgarro en el isquiotibial izquierdo.<\/span><\/p>\n<p style=\"text-align: justify;\"><span style=\"font-family: helvetica, arial, sans-serif;\">El colombiano, que ten\u00eda previsto regresar a mediados de mayo, frente a <strong>Colo Colo<\/strong> por <strong>Copa Libertadores<\/strong>, se resinti\u00f3 dos d\u00edas antes del encuentro.<\/span><\/p>\n<p style=\"text-align: justify;\"><span style=\"font-family: helvetica, arial, sans-serif;\">\u2018Juanfer\u2019, quien lleva dos meses ausente, se ha perdido 12 partidos por esta lesi\u00f3n.<\/span><\/p>\n<p style=\"text-align: justify;\"><span style=\"font-family: helvetica, arial, sans-serif;\">Aunque entr\u00f3 en la convocatoria, es posible que tenga pocos minutos, ya que el t\u00e9cnico <strong>Marcelo \u2018Mu\u00f1eco\u2019 Gallardo<\/strong> lo ir\u00e1 llevando de a poco para que recupere su nivel.<\/span><\/p>\n<p style=\"text-align: justify;\"><span style=\"font-family: helvetica, arial, sans-serif;\">El partido Uni\u00f3n-River, est\u00e1 programado para este domingo, desde las 4pm, hora colombiana.<\/span><\/p>\n","protected":false},"excerpt":{"rendered":"<p>El volante antioque\u00f1o, Juan Fernando Quintero, fue incluido entre los convocados por River Plate para la cuarta fecha de la Liga Argentina, donde visitar\u00e1 este fin de semana\u00a0\u00a0a Uni\u00f3n de Santa Fe. Quintero, quien disput\u00f3 su \u00faltimo partido el pasado 17 de abril frente a Banfield, se recuper\u00f3 de un desgarro en el isquiotibial izquierdo. [&hellip;]<\/p>\n","protected":false},"author":5,"featured_media":81464,"comment_status":"open","ping_status":"open","sticky":false,"template":"","format":"standard","meta":{"_acf_changed":false,"footnotes":""},"categories":[418],"tags":[],"class_list":{"0":"post-81463","1":"post","2":"type-post","3":"status-publish","4":"format-standard","5":"has-post-thumbnail","7":"category-colombia"},"acf":[],"yoast_head":"<!-- This site is optimized with the Yoast SEO plugin v26.8 - https:\/\/yoast.com\/product\/yoast-seo-wordpress\/ -->\n<title>Quintero vuelve a una convocatoria de River Plate -<\/title>\n<meta name=\"robots\" content=\"index, follow, max-snippet:-1, max-image-preview:large, max-video-preview:-1\" \/>\n<link rel=\"canonical\" href=\"https:\/\/futbolhoy.co\/index.php\/2022\/06\/17\/quintero-vuelve-a-una-convocatoria-de-river-plate\/\" \/>\n<meta property=\"og:locale\" content=\"es_ES\" \/>\n<meta property=\"og:type\" content=\"article\" \/>\n<meta property=\"og:title\" content=\"Quintero vuelve a una convocatoria de River Plate -\" \/>\n<meta property=\"og:description\" content=\"El volante antioque\u00f1o, Juan Fernando Quintero, fue incluido entre los convocados por River Plate para la cuarta fecha de la Liga Argentina, donde visitar\u00e1 este fin de semana\u00a0\u00a0a Uni\u00f3n de Santa Fe. Quintero, quien disput\u00f3 su \u00faltimo partido el pasado 17 de abril frente a Banfield, se recuper\u00f3 de un desgarro en el isquiotibial izquierdo. [&hellip;]\" \/>\n<meta property=\"og:url\" content=\"https:\/\/futbolhoy.co\/index.php\/2022\/06\/17\/quintero-vuelve-a-una-convocatoria-de-river-plate\/\" \/>\n<meta property=\"article:publisher\" content=\"https:\/\/www.facebook.com\/FutbolHoyCol\/\" \/>\n<meta property=\"article:published_time\" content=\"2022-06-17T23:09:02+00:00\" \/>\n<meta property=\"article:modified_time\" content=\"2022-06-18T18:38:43+00:00\" \/>\n<meta property=\"og:image\" content=\"https:\/\/futbolhoy.co\/wp-content\/uploads\/2022\/06\/20220617_180334.jpg\" \/>\n\t<meta property=\"og:image:width\" content=\"1952\" \/>\n\t<meta property=\"og:image:height\" content=\"2048\" \/>\n\t<meta property=\"og:image:type\" content=\"image\/jpeg\" \/>\n<meta name=\"author\" content=\"Laura Hern\u00e1ndez\" \/>\n<meta name=\"twitter:card\" content=\"summary_large_image\" \/>\n<meta name=\"twitter:creator\" content=\"@FutbolHoyCol\" \/>\n<meta name=\"twitter:site\" content=\"@FutbolHoyCol\" \/>\n<meta name=\"twitter:label1\" content=\"Escrito por\" \/>\n\t<meta name=\"twitter:data1\" content=\"Laura Hern\u00e1ndez\" \/>\n\t<meta name=\"twitter:label2\" content=\"Tiempo de lectura\" \/>\n\t<meta name=\"twitter:data2\" content=\"1 minuto\" \/>\n<script type=\"application\/ld+json\" class=\"yoast-schema-graph\">{\"@context\":\"https:\/\/schema.org\",\"@graph\":[{\"@type\":\"Article\",\"@id\":\"https:\/\/futbolhoy.co\/index.php\/2022\/06\/17\/quintero-vuelve-a-una-convocatoria-de-river-plate\/#article\",\"isPartOf\":{\"@id\":\"https:\/\/futbolhoy.co\/index.php\/2022\/06\/17\/quintero-vuelve-a-una-convocatoria-de-river-plate\/\"},\"author\":{\"name\":\"Laura Hern\u00e1ndez\",\"@id\":\"https:\/\/futbolhoy.co\/#\/schema\/person\/c4a353a512b127643723a34bb1812f7d\"},\"headline\":\"Quintero vuelve a una convocatoria de River Plate\",\"datePublished\":\"2022-06-17T23:09:02+00:00\",\"dateModified\":\"2022-06-18T18:38:43+00:00\",\"mainEntityOfPage\":{\"@id\":\"https:\/\/futbolhoy.co\/index.php\/2022\/06\/17\/quintero-vuelve-a-una-convocatoria-de-river-plate\/\"},\"wordCount\":150,\"commentCount\":0,\"publisher\":{\"@id\":\"https:\/\/futbolhoy.co\/#organization\"},\"image\":{\"@id\":\"https:\/\/futbolhoy.co\/index.php\/2022\/06\/17\/quintero-vuelve-a-una-convocatoria-de-river-plate\/#primaryimage\"},\"thumbnailUrl\":\"https:\/\/futbolhoy.co\/wp-content\/uploads\/2022\/06\/20220617_180334.jpg\",\"articleSection\":[\"Colombia\"],\"inLanguage\":\"es\",\"potentialAction\":[{\"@type\":\"CommentAction\",\"name\":\"Comment\",\"target\":[\"https:\/\/futbolhoy.co\/index.php\/2022\/06\/17\/quintero-vuelve-a-una-convocatoria-de-river-plate\/#respond\"]}]},{\"@type\":\"WebPage\",\"@id\":\"https:\/\/futbolhoy.co\/index.php\/2022\/06\/17\/quintero-vuelve-a-una-convocatoria-de-river-plate\/\",\"url\":\"https:\/\/futbolhoy.co\/index.php\/2022\/06\/17\/quintero-vuelve-a-una-convocatoria-de-river-plate\/\",\"name\":\"Quintero vuelve a una convocatoria de River Plate -\",\"isPartOf\":{\"@id\":\"https:\/\/futbolhoy.co\/#website\"},\"primaryImageOfPage\":{\"@id\":\"https:\/\/futbolhoy.co\/index.php\/2022\/06\/17\/quintero-vuelve-a-una-convocatoria-de-river-plate\/#primaryimage\"},\"image\":{\"@id\":\"https:\/\/futbolhoy.co\/index.php\/2022\/06\/17\/quintero-vuelve-a-una-convocatoria-de-river-plate\/#primaryimage\"},\"thumbnailUrl\":\"https:\/\/futbolhoy.co\/wp-content\/uploads\/2022\/06\/20220617_180334.jpg\",\"datePublished\":\"2022-06-17T23:09:02+00:00\",\"dateModified\":\"2022-06-18T18:38:43+00:00\",\"breadcrumb\":{\"@id\":\"https:\/\/futbolhoy.co\/index.php\/2022\/06\/17\/quintero-vuelve-a-una-convocatoria-de-river-plate\/#breadcrumb\"},\"inLanguage\":\"es\",\"potentialAction\":[{\"@type\":\"ReadAction\",\"target\":[\"https:\/\/futbolhoy.co\/index.php\/2022\/06\/17\/quintero-vuelve-a-una-convocatoria-de-river-plate\/\"]}]},{\"@type\":\"ImageObject\",\"inLanguage\":\"es\",\"@id\":\"https:\/\/futbolhoy.co\/index.php\/2022\/06\/17\/quintero-vuelve-a-una-convocatoria-de-river-plate\/#primaryimage\",\"url\":\"https:\/\/futbolhoy.co\/wp-content\/uploads\/2022\/06\/20220617_180334.jpg\",\"contentUrl\":\"https:\/\/futbolhoy.co\/wp-content\/uploads\/2022\/06\/20220617_180334.jpg\",\"width\":1952,\"height\":2048},{\"@type\":\"BreadcrumbList\",\"@id\":\"https:\/\/futbolhoy.co\/index.php\/2022\/06\/17\/quintero-vuelve-a-una-convocatoria-de-river-plate\/#breadcrumb\",\"itemListElement\":[{\"@type\":\"ListItem\",\"position\":1,\"name\":\"Portada\",\"item\":\"https:\/\/futbolhoy.co\/\"},{\"@type\":\"ListItem\",\"position\":2,\"name\":\"Quintero vuelve a una convocatoria de River Plate\"}]},{\"@type\":\"WebSite\",\"@id\":\"https:\/\/futbolhoy.co\/#website\",\"url\":\"https:\/\/futbolhoy.co\/\",\"name\":\"FutbolHoy\",\"description\":\"\",\"publisher\":{\"@id\":\"https:\/\/futbolhoy.co\/#organization\"},\"potentialAction\":[{\"@type\":\"SearchAction\",\"target\":{\"@type\":\"EntryPoint\",\"urlTemplate\":\"https:\/\/futbolhoy.co\/?s={search_term_string}\"},\"query-input\":{\"@type\":\"PropertyValueSpecification\",\"valueRequired\":true,\"valueName\":\"search_term_string\"}}],\"inLanguage\":\"es\"},{\"@type\":\"Organization\",\"@id\":\"https:\/\/futbolhoy.co\/#organization\",\"name\":\"Futbolhoy.co\",\"url\":\"https:\/\/futbolhoy.co\/\",\"logo\":{\"@type\":\"ImageObject\",\"inLanguage\":\"es\",\"@id\":\"https:\/\/futbolhoy.co\/#\/schema\/logo\/image\/\",\"url\":\"https:\/\/futbolhoy.co\/wp-content\/uploads\/2018\/08\/17426380_1906371736249227_6326180412931521141_n.jpg\",\"contentUrl\":\"https:\/\/futbolhoy.co\/wp-content\/uploads\/2018\/08\/17426380_1906371736249227_6326180412931521141_n.jpg\",\"width\":960,\"height\":960,\"caption\":\"Futbolhoy.co\"},\"image\":{\"@id\":\"https:\/\/futbolhoy.co\/#\/schema\/logo\/image\/\"},\"sameAs\":[\"https:\/\/www.facebook.com\/FutbolHoyCol\/\",\"https:\/\/x.com\/FutbolHoyCol\",\"https:\/\/www.instagram.com\/futbolhoycol\/\"]},{\"@type\":\"Person\",\"@id\":\"https:\/\/futbolhoy.co\/#\/schema\/person\/c4a353a512b127643723a34bb1812f7d\",\"name\":\"Laura Hern\u00e1ndez\",\"image\":{\"@type\":\"ImageObject\",\"inLanguage\":\"es\",\"@id\":\"https:\/\/futbolhoy.co\/#\/schema\/person\/image\/\",\"url\":\"https:\/\/secure.gravatar.com\/avatar\/d25959a15b9b293a743f99181c7cfd01?s=96&d=mm&r=g\",\"contentUrl\":\"https:\/\/secure.gravatar.com\/avatar\/d25959a15b9b293a743f99181c7cfd01?s=96&d=mm&r=g\",\"caption\":\"Laura Hern\u00e1ndez\"}}]}<\/script>\n<!-- \/ Yoast SEO plugin. -->","yoast_head_json":{"title":"Quintero vuelve a una convocatoria de River Plate -","robots":{"index":"index","follow":"follow","max-snippet":"max-snippet:-1","max-image-preview":"max-image-preview:large","max-video-preview":"max-video-preview:-1"},"canonical":"https:\/\/futbolhoy.co\/index.php\/2022\/06\/17\/quintero-vuelve-a-una-convocatoria-de-river-plate\/","og_locale":"es_ES","og_type":"article","og_title":"Quintero vuelve a una convocatoria de River Plate -","og_description":"El volante antioque\u00f1o, Juan Fernando Quintero, fue incluido entre los convocados por River Plate para la cuarta fecha de la Liga Argentina, donde visitar\u00e1 este fin de semana\u00a0\u00a0a Uni\u00f3n de Santa Fe. Quintero, quien disput\u00f3 su \u00faltimo partido el pasado 17 de abril frente a Banfield, se recuper\u00f3 de un desgarro en el isquiotibial izquierdo. [&hellip;]","og_url":"https:\/\/futbolhoy.co\/index.php\/2022\/06\/17\/quintero-vuelve-a-una-convocatoria-de-river-plate\/","article_publisher":"https:\/\/www.facebook.com\/FutbolHoyCol\/","article_published_time":"2022-06-17T23:09:02+00:00","article_modified_time":"2022-06-18T18:38:43+00:00","og_image":[{"width":1952,"height":2048,"url":"https:\/\/futbolhoy.co\/wp-content\/uploads\/2022\/06\/20220617_180334.jpg","type":"image\/jpeg"}],"author":"Laura Hern\u00e1ndez","twitter_card":"summary_large_image","twitter_creator":"@FutbolHoyCol","twitter_site":"@FutbolHoyCol","twitter_misc":{"Escrito por":"Laura Hern\u00e1ndez","Tiempo de lectura":"1 minuto"},"schema":{"@context":"https:\/\/schema.org","@graph":[{"@type":"Article","@id":"https:\/\/futbolhoy.co\/index.php\/2022\/06\/17\/quintero-vuelve-a-una-convocatoria-de-river-plate\/#article","isPartOf":{"@id":"https:\/\/futbolhoy.co\/index.php\/2022\/06\/17\/quintero-vuelve-a-una-convocatoria-de-river-plate\/"},"author":{"name":"Laura Hern\u00e1ndez","@id":"https:\/\/futbolhoy.co\/#\/schema\/person\/c4a353a512b127643723a34bb1812f7d"},"headline":"Quintero vuelve a una convocatoria de River Plate","datePublished":"2022-06-17T23:09:02+00:00","dateModified":"2022-06-18T18:38:43+00:00","mainEntityOfPage":{"@id":"https:\/\/futbolhoy.co\/index.php\/2022\/06\/17\/quintero-vuelve-a-una-convocatoria-de-river-plate\/"},"wordCount":150,"commentCount":0,"publisher":{"@id":"https:\/\/futbolhoy.co\/#organization"},"image":{"@id":"https:\/\/futbolhoy.co\/index.php\/2022\/06\/17\/quintero-vuelve-a-una-convocatoria-de-river-plate\/#primaryimage"},"thumbnailUrl":"https:\/\/futbolhoy.co\/wp-content\/uploads\/2022\/06\/20220617_180334.jpg","articleSection":["Colombia"],"inLanguage":"es","potentialAction":[{"@type":"CommentAction","name":"Comment","target":["https:\/\/futbolhoy.co\/index.php\/2022\/06\/17\/quintero-vuelve-a-una-convocatoria-de-river-plate\/#respond"]}]},{"@type":"WebPage","@id":"https:\/\/futbolhoy.co\/index.php\/2022\/06\/17\/quintero-vuelve-a-una-convocatoria-de-river-plate\/","url":"https:\/\/futbolhoy.co\/index.php\/2022\/06\/17\/quintero-vuelve-a-una-convocatoria-de-river-plate\/","name":"Quintero vuelve a una convocatoria de River Plate -","isPartOf":{"@id":"https:\/\/futbolhoy.co\/#website"},"primaryImageOfPage":{"@id":"https:\/\/futbolhoy.co\/index.php\/2022\/06\/17\/quintero-vuelve-a-una-convocatoria-de-river-plate\/#primaryimage"},"image":{"@id":"https:\/\/futbolhoy.co\/index.php\/2022\/06\/17\/quintero-vuelve-a-una-convocatoria-de-river-plate\/#primaryimage"},"thumbnailUrl":"https:\/\/futbolhoy.co\/wp-content\/uploads\/2022\/06\/20220617_180334.jpg","datePublished":"2022-06-17T23:09:02+00:00","dateModified":"2022-06-18T18:38:43+00:00","breadcrumb":{"@id":"https:\/\/futbolhoy.co\/index.php\/2022\/06\/17\/quintero-vuelve-a-una-convocatoria-de-river-plate\/#breadcrumb"},"inLanguage":"es","potentialAction":[{"@type":"ReadAction","target":["https:\/\/futbolhoy.co\/index.php\/2022\/06\/17\/quintero-vuelve-a-una-convocatoria-de-river-plate\/"]}]},{"@type":"ImageObject","inLanguage":"es","@id":"https:\/\/futbolhoy.co\/index.php\/2022\/06\/17\/quintero-vuelve-a-una-convocatoria-de-river-plate\/#primaryimage","url":"https:\/\/futbolhoy.co\/wp-content\/uploads\/2022\/06\/20220617_180334.jpg","contentUrl":"https:\/\/futbolhoy.co\/wp-content\/uploads\/2022\/06\/20220617_180334.jpg","width":1952,"height":2048},{"@type":"BreadcrumbList","@id":"https:\/\/futbolhoy.co\/index.php\/2022\/06\/17\/quintero-vuelve-a-una-convocatoria-de-river-plate\/#breadcrumb","itemListElement":[{"@type":"ListItem","position":1,"name":"Portada","item":"https:\/\/futbolhoy.co\/"},{"@type":"ListItem","position":2,"name":"Quintero vuelve a una convocatoria de River Plate"}]},{"@type":"WebSite","@id":"https:\/\/futbolhoy.co\/#website","url":"https:\/\/futbolhoy.co\/","name":"FutbolHoy","description":"","publisher":{"@id":"https:\/\/futbolhoy.co\/#organization"},"potentialAction":[{"@type":"SearchAction","target":{"@type":"EntryPoint","urlTemplate":"https:\/\/futbolhoy.co\/?s={search_term_string}"},"query-input":{"@type":"PropertyValueSpecification","valueRequired":true,"valueName":"search_term_string"}}],"inLanguage":"es"},{"@type":"Organization","@id":"https:\/\/futbolhoy.co\/#organization","name":"Futbolhoy.co","url":"https:\/\/futbolhoy.co\/","logo":{"@type":"ImageObject","inLanguage":"es","@id":"https:\/\/futbolhoy.co\/#\/schema\/logo\/image\/","url":"https:\/\/futbolhoy.co\/wp-content\/uploads\/2018\/08\/17426380_1906371736249227_6326180412931521141_n.jpg","contentUrl":"https:\/\/futbolhoy.co\/wp-content\/uploads\/2018\/08\/17426380_1906371736249227_6326180412931521141_n.jpg","width":960,"height":960,"caption":"Futbolhoy.co"},"image":{"@id":"https:\/\/futbolhoy.co\/#\/schema\/logo\/image\/"},"sameAs":["https:\/\/www.facebook.com\/FutbolHoyCol\/","https:\/\/x.com\/FutbolHoyCol","https:\/\/www.instagram.com\/futbolhoycol\/"]},{"@type":"Person","@id":"https:\/\/futbolhoy.co\/#\/schema\/person\/c4a353a512b127643723a34bb1812f7d","name":"Laura Hern\u00e1ndez","image":{"@type":"ImageObject","inLanguage":"es","@id":"https:\/\/futbolhoy.co\/#\/schema\/person\/image\/","url":"https:\/\/secure.gravatar.com\/avatar\/d25959a15b9b293a743f99181c7cfd01?s=96&d=mm&r=g","contentUrl":"https:\/\/secure.gravatar.com\/avatar\/d25959a15b9b293a743f99181c7cfd01?s=96&d=mm&r=g","caption":"Laura Hern\u00e1ndez"}}]}},"publishpress_future_action":{"enabled":false,"date":"2026-05-03 06:08:30","action":"change-status","newStatus":"draft","terms":[],"taxonomy":"category","extraData":[]},"publishpress_future_workflow_manual_trigger":{"enabledWorkflows":[]},"_links":{"self":[{"href":"https:\/\/futbolhoy.co\/index.php\/wp-json\/wp\/v2\/posts\/81463","targetHints":{"allow":["GET"]}}],"collection":[{"href":"https:\/\/futbolhoy.co\/index.php\/wp-json\/wp\/v2\/posts"}],"about":[{"href":"https:\/\/futbolhoy.co\/index.php\/wp-json\/wp\/v2\/types\/post"}],"author":[{"embeddable":true,"href":"https:\/\/futbolhoy.co\/index.php\/wp-json\/wp\/v2\/users\/5"}],"replies":[{"embeddable":true,"href":"https:\/\/futbolhoy.co\/index.php\/wp-json\/wp\/v2\/comments?post=81463"}],"version-history":[{"count":1,"href":"https:\/\/futbolhoy.co\/index.php\/wp-json\/wp\/v2\/posts\/81463\/revisions"}],"predecessor-version":[{"id":81465,"href":"https:\/\/futbolhoy.co\/index.php\/wp-json\/wp\/v2\/posts\/81463\/revisions\/81465"}],"wp:featuredmedia":[{"embeddable":true,"href":"https:\/\/futbolhoy.co\/index.php\/wp-json\/wp\/v2\/media\/81464"}],"wp:attachment":[{"href":"https:\/\/futbolhoy.co\/index.php\/wp-json\/wp\/v2\/media?parent=81463"}],"wp:term":[{"taxonomy":"category","embeddable":true,"href":"https:\/\/futbolhoy.co\/index.php\/wp-json\/wp\/v2\/categories?post=81463"},{"taxonomy":"post_tag","embeddable":true,"href":"https:\/\/futbolhoy.co\/index.php\/wp-json\/wp\/v2\/tags?post=81463"}],"curies":[{"name":"wp","href":"https:\/\/api.w.org\/{rel}","templated":true}]}}