{"id":81492,"date":"2022-06-18T13:30:10","date_gmt":"2022-06-18T18:30:10","guid":{"rendered":"https:\/\/futbolhoy.co\/?p=81492"},"modified":"2022-06-19T17:19:59","modified_gmt":"2022-06-19T22:19:59","slug":"no-he-hablado-con-borja-sobre-river-cruz-real","status":"publish","type":"post","link":"https:\/\/futbolhoy.co\/index.php\/2022\/06\/18\/no-he-hablado-con-borja-sobre-river-cruz-real\/","title":{"rendered":"No he hablado con Borja sobre River: Cruz Real"},"content":{"rendered":"<p style=\"text-align: justify;\"><span style=\"font-family: helvetica, arial, sans-serif;\">El t\u00e9cnico de <strong>Junior,<\/strong> <strong>Juan Cruz Real,<\/strong> asegur\u00f3 que conoce el inter\u00e9s de <strong>River Plate<\/strong> de Argentina por el delantero colombiano, <strong>Miguel \u00c1ngel Borja<\/strong>.<\/span><\/p>\n<p style=\"text-align: justify;\"><span style=\"font-family: helvetica, arial, sans-serif;\">\u201cEstoy al tanto del inter\u00e9s (\u2026) jugar en River es seductor, no lo voy a negar y si la oferta es buena, no le voy a cortar la carrera a Miguel\u201d, sostuvo Cruz en una entrevista con radio La Red de Buenos Aires.<\/span><\/p>\n<p style=\"text-align: justify;\"><span style=\"font-family: helvetica, arial, sans-serif;\">\u201cLa verdad no habl\u00e9 con <strong>Borja<\/strong> de <strong>River.<\/strong> No era momento para hablar de eso. Del club no tengo ninguna informaci\u00f3n oficial. Lo que yo s\u00e9 es que tiene contrato por un tiempo m\u00e1s\u201d, agreg\u00f3 <strong>Cruz Real<\/strong>, quien esta semana fue ratificado en el cargo para la segunda Liga del a\u00f1o,<\/span><\/p>\n<p style=\"text-align: justify;\"><span style=\"font-family: helvetica, arial, sans-serif;\">El equipo argentino ya hizo la oferta formal por el cordob\u00e9s. \u201cHubo contactos con el entorno del jugador y va con todo para contratarlo\u201d, asegur\u00f3 TyC Sports.<\/span><\/p>\n<p style=\"text-align: justify;\"><span style=\"font-family: helvetica, arial, sans-serif;\">\u201cSi bien River puede pagar el contrato del atacante, Junior no est\u00e1 convencido de venderlo. Cabe recordar que el equipo colombiano hizo un importante esfuerzo en diciembre del 2021 y le compr\u00f3 el 50 % del pase de Borja a Palmeiras a cambio de tres millones y medio de d\u00f3lares. Adem\u00e1s, otro impedimento podr\u00eda ser la forma de pago\u201d, agreg\u00f3 el medio argentino.<\/span><\/p>\n<p style=\"text-align: justify;\"><span style=\"font-family: helvetica, arial, sans-serif;\"><strong>Borja,<\/strong> luego de la eliminaci\u00f3n del equipo barranquillero en cuadrangulares, disfruta de un breve periodo de vacaciones, antes de retomar el pr\u00f3ximo jueves, la preparaci\u00f3n para la <strong>Liga BetPlay Dimayor II-2022<\/strong>, que iniciar\u00e1 el 10 de julio.<\/span><\/p>\n","protected":false},"excerpt":{"rendered":"<p>El t\u00e9cnico de Junior, Juan Cruz Real, asegur\u00f3 que conoce el inter\u00e9s de River Plate de Argentina por el delantero colombiano, Miguel \u00c1ngel Borja. \u201cEstoy al tanto del inter\u00e9s (\u2026) jugar en River es seductor, no lo voy a negar y si la oferta es buena, no le voy a cortar la carrera a Miguel\u201d, [&hellip;]<\/p>\n","protected":false},"author":5,"featured_media":81493,"comment_status":"open","ping_status":"open","sticky":false,"template":"","format":"standard","meta":{"_acf_changed":false,"footnotes":""},"categories":[418],"tags":[],"class_list":{"0":"post-81492","1":"post","2":"type-post","3":"status-publish","4":"format-standard","5":"has-post-thumbnail","7":"category-colombia"},"acf":[],"yoast_head":"<!-- This site is optimized with the Yoast SEO plugin v26.8 - https:\/\/yoast.com\/product\/yoast-seo-wordpress\/ -->\n<title>No he hablado con Borja sobre River: Cruz Real -<\/title>\n<meta name=\"robots\" content=\"index, follow, max-snippet:-1, max-image-preview:large, max-video-preview:-1\" \/>\n<link rel=\"canonical\" href=\"https:\/\/futbolhoy.co\/index.php\/2022\/06\/18\/no-he-hablado-con-borja-sobre-river-cruz-real\/\" \/>\n<meta property=\"og:locale\" content=\"es_ES\" \/>\n<meta property=\"og:type\" content=\"article\" \/>\n<meta property=\"og:title\" content=\"No he hablado con Borja sobre River: Cruz Real -\" \/>\n<meta property=\"og:description\" content=\"El t\u00e9cnico de Junior, Juan Cruz Real, asegur\u00f3 que conoce el inter\u00e9s de River Plate de Argentina por el delantero colombiano, Miguel \u00c1ngel Borja. \u201cEstoy al tanto del inter\u00e9s (\u2026) jugar en River es seductor, no lo voy a negar y si la oferta es buena, no le voy a cortar la carrera a Miguel\u201d, [&hellip;]\" \/>\n<meta property=\"og:url\" content=\"https:\/\/futbolhoy.co\/index.php\/2022\/06\/18\/no-he-hablado-con-borja-sobre-river-cruz-real\/\" \/>\n<meta property=\"article:publisher\" content=\"https:\/\/www.facebook.com\/FutbolHoyCol\/\" \/>\n<meta property=\"article:published_time\" content=\"2022-06-18T18:30:10+00:00\" \/>\n<meta property=\"article:modified_time\" content=\"2022-06-19T22:19:59+00:00\" \/>\n<meta property=\"og:image\" content=\"https:\/\/futbolhoy.co\/wp-content\/uploads\/2022\/06\/20220618_130325.jpg\" \/>\n\t<meta property=\"og:image:width\" content=\"680\" \/>\n\t<meta property=\"og:image:height\" content=\"453\" \/>\n\t<meta property=\"og:image:type\" content=\"image\/jpeg\" \/>\n<meta name=\"author\" content=\"Laura Hern\u00e1ndez\" \/>\n<meta name=\"twitter:card\" content=\"summary_large_image\" \/>\n<meta name=\"twitter:creator\" content=\"@FutbolHoyCol\" \/>\n<meta name=\"twitter:site\" content=\"@FutbolHoyCol\" \/>\n<meta name=\"twitter:label1\" content=\"Escrito por\" \/>\n\t<meta name=\"twitter:data1\" content=\"Laura Hern\u00e1ndez\" \/>\n\t<meta name=\"twitter:label2\" content=\"Tiempo de lectura\" \/>\n\t<meta name=\"twitter:data2\" content=\"2 minutos\" \/>\n<script type=\"application\/ld+json\" class=\"yoast-schema-graph\">{\"@context\":\"https:\/\/schema.org\",\"@graph\":[{\"@type\":\"Article\",\"@id\":\"https:\/\/futbolhoy.co\/index.php\/2022\/06\/18\/no-he-hablado-con-borja-sobre-river-cruz-real\/#article\",\"isPartOf\":{\"@id\":\"https:\/\/futbolhoy.co\/index.php\/2022\/06\/18\/no-he-hablado-con-borja-sobre-river-cruz-real\/\"},\"author\":{\"name\":\"Laura Hern\u00e1ndez\",\"@id\":\"https:\/\/futbolhoy.co\/#\/schema\/person\/c4a353a512b127643723a34bb1812f7d\"},\"headline\":\"No he hablado con Borja sobre River: Cruz Real\",\"datePublished\":\"2022-06-18T18:30:10+00:00\",\"dateModified\":\"2022-06-19T22:19:59+00:00\",\"mainEntityOfPage\":{\"@id\":\"https:\/\/futbolhoy.co\/index.php\/2022\/06\/18\/no-he-hablado-con-borja-sobre-river-cruz-real\/\"},\"wordCount\":262,\"commentCount\":0,\"publisher\":{\"@id\":\"https:\/\/futbolhoy.co\/#organization\"},\"image\":{\"@id\":\"https:\/\/futbolhoy.co\/index.php\/2022\/06\/18\/no-he-hablado-con-borja-sobre-river-cruz-real\/#primaryimage\"},\"thumbnailUrl\":\"https:\/\/futbolhoy.co\/wp-content\/uploads\/2022\/06\/20220618_130325.jpg\",\"articleSection\":[\"Colombia\"],\"inLanguage\":\"es\",\"potentialAction\":[{\"@type\":\"CommentAction\",\"name\":\"Comment\",\"target\":[\"https:\/\/futbolhoy.co\/index.php\/2022\/06\/18\/no-he-hablado-con-borja-sobre-river-cruz-real\/#respond\"]}]},{\"@type\":\"WebPage\",\"@id\":\"https:\/\/futbolhoy.co\/index.php\/2022\/06\/18\/no-he-hablado-con-borja-sobre-river-cruz-real\/\",\"url\":\"https:\/\/futbolhoy.co\/index.php\/2022\/06\/18\/no-he-hablado-con-borja-sobre-river-cruz-real\/\",\"name\":\"No he hablado con Borja sobre River: Cruz Real -\",\"isPartOf\":{\"@id\":\"https:\/\/futbolhoy.co\/#website\"},\"primaryImageOfPage\":{\"@id\":\"https:\/\/futbolhoy.co\/index.php\/2022\/06\/18\/no-he-hablado-con-borja-sobre-river-cruz-real\/#primaryimage\"},\"image\":{\"@id\":\"https:\/\/futbolhoy.co\/index.php\/2022\/06\/18\/no-he-hablado-con-borja-sobre-river-cruz-real\/#primaryimage\"},\"thumbnailUrl\":\"https:\/\/futbolhoy.co\/wp-content\/uploads\/2022\/06\/20220618_130325.jpg\",\"datePublished\":\"2022-06-18T18:30:10+00:00\",\"dateModified\":\"2022-06-19T22:19:59+00:00\",\"breadcrumb\":{\"@id\":\"https:\/\/futbolhoy.co\/index.php\/2022\/06\/18\/no-he-hablado-con-borja-sobre-river-cruz-real\/#breadcrumb\"},\"inLanguage\":\"es\",\"potentialAction\":[{\"@type\":\"ReadAction\",\"target\":[\"https:\/\/futbolhoy.co\/index.php\/2022\/06\/18\/no-he-hablado-con-borja-sobre-river-cruz-real\/\"]}]},{\"@type\":\"ImageObject\",\"inLanguage\":\"es\",\"@id\":\"https:\/\/futbolhoy.co\/index.php\/2022\/06\/18\/no-he-hablado-con-borja-sobre-river-cruz-real\/#primaryimage\",\"url\":\"https:\/\/futbolhoy.co\/wp-content\/uploads\/2022\/06\/20220618_130325.jpg\",\"contentUrl\":\"https:\/\/futbolhoy.co\/wp-content\/uploads\/2022\/06\/20220618_130325.jpg\",\"width\":680,\"height\":453},{\"@type\":\"BreadcrumbList\",\"@id\":\"https:\/\/futbolhoy.co\/index.php\/2022\/06\/18\/no-he-hablado-con-borja-sobre-river-cruz-real\/#breadcrumb\",\"itemListElement\":[{\"@type\":\"ListItem\",\"position\":1,\"name\":\"Portada\",\"item\":\"https:\/\/futbolhoy.co\/\"},{\"@type\":\"ListItem\",\"position\":2,\"name\":\"No he hablado con Borja sobre River: Cruz Real\"}]},{\"@type\":\"WebSite\",\"@id\":\"https:\/\/futbolhoy.co\/#website\",\"url\":\"https:\/\/futbolhoy.co\/\",\"name\":\"FutbolHoy\",\"description\":\"\",\"publisher\":{\"@id\":\"https:\/\/futbolhoy.co\/#organization\"},\"potentialAction\":[{\"@type\":\"SearchAction\",\"target\":{\"@type\":\"EntryPoint\",\"urlTemplate\":\"https:\/\/futbolhoy.co\/?s={search_term_string}\"},\"query-input\":{\"@type\":\"PropertyValueSpecification\",\"valueRequired\":true,\"valueName\":\"search_term_string\"}}],\"inLanguage\":\"es\"},{\"@type\":\"Organization\",\"@id\":\"https:\/\/futbolhoy.co\/#organization\",\"name\":\"Futbolhoy.co\",\"url\":\"https:\/\/futbolhoy.co\/\",\"logo\":{\"@type\":\"ImageObject\",\"inLanguage\":\"es\",\"@id\":\"https:\/\/futbolhoy.co\/#\/schema\/logo\/image\/\",\"url\":\"https:\/\/futbolhoy.co\/wp-content\/uploads\/2018\/08\/17426380_1906371736249227_6326180412931521141_n.jpg\",\"contentUrl\":\"https:\/\/futbolhoy.co\/wp-content\/uploads\/2018\/08\/17426380_1906371736249227_6326180412931521141_n.jpg\",\"width\":960,\"height\":960,\"caption\":\"Futbolhoy.co\"},\"image\":{\"@id\":\"https:\/\/futbolhoy.co\/#\/schema\/logo\/image\/\"},\"sameAs\":[\"https:\/\/www.facebook.com\/FutbolHoyCol\/\",\"https:\/\/x.com\/FutbolHoyCol\",\"https:\/\/www.instagram.com\/futbolhoycol\/\"]},{\"@type\":\"Person\",\"@id\":\"https:\/\/futbolhoy.co\/#\/schema\/person\/c4a353a512b127643723a34bb1812f7d\",\"name\":\"Laura Hern\u00e1ndez\",\"image\":{\"@type\":\"ImageObject\",\"inLanguage\":\"es\",\"@id\":\"https:\/\/futbolhoy.co\/#\/schema\/person\/image\/\",\"url\":\"https:\/\/secure.gravatar.com\/avatar\/d25959a15b9b293a743f99181c7cfd01?s=96&d=mm&r=g\",\"contentUrl\":\"https:\/\/secure.gravatar.com\/avatar\/d25959a15b9b293a743f99181c7cfd01?s=96&d=mm&r=g\",\"caption\":\"Laura Hern\u00e1ndez\"}}]}<\/script>\n<!-- \/ Yoast SEO plugin. -->","yoast_head_json":{"title":"No he hablado con Borja sobre River: Cruz Real -","robots":{"index":"index","follow":"follow","max-snippet":"max-snippet:-1","max-image-preview":"max-image-preview:large","max-video-preview":"max-video-preview:-1"},"canonical":"https:\/\/futbolhoy.co\/index.php\/2022\/06\/18\/no-he-hablado-con-borja-sobre-river-cruz-real\/","og_locale":"es_ES","og_type":"article","og_title":"No he hablado con Borja sobre River: Cruz Real -","og_description":"El t\u00e9cnico de Junior, Juan Cruz Real, asegur\u00f3 que conoce el inter\u00e9s de River Plate de Argentina por el delantero colombiano, Miguel \u00c1ngel Borja. \u201cEstoy al tanto del inter\u00e9s (\u2026) jugar en River es seductor, no lo voy a negar y si la oferta es buena, no le voy a cortar la carrera a Miguel\u201d, [&hellip;]","og_url":"https:\/\/futbolhoy.co\/index.php\/2022\/06\/18\/no-he-hablado-con-borja-sobre-river-cruz-real\/","article_publisher":"https:\/\/www.facebook.com\/FutbolHoyCol\/","article_published_time":"2022-06-18T18:30:10+00:00","article_modified_time":"2022-06-19T22:19:59+00:00","og_image":[{"width":680,"height":453,"url":"https:\/\/futbolhoy.co\/wp-content\/uploads\/2022\/06\/20220618_130325.jpg","type":"image\/jpeg"}],"author":"Laura Hern\u00e1ndez","twitter_card":"summary_large_image","twitter_creator":"@FutbolHoyCol","twitter_site":"@FutbolHoyCol","twitter_misc":{"Escrito por":"Laura Hern\u00e1ndez","Tiempo de lectura":"2 minutos"},"schema":{"@context":"https:\/\/schema.org","@graph":[{"@type":"Article","@id":"https:\/\/futbolhoy.co\/index.php\/2022\/06\/18\/no-he-hablado-con-borja-sobre-river-cruz-real\/#article","isPartOf":{"@id":"https:\/\/futbolhoy.co\/index.php\/2022\/06\/18\/no-he-hablado-con-borja-sobre-river-cruz-real\/"},"author":{"name":"Laura Hern\u00e1ndez","@id":"https:\/\/futbolhoy.co\/#\/schema\/person\/c4a353a512b127643723a34bb1812f7d"},"headline":"No he hablado con Borja sobre River: Cruz Real","datePublished":"2022-06-18T18:30:10+00:00","dateModified":"2022-06-19T22:19:59+00:00","mainEntityOfPage":{"@id":"https:\/\/futbolhoy.co\/index.php\/2022\/06\/18\/no-he-hablado-con-borja-sobre-river-cruz-real\/"},"wordCount":262,"commentCount":0,"publisher":{"@id":"https:\/\/futbolhoy.co\/#organization"},"image":{"@id":"https:\/\/futbolhoy.co\/index.php\/2022\/06\/18\/no-he-hablado-con-borja-sobre-river-cruz-real\/#primaryimage"},"thumbnailUrl":"https:\/\/futbolhoy.co\/wp-content\/uploads\/2022\/06\/20220618_130325.jpg","articleSection":["Colombia"],"inLanguage":"es","potentialAction":[{"@type":"CommentAction","name":"Comment","target":["https:\/\/futbolhoy.co\/index.php\/2022\/06\/18\/no-he-hablado-con-borja-sobre-river-cruz-real\/#respond"]}]},{"@type":"WebPage","@id":"https:\/\/futbolhoy.co\/index.php\/2022\/06\/18\/no-he-hablado-con-borja-sobre-river-cruz-real\/","url":"https:\/\/futbolhoy.co\/index.php\/2022\/06\/18\/no-he-hablado-con-borja-sobre-river-cruz-real\/","name":"No he hablado con Borja sobre River: Cruz Real -","isPartOf":{"@id":"https:\/\/futbolhoy.co\/#website"},"primaryImageOfPage":{"@id":"https:\/\/futbolhoy.co\/index.php\/2022\/06\/18\/no-he-hablado-con-borja-sobre-river-cruz-real\/#primaryimage"},"image":{"@id":"https:\/\/futbolhoy.co\/index.php\/2022\/06\/18\/no-he-hablado-con-borja-sobre-river-cruz-real\/#primaryimage"},"thumbnailUrl":"https:\/\/futbolhoy.co\/wp-content\/uploads\/2022\/06\/20220618_130325.jpg","datePublished":"2022-06-18T18:30:10+00:00","dateModified":"2022-06-19T22:19:59+00:00","breadcrumb":{"@id":"https:\/\/futbolhoy.co\/index.php\/2022\/06\/18\/no-he-hablado-con-borja-sobre-river-cruz-real\/#breadcrumb"},"inLanguage":"es","potentialAction":[{"@type":"ReadAction","target":["https:\/\/futbolhoy.co\/index.php\/2022\/06\/18\/no-he-hablado-con-borja-sobre-river-cruz-real\/"]}]},{"@type":"ImageObject","inLanguage":"es","@id":"https:\/\/futbolhoy.co\/index.php\/2022\/06\/18\/no-he-hablado-con-borja-sobre-river-cruz-real\/#primaryimage","url":"https:\/\/futbolhoy.co\/wp-content\/uploads\/2022\/06\/20220618_130325.jpg","contentUrl":"https:\/\/futbolhoy.co\/wp-content\/uploads\/2022\/06\/20220618_130325.jpg","width":680,"height":453},{"@type":"BreadcrumbList","@id":"https:\/\/futbolhoy.co\/index.php\/2022\/06\/18\/no-he-hablado-con-borja-sobre-river-cruz-real\/#breadcrumb","itemListElement":[{"@type":"ListItem","position":1,"name":"Portada","item":"https:\/\/futbolhoy.co\/"},{"@type":"ListItem","position":2,"name":"No he hablado con Borja sobre River: Cruz Real"}]},{"@type":"WebSite","@id":"https:\/\/futbolhoy.co\/#website","url":"https:\/\/futbolhoy.co\/","name":"FutbolHoy","description":"","publisher":{"@id":"https:\/\/futbolhoy.co\/#organization"},"potentialAction":[{"@type":"SearchAction","target":{"@type":"EntryPoint","urlTemplate":"https:\/\/futbolhoy.co\/?s={search_term_string}"},"query-input":{"@type":"PropertyValueSpecification","valueRequired":true,"valueName":"search_term_string"}}],"inLanguage":"es"},{"@type":"Organization","@id":"https:\/\/futbolhoy.co\/#organization","name":"Futbolhoy.co","url":"https:\/\/futbolhoy.co\/","logo":{"@type":"ImageObject","inLanguage":"es","@id":"https:\/\/futbolhoy.co\/#\/schema\/logo\/image\/","url":"https:\/\/futbolhoy.co\/wp-content\/uploads\/2018\/08\/17426380_1906371736249227_6326180412931521141_n.jpg","contentUrl":"https:\/\/futbolhoy.co\/wp-content\/uploads\/2018\/08\/17426380_1906371736249227_6326180412931521141_n.jpg","width":960,"height":960,"caption":"Futbolhoy.co"},"image":{"@id":"https:\/\/futbolhoy.co\/#\/schema\/logo\/image\/"},"sameAs":["https:\/\/www.facebook.com\/FutbolHoyCol\/","https:\/\/x.com\/FutbolHoyCol","https:\/\/www.instagram.com\/futbolhoycol\/"]},{"@type":"Person","@id":"https:\/\/futbolhoy.co\/#\/schema\/person\/c4a353a512b127643723a34bb1812f7d","name":"Laura Hern\u00e1ndez","image":{"@type":"ImageObject","inLanguage":"es","@id":"https:\/\/futbolhoy.co\/#\/schema\/person\/image\/","url":"https:\/\/secure.gravatar.com\/avatar\/d25959a15b9b293a743f99181c7cfd01?s=96&d=mm&r=g","contentUrl":"https:\/\/secure.gravatar.com\/avatar\/d25959a15b9b293a743f99181c7cfd01?s=96&d=mm&r=g","caption":"Laura Hern\u00e1ndez"}}]}},"publishpress_future_action":{"enabled":false,"date":"2026-05-03 03:13:42","action":"change-status","newStatus":"draft","terms":[],"taxonomy":"category","extraData":[]},"publishpress_future_workflow_manual_trigger":{"enabledWorkflows":[]},"_links":{"self":[{"href":"https:\/\/futbolhoy.co\/index.php\/wp-json\/wp\/v2\/posts\/81492","targetHints":{"allow":["GET"]}}],"collection":[{"href":"https:\/\/futbolhoy.co\/index.php\/wp-json\/wp\/v2\/posts"}],"about":[{"href":"https:\/\/futbolhoy.co\/index.php\/wp-json\/wp\/v2\/types\/post"}],"author":[{"embeddable":true,"href":"https:\/\/futbolhoy.co\/index.php\/wp-json\/wp\/v2\/users\/5"}],"replies":[{"embeddable":true,"href":"https:\/\/futbolhoy.co\/index.php\/wp-json\/wp\/v2\/comments?post=81492"}],"version-history":[{"count":1,"href":"https:\/\/futbolhoy.co\/index.php\/wp-json\/wp\/v2\/posts\/81492\/revisions"}],"predecessor-version":[{"id":81494,"href":"https:\/\/futbolhoy.co\/index.php\/wp-json\/wp\/v2\/posts\/81492\/revisions\/81494"}],"wp:featuredmedia":[{"embeddable":true,"href":"https:\/\/futbolhoy.co\/index.php\/wp-json\/wp\/v2\/media\/81493"}],"wp:attachment":[{"href":"https:\/\/futbolhoy.co\/index.php\/wp-json\/wp\/v2\/media?parent=81492"}],"wp:term":[{"taxonomy":"category","embeddable":true,"href":"https:\/\/futbolhoy.co\/index.php\/wp-json\/wp\/v2\/categories?post=81492"},{"taxonomy":"post_tag","embeddable":true,"href":"https:\/\/futbolhoy.co\/index.php\/wp-json\/wp\/v2\/tags?post=81492"}],"curies":[{"name":"wp","href":"https:\/\/api.w.org\/{rel}","templated":true}]}}