{"id":81495,"date":"2022-06-18T16:38:22","date_gmt":"2022-06-18T21:38:22","guid":{"rendered":"https:\/\/futbolhoy.co\/?p=81495"},"modified":"2022-06-19T17:19:53","modified_gmt":"2022-06-19T22:19:53","slug":"el-cucho-hernandez-se-acerca-a-la-mls","status":"publish","type":"post","link":"https:\/\/futbolhoy.co\/index.php\/2022\/06\/18\/el-cucho-hernandez-se-acerca-a-la-mls\/","title":{"rendered":"El \u2018Cucho\u2019 Hern\u00e1ndez se acerca a la MLS"},"content":{"rendered":"<p style=\"text-align: justify;\"><span style=\"font-family: helvetica, arial, sans-serif;\">El delantero pereirano, <strong>Juan Camilo \u2018Cucho\u2019 Hern\u00e1ndez<\/strong>, est\u00e1 pr\u00f3ximo a cerrar su vinculaci\u00f3n al <strong>Columbus Crew,<\/strong> de la <strong>Major League Soccer (MLS)<\/strong> de Estados Unidos.<\/span><\/p>\n<p style=\"text-align: justify;\"><span style=\"font-family: helvetica, arial, sans-serif;\">\u201cEl Columbus Crew de la MLS est\u00e1 cerrando el trato permanente de \u2018Cucho\u2019 Hern\u00e1ndez con Watford. Acuerdo completo que se alcanzar\u00e1 como ha informado @AdamLeventhal.\u00a0\u00a0Los detalles del contrato ahora se est\u00e1n discutiendo con \u2018Cucho\u2019, asegur\u00f3 el periodista italiano, Fabrizio Romano, especializado en el mercado de jugadores en Europa.<\/span><\/p>\n<p style=\"text-align: justify;\"><span style=\"font-family: helvetica, arial, sans-serif;\"><strong>Hern\u00e1ndez,<\/strong> quien viene de jugar con el <strong>Watford<\/strong> (descendido a la segunda divisi\u00f3n de Inglaterra), llegar\u00eda a los Estados Unidos con un contrato por 4 a\u00f1os y una opci\u00f3n de ampliaci\u00f3n.<\/span><\/p>\n<p style=\"text-align: justify;\"><span style=\"font-family: helvetica, arial, sans-serif;\">La transferencia se cerrar\u00eda por 10 millones de d\u00f3lares, record para el club estadounidense que en su momento desembols\u00f3 8 millones por el volante argentino, <strong>Lucas Zelarayan<\/strong>.<\/span><\/p>\n<p style=\"text-align: justify;\"><span style=\"font-family: helvetica, arial, sans-serif;\">El \u2018Cucho\u2019, cuyos derechos deportivos pertenecen al club ingl\u00e9s, ha jugado con <strong>Huesca, Mallorca, Getafe<\/strong> y reci\u00e9n en Watford. En Colombia integr\u00f3 los planteles del Pereira y Am\u00e9rica.<\/span><\/p>\n","protected":false},"excerpt":{"rendered":"<p>El delantero pereirano, Juan Camilo \u2018Cucho\u2019 Hern\u00e1ndez, est\u00e1 pr\u00f3ximo a cerrar su vinculaci\u00f3n al Columbus Crew, de la Major League Soccer (MLS) de Estados Unidos. \u201cEl Columbus Crew de la MLS est\u00e1 cerrando el trato permanente de \u2018Cucho\u2019 Hern\u00e1ndez con Watford. Acuerdo completo que se alcanzar\u00e1 como ha informado @AdamLeventhal.\u00a0\u00a0Los detalles del contrato ahora se [&hellip;]<\/p>\n","protected":false},"author":5,"featured_media":81497,"comment_status":"open","ping_status":"open","sticky":false,"template":"","format":"standard","meta":{"_acf_changed":false,"footnotes":""},"categories":[418],"tags":[],"class_list":{"0":"post-81495","1":"post","2":"type-post","3":"status-publish","4":"format-standard","5":"has-post-thumbnail","7":"category-colombia"},"acf":[],"yoast_head":"<!-- This site is optimized with the Yoast SEO plugin v26.8 - https:\/\/yoast.com\/product\/yoast-seo-wordpress\/ -->\n<title>El \u2018Cucho\u2019 Hern\u00e1ndez se acerca a la MLS -<\/title>\n<meta name=\"robots\" content=\"index, follow, max-snippet:-1, max-image-preview:large, max-video-preview:-1\" \/>\n<link rel=\"canonical\" href=\"https:\/\/futbolhoy.co\/index.php\/2022\/06\/18\/el-cucho-hernandez-se-acerca-a-la-mls\/\" \/>\n<meta property=\"og:locale\" content=\"es_ES\" \/>\n<meta property=\"og:type\" content=\"article\" \/>\n<meta property=\"og:title\" content=\"El \u2018Cucho\u2019 Hern\u00e1ndez se acerca a la MLS -\" \/>\n<meta property=\"og:description\" content=\"El delantero pereirano, Juan Camilo \u2018Cucho\u2019 Hern\u00e1ndez, est\u00e1 pr\u00f3ximo a cerrar su vinculaci\u00f3n al Columbus Crew, de la Major League Soccer (MLS) de Estados Unidos. \u201cEl Columbus Crew de la MLS est\u00e1 cerrando el trato permanente de \u2018Cucho\u2019 Hern\u00e1ndez con Watford. Acuerdo completo que se alcanzar\u00e1 como ha informado @AdamLeventhal.\u00a0\u00a0Los detalles del contrato ahora se [&hellip;]\" \/>\n<meta property=\"og:url\" content=\"https:\/\/futbolhoy.co\/index.php\/2022\/06\/18\/el-cucho-hernandez-se-acerca-a-la-mls\/\" \/>\n<meta property=\"article:publisher\" content=\"https:\/\/www.facebook.com\/FutbolHoyCol\/\" \/>\n<meta property=\"article:published_time\" content=\"2022-06-18T21:38:22+00:00\" \/>\n<meta property=\"article:modified_time\" content=\"2022-06-19T22:19:53+00:00\" \/>\n<meta property=\"og:image\" content=\"https:\/\/futbolhoy.co\/wp-content\/uploads\/2022\/06\/20220618_163721.jpg\" \/>\n\t<meta property=\"og:image:width\" content=\"2048\" \/>\n\t<meta property=\"og:image:height\" content=\"1366\" \/>\n\t<meta property=\"og:image:type\" content=\"image\/jpeg\" \/>\n<meta name=\"author\" content=\"Laura Hern\u00e1ndez\" \/>\n<meta name=\"twitter:card\" content=\"summary_large_image\" \/>\n<meta name=\"twitter:creator\" content=\"@FutbolHoyCol\" \/>\n<meta name=\"twitter:site\" content=\"@FutbolHoyCol\" \/>\n<meta name=\"twitter:label1\" content=\"Escrito por\" \/>\n\t<meta name=\"twitter:data1\" content=\"Laura Hern\u00e1ndez\" \/>\n\t<meta name=\"twitter:label2\" content=\"Tiempo de lectura\" \/>\n\t<meta name=\"twitter:data2\" content=\"1 minuto\" \/>\n<script type=\"application\/ld+json\" class=\"yoast-schema-graph\">{\"@context\":\"https:\/\/schema.org\",\"@graph\":[{\"@type\":\"Article\",\"@id\":\"https:\/\/futbolhoy.co\/index.php\/2022\/06\/18\/el-cucho-hernandez-se-acerca-a-la-mls\/#article\",\"isPartOf\":{\"@id\":\"https:\/\/futbolhoy.co\/index.php\/2022\/06\/18\/el-cucho-hernandez-se-acerca-a-la-mls\/\"},\"author\":{\"name\":\"Laura Hern\u00e1ndez\",\"@id\":\"https:\/\/futbolhoy.co\/#\/schema\/person\/c4a353a512b127643723a34bb1812f7d\"},\"headline\":\"El \u2018Cucho\u2019 Hern\u00e1ndez se acerca a la MLS\",\"datePublished\":\"2022-06-18T21:38:22+00:00\",\"dateModified\":\"2022-06-19T22:19:53+00:00\",\"mainEntityOfPage\":{\"@id\":\"https:\/\/futbolhoy.co\/index.php\/2022\/06\/18\/el-cucho-hernandez-se-acerca-a-la-mls\/\"},\"wordCount\":182,\"commentCount\":0,\"publisher\":{\"@id\":\"https:\/\/futbolhoy.co\/#organization\"},\"image\":{\"@id\":\"https:\/\/futbolhoy.co\/index.php\/2022\/06\/18\/el-cucho-hernandez-se-acerca-a-la-mls\/#primaryimage\"},\"thumbnailUrl\":\"https:\/\/futbolhoy.co\/wp-content\/uploads\/2022\/06\/20220618_163721.jpg\",\"articleSection\":[\"Colombia\"],\"inLanguage\":\"es\",\"potentialAction\":[{\"@type\":\"CommentAction\",\"name\":\"Comment\",\"target\":[\"https:\/\/futbolhoy.co\/index.php\/2022\/06\/18\/el-cucho-hernandez-se-acerca-a-la-mls\/#respond\"]}]},{\"@type\":\"WebPage\",\"@id\":\"https:\/\/futbolhoy.co\/index.php\/2022\/06\/18\/el-cucho-hernandez-se-acerca-a-la-mls\/\",\"url\":\"https:\/\/futbolhoy.co\/index.php\/2022\/06\/18\/el-cucho-hernandez-se-acerca-a-la-mls\/\",\"name\":\"El \u2018Cucho\u2019 Hern\u00e1ndez se acerca a la MLS -\",\"isPartOf\":{\"@id\":\"https:\/\/futbolhoy.co\/#website\"},\"primaryImageOfPage\":{\"@id\":\"https:\/\/futbolhoy.co\/index.php\/2022\/06\/18\/el-cucho-hernandez-se-acerca-a-la-mls\/#primaryimage\"},\"image\":{\"@id\":\"https:\/\/futbolhoy.co\/index.php\/2022\/06\/18\/el-cucho-hernandez-se-acerca-a-la-mls\/#primaryimage\"},\"thumbnailUrl\":\"https:\/\/futbolhoy.co\/wp-content\/uploads\/2022\/06\/20220618_163721.jpg\",\"datePublished\":\"2022-06-18T21:38:22+00:00\",\"dateModified\":\"2022-06-19T22:19:53+00:00\",\"breadcrumb\":{\"@id\":\"https:\/\/futbolhoy.co\/index.php\/2022\/06\/18\/el-cucho-hernandez-se-acerca-a-la-mls\/#breadcrumb\"},\"inLanguage\":\"es\",\"potentialAction\":[{\"@type\":\"ReadAction\",\"target\":[\"https:\/\/futbolhoy.co\/index.php\/2022\/06\/18\/el-cucho-hernandez-se-acerca-a-la-mls\/\"]}]},{\"@type\":\"ImageObject\",\"inLanguage\":\"es\",\"@id\":\"https:\/\/futbolhoy.co\/index.php\/2022\/06\/18\/el-cucho-hernandez-se-acerca-a-la-mls\/#primaryimage\",\"url\":\"https:\/\/futbolhoy.co\/wp-content\/uploads\/2022\/06\/20220618_163721.jpg\",\"contentUrl\":\"https:\/\/futbolhoy.co\/wp-content\/uploads\/2022\/06\/20220618_163721.jpg\",\"width\":2048,\"height\":1366},{\"@type\":\"BreadcrumbList\",\"@id\":\"https:\/\/futbolhoy.co\/index.php\/2022\/06\/18\/el-cucho-hernandez-se-acerca-a-la-mls\/#breadcrumb\",\"itemListElement\":[{\"@type\":\"ListItem\",\"position\":1,\"name\":\"Portada\",\"item\":\"https:\/\/futbolhoy.co\/\"},{\"@type\":\"ListItem\",\"position\":2,\"name\":\"El \u2018Cucho\u2019 Hern\u00e1ndez se acerca a la MLS\"}]},{\"@type\":\"WebSite\",\"@id\":\"https:\/\/futbolhoy.co\/#website\",\"url\":\"https:\/\/futbolhoy.co\/\",\"name\":\"FutbolHoy\",\"description\":\"\",\"publisher\":{\"@id\":\"https:\/\/futbolhoy.co\/#organization\"},\"potentialAction\":[{\"@type\":\"SearchAction\",\"target\":{\"@type\":\"EntryPoint\",\"urlTemplate\":\"https:\/\/futbolhoy.co\/?s={search_term_string}\"},\"query-input\":{\"@type\":\"PropertyValueSpecification\",\"valueRequired\":true,\"valueName\":\"search_term_string\"}}],\"inLanguage\":\"es\"},{\"@type\":\"Organization\",\"@id\":\"https:\/\/futbolhoy.co\/#organization\",\"name\":\"Futbolhoy.co\",\"url\":\"https:\/\/futbolhoy.co\/\",\"logo\":{\"@type\":\"ImageObject\",\"inLanguage\":\"es\",\"@id\":\"https:\/\/futbolhoy.co\/#\/schema\/logo\/image\/\",\"url\":\"https:\/\/futbolhoy.co\/wp-content\/uploads\/2018\/08\/17426380_1906371736249227_6326180412931521141_n.jpg\",\"contentUrl\":\"https:\/\/futbolhoy.co\/wp-content\/uploads\/2018\/08\/17426380_1906371736249227_6326180412931521141_n.jpg\",\"width\":960,\"height\":960,\"caption\":\"Futbolhoy.co\"},\"image\":{\"@id\":\"https:\/\/futbolhoy.co\/#\/schema\/logo\/image\/\"},\"sameAs\":[\"https:\/\/www.facebook.com\/FutbolHoyCol\/\",\"https:\/\/x.com\/FutbolHoyCol\",\"https:\/\/www.instagram.com\/futbolhoycol\/\"]},{\"@type\":\"Person\",\"@id\":\"https:\/\/futbolhoy.co\/#\/schema\/person\/c4a353a512b127643723a34bb1812f7d\",\"name\":\"Laura Hern\u00e1ndez\",\"image\":{\"@type\":\"ImageObject\",\"inLanguage\":\"es\",\"@id\":\"https:\/\/futbolhoy.co\/#\/schema\/person\/image\/\",\"url\":\"https:\/\/secure.gravatar.com\/avatar\/d25959a15b9b293a743f99181c7cfd01?s=96&d=mm&r=g\",\"contentUrl\":\"https:\/\/secure.gravatar.com\/avatar\/d25959a15b9b293a743f99181c7cfd01?s=96&d=mm&r=g\",\"caption\":\"Laura Hern\u00e1ndez\"}}]}<\/script>\n<!-- \/ Yoast SEO plugin. -->","yoast_head_json":{"title":"El \u2018Cucho\u2019 Hern\u00e1ndez se acerca a la MLS -","robots":{"index":"index","follow":"follow","max-snippet":"max-snippet:-1","max-image-preview":"max-image-preview:large","max-video-preview":"max-video-preview:-1"},"canonical":"https:\/\/futbolhoy.co\/index.php\/2022\/06\/18\/el-cucho-hernandez-se-acerca-a-la-mls\/","og_locale":"es_ES","og_type":"article","og_title":"El \u2018Cucho\u2019 Hern\u00e1ndez se acerca a la MLS -","og_description":"El delantero pereirano, Juan Camilo \u2018Cucho\u2019 Hern\u00e1ndez, est\u00e1 pr\u00f3ximo a cerrar su vinculaci\u00f3n al Columbus Crew, de la Major League Soccer (MLS) de Estados Unidos. \u201cEl Columbus Crew de la MLS est\u00e1 cerrando el trato permanente de \u2018Cucho\u2019 Hern\u00e1ndez con Watford. Acuerdo completo que se alcanzar\u00e1 como ha informado @AdamLeventhal.\u00a0\u00a0Los detalles del contrato ahora se [&hellip;]","og_url":"https:\/\/futbolhoy.co\/index.php\/2022\/06\/18\/el-cucho-hernandez-se-acerca-a-la-mls\/","article_publisher":"https:\/\/www.facebook.com\/FutbolHoyCol\/","article_published_time":"2022-06-18T21:38:22+00:00","article_modified_time":"2022-06-19T22:19:53+00:00","og_image":[{"width":2048,"height":1366,"url":"https:\/\/futbolhoy.co\/wp-content\/uploads\/2022\/06\/20220618_163721.jpg","type":"image\/jpeg"}],"author":"Laura Hern\u00e1ndez","twitter_card":"summary_large_image","twitter_creator":"@FutbolHoyCol","twitter_site":"@FutbolHoyCol","twitter_misc":{"Escrito por":"Laura Hern\u00e1ndez","Tiempo de lectura":"1 minuto"},"schema":{"@context":"https:\/\/schema.org","@graph":[{"@type":"Article","@id":"https:\/\/futbolhoy.co\/index.php\/2022\/06\/18\/el-cucho-hernandez-se-acerca-a-la-mls\/#article","isPartOf":{"@id":"https:\/\/futbolhoy.co\/index.php\/2022\/06\/18\/el-cucho-hernandez-se-acerca-a-la-mls\/"},"author":{"name":"Laura Hern\u00e1ndez","@id":"https:\/\/futbolhoy.co\/#\/schema\/person\/c4a353a512b127643723a34bb1812f7d"},"headline":"El \u2018Cucho\u2019 Hern\u00e1ndez se acerca a la MLS","datePublished":"2022-06-18T21:38:22+00:00","dateModified":"2022-06-19T22:19:53+00:00","mainEntityOfPage":{"@id":"https:\/\/futbolhoy.co\/index.php\/2022\/06\/18\/el-cucho-hernandez-se-acerca-a-la-mls\/"},"wordCount":182,"commentCount":0,"publisher":{"@id":"https:\/\/futbolhoy.co\/#organization"},"image":{"@id":"https:\/\/futbolhoy.co\/index.php\/2022\/06\/18\/el-cucho-hernandez-se-acerca-a-la-mls\/#primaryimage"},"thumbnailUrl":"https:\/\/futbolhoy.co\/wp-content\/uploads\/2022\/06\/20220618_163721.jpg","articleSection":["Colombia"],"inLanguage":"es","potentialAction":[{"@type":"CommentAction","name":"Comment","target":["https:\/\/futbolhoy.co\/index.php\/2022\/06\/18\/el-cucho-hernandez-se-acerca-a-la-mls\/#respond"]}]},{"@type":"WebPage","@id":"https:\/\/futbolhoy.co\/index.php\/2022\/06\/18\/el-cucho-hernandez-se-acerca-a-la-mls\/","url":"https:\/\/futbolhoy.co\/index.php\/2022\/06\/18\/el-cucho-hernandez-se-acerca-a-la-mls\/","name":"El \u2018Cucho\u2019 Hern\u00e1ndez se acerca a la MLS -","isPartOf":{"@id":"https:\/\/futbolhoy.co\/#website"},"primaryImageOfPage":{"@id":"https:\/\/futbolhoy.co\/index.php\/2022\/06\/18\/el-cucho-hernandez-se-acerca-a-la-mls\/#primaryimage"},"image":{"@id":"https:\/\/futbolhoy.co\/index.php\/2022\/06\/18\/el-cucho-hernandez-se-acerca-a-la-mls\/#primaryimage"},"thumbnailUrl":"https:\/\/futbolhoy.co\/wp-content\/uploads\/2022\/06\/20220618_163721.jpg","datePublished":"2022-06-18T21:38:22+00:00","dateModified":"2022-06-19T22:19:53+00:00","breadcrumb":{"@id":"https:\/\/futbolhoy.co\/index.php\/2022\/06\/18\/el-cucho-hernandez-se-acerca-a-la-mls\/#breadcrumb"},"inLanguage":"es","potentialAction":[{"@type":"ReadAction","target":["https:\/\/futbolhoy.co\/index.php\/2022\/06\/18\/el-cucho-hernandez-se-acerca-a-la-mls\/"]}]},{"@type":"ImageObject","inLanguage":"es","@id":"https:\/\/futbolhoy.co\/index.php\/2022\/06\/18\/el-cucho-hernandez-se-acerca-a-la-mls\/#primaryimage","url":"https:\/\/futbolhoy.co\/wp-content\/uploads\/2022\/06\/20220618_163721.jpg","contentUrl":"https:\/\/futbolhoy.co\/wp-content\/uploads\/2022\/06\/20220618_163721.jpg","width":2048,"height":1366},{"@type":"BreadcrumbList","@id":"https:\/\/futbolhoy.co\/index.php\/2022\/06\/18\/el-cucho-hernandez-se-acerca-a-la-mls\/#breadcrumb","itemListElement":[{"@type":"ListItem","position":1,"name":"Portada","item":"https:\/\/futbolhoy.co\/"},{"@type":"ListItem","position":2,"name":"El \u2018Cucho\u2019 Hern\u00e1ndez se acerca a la MLS"}]},{"@type":"WebSite","@id":"https:\/\/futbolhoy.co\/#website","url":"https:\/\/futbolhoy.co\/","name":"FutbolHoy","description":"","publisher":{"@id":"https:\/\/futbolhoy.co\/#organization"},"potentialAction":[{"@type":"SearchAction","target":{"@type":"EntryPoint","urlTemplate":"https:\/\/futbolhoy.co\/?s={search_term_string}"},"query-input":{"@type":"PropertyValueSpecification","valueRequired":true,"valueName":"search_term_string"}}],"inLanguage":"es"},{"@type":"Organization","@id":"https:\/\/futbolhoy.co\/#organization","name":"Futbolhoy.co","url":"https:\/\/futbolhoy.co\/","logo":{"@type":"ImageObject","inLanguage":"es","@id":"https:\/\/futbolhoy.co\/#\/schema\/logo\/image\/","url":"https:\/\/futbolhoy.co\/wp-content\/uploads\/2018\/08\/17426380_1906371736249227_6326180412931521141_n.jpg","contentUrl":"https:\/\/futbolhoy.co\/wp-content\/uploads\/2018\/08\/17426380_1906371736249227_6326180412931521141_n.jpg","width":960,"height":960,"caption":"Futbolhoy.co"},"image":{"@id":"https:\/\/futbolhoy.co\/#\/schema\/logo\/image\/"},"sameAs":["https:\/\/www.facebook.com\/FutbolHoyCol\/","https:\/\/x.com\/FutbolHoyCol","https:\/\/www.instagram.com\/futbolhoycol\/"]},{"@type":"Person","@id":"https:\/\/futbolhoy.co\/#\/schema\/person\/c4a353a512b127643723a34bb1812f7d","name":"Laura Hern\u00e1ndez","image":{"@type":"ImageObject","inLanguage":"es","@id":"https:\/\/futbolhoy.co\/#\/schema\/person\/image\/","url":"https:\/\/secure.gravatar.com\/avatar\/d25959a15b9b293a743f99181c7cfd01?s=96&d=mm&r=g","contentUrl":"https:\/\/secure.gravatar.com\/avatar\/d25959a15b9b293a743f99181c7cfd01?s=96&d=mm&r=g","caption":"Laura Hern\u00e1ndez"}}]}},"publishpress_future_action":{"enabled":false,"date":"2026-05-03 01:59:09","action":"change-status","newStatus":"draft","terms":[],"taxonomy":"category","extraData":[]},"publishpress_future_workflow_manual_trigger":{"enabledWorkflows":[]},"_links":{"self":[{"href":"https:\/\/futbolhoy.co\/index.php\/wp-json\/wp\/v2\/posts\/81495","targetHints":{"allow":["GET"]}}],"collection":[{"href":"https:\/\/futbolhoy.co\/index.php\/wp-json\/wp\/v2\/posts"}],"about":[{"href":"https:\/\/futbolhoy.co\/index.php\/wp-json\/wp\/v2\/types\/post"}],"author":[{"embeddable":true,"href":"https:\/\/futbolhoy.co\/index.php\/wp-json\/wp\/v2\/users\/5"}],"replies":[{"embeddable":true,"href":"https:\/\/futbolhoy.co\/index.php\/wp-json\/wp\/v2\/comments?post=81495"}],"version-history":[{"count":1,"href":"https:\/\/futbolhoy.co\/index.php\/wp-json\/wp\/v2\/posts\/81495\/revisions"}],"predecessor-version":[{"id":81498,"href":"https:\/\/futbolhoy.co\/index.php\/wp-json\/wp\/v2\/posts\/81495\/revisions\/81498"}],"wp:featuredmedia":[{"embeddable":true,"href":"https:\/\/futbolhoy.co\/index.php\/wp-json\/wp\/v2\/media\/81497"}],"wp:attachment":[{"href":"https:\/\/futbolhoy.co\/index.php\/wp-json\/wp\/v2\/media?parent=81495"}],"wp:term":[{"taxonomy":"category","embeddable":true,"href":"https:\/\/futbolhoy.co\/index.php\/wp-json\/wp\/v2\/categories?post=81495"},{"taxonomy":"post_tag","embeddable":true,"href":"https:\/\/futbolhoy.co\/index.php\/wp-json\/wp\/v2\/tags?post=81495"}],"curies":[{"name":"wp","href":"https:\/\/api.w.org\/{rel}","templated":true}]}}