{"id":81509,"date":"2022-06-19T17:42:21","date_gmt":"2022-06-19T22:42:21","guid":{"rendered":"https:\/\/futbolhoy.co\/?p=81509"},"modified":"2022-06-20T17:58:13","modified_gmt":"2022-06-20T22:58:13","slug":"borja-sera-millonario","status":"publish","type":"post","link":"https:\/\/futbolhoy.co\/index.php\/2022\/06\/19\/borja-sera-millonario\/","title":{"rendered":"Borja ser\u00e1 \u2018millonario\u2019"},"content":{"rendered":"<p style=\"text-align: justify;\"><span style=\"font-family: helvetica, arial, sans-serif;\"><b>River Plate\u00a0<\/b>ya habr\u00eda llegado a un acuerdo con\u00a0<b>Junior<\/b>\u00a0para la transferencia del delantero colombiano\u00a0<b>Miguel \u00c1ngel Borja<\/b>\u00a0al conjunto argentino, a falta de que el club de la\u00a0<b>\u2018banda cruzada\u2019<\/b>\u00a0formalice los plazos de pago; y sin que se hayan conocido las cifras.<\/span><\/p>\n<p style=\"text-align: justify;\"><span style=\"font-family: helvetica, arial, sans-serif;\">Borja se convertir\u00eda en el primer refuerzo de River en este mercado de transferencias y cumplir\u00eda el deseo del t\u00e9cnico\u00a0<b>Marcelo \u2018Mu\u00f1eco\u2019 Gallardo<\/b>, seg\u00fan inform\u00f3 el canal\u00a0<b>TyC Sports<\/b>.<\/span><\/p>\n<p style=\"text-align: justify;\"><span style=\"font-family: helvetica, arial, sans-serif;\">El atacante cordob\u00e9s, a sus 29 a\u00f1os, tendr\u00e1 en River su quinto club en el exterior, tras sus pasos por el\u00a0<b>Livorno de Italia, Olimpo de Argentina, Palmeiras y Gremio de Brasil.<\/b><\/span><\/p>\n<p style=\"text-align: justify;\"><span style=\"font-family: helvetica, arial, sans-serif;\">Borja ocupar\u00e1 el lugar de centro atacante del\u00a0<b>conjunto \u2018millonario\u2019<\/b>\u00a0que dejar\u00e1 vacante\u00a0<b>Juli\u00e1n \u00c1lvarez<\/b>, quien se vincular\u00e1 en las pr\u00f3ximas semanas al\u00a0<b>M\u00e1nchester City de Inglaterra.<\/b><\/span><\/p>\n<p style=\"text-align: justify;\"><span style=\"font-family: helvetica, arial, sans-serif;\">En River han actuado, por\u00a0<b>Colombia<\/b>, con \u00e9xito en esta posici\u00f3n,\u00a0<b>Juan Pablo \u00c1ngel y Falcao Garc\u00eda.<\/b><\/span><\/p>\n","protected":false},"excerpt":{"rendered":"<p>River Plate\u00a0ya habr\u00eda llegado a un acuerdo con\u00a0Junior\u00a0para la transferencia del delantero colombiano\u00a0Miguel \u00c1ngel Borja\u00a0al conjunto argentino, a falta de que el club de la\u00a0\u2018banda cruzada\u2019\u00a0formalice los plazos de pago; y sin que se hayan conocido las cifras. Borja se convertir\u00eda en el primer refuerzo de River en este mercado de transferencias y cumplir\u00eda el [&hellip;]<\/p>\n","protected":false},"author":5,"featured_media":81516,"comment_status":"open","ping_status":"closed","sticky":false,"template":"","format":"standard","meta":{"_acf_changed":false,"footnotes":""},"categories":[7],"tags":[],"class_list":{"0":"post-81509","1":"post","2":"type-post","3":"status-publish","4":"format-standard","5":"has-post-thumbnail","7":"category-liga-betplay"},"acf":[],"_links":{"self":[{"href":"https:\/\/futbolhoy.co\/index.php\/wp-json\/wp\/v2\/posts\/81509","targetHints":{"allow":["GET"]}}],"collection":[{"href":"https:\/\/futbolhoy.co\/index.php\/wp-json\/wp\/v2\/posts"}],"about":[{"href":"https:\/\/futbolhoy.co\/index.php\/wp-json\/wp\/v2\/types\/post"}],"author":[{"embeddable":true,"href":"https:\/\/futbolhoy.co\/index.php\/wp-json\/wp\/v2\/users\/5"}],"replies":[{"embeddable":true,"href":"https:\/\/futbolhoy.co\/index.php\/wp-json\/wp\/v2\/comments?post=81509"}],"version-history":[{"count":1,"href":"https:\/\/futbolhoy.co\/index.php\/wp-json\/wp\/v2\/posts\/81509\/revisions"}],"predecessor-version":[{"id":81517,"href":"https:\/\/futbolhoy.co\/index.php\/wp-json\/wp\/v2\/posts\/81509\/revisions\/81517"}],"wp:featuredmedia":[{"embeddable":true,"href":"https:\/\/futbolhoy.co\/index.php\/wp-json\/wp\/v2\/media\/81516"}],"wp:attachment":[{"href":"https:\/\/futbolhoy.co\/index.php\/wp-json\/wp\/v2\/media?parent=81509"}],"wp:term":[{"taxonomy":"category","embeddable":true,"href":"https:\/\/futbolhoy.co\/index.php\/wp-json\/wp\/v2\/categories?post=81509"},{"taxonomy":"post_tag","embeddable":true,"href":"https:\/\/futbolhoy.co\/index.php\/wp-json\/wp\/v2\/tags?post=81509"}],"curies":[{"name":"wp","href":"https:\/\/api.w.org\/{rel}","templated":true}]}}