{"id":81510,"date":"2022-06-19T17:32:50","date_gmt":"2022-06-19T22:32:50","guid":{"rendered":"https:\/\/futbolhoy.co\/?p=81510"},"modified":"2022-06-20T10:45:20","modified_gmt":"2022-06-20T15:45:20","slug":"espinosa-es-de-primera-con-el-girona","status":"publish","type":"post","link":"https:\/\/futbolhoy.co\/index.php\/2022\/06\/19\/espinosa-es-de-primera-con-el-girona\/","title":{"rendered":"Espinosa es de Primera con el Girona"},"content":{"rendered":"<p style=\"text-align: justify;\"><span style=\"font-family: helvetica, arial, sans-serif;\">El defensa central colombiano\u00a0<b>Bernardo Espinosa<\/b>\u00a0regresar\u00e1 a la\u00a0<b>Primera Divisi\u00f3n de Espa\u00f1a<\/b>, luego de actuar durante todo el partido en la victoria del\u00a0<b>Girona<\/b>\u00a01-3 sobre el\u00a0<b>Tenerife,<\/b>\u00a0en la vuelta del play off definitivo.<\/span><\/p>\n<p style=\"text-align: justify;\"><span style=\"font-family: helvetica, arial, sans-serif;\">El juego de ida hab\u00eda terminado 0-0 y en la vuelta marcaron por Girona el capit\u00e1n uruguayo\u00a0<b>Christian Stuani<\/b>, de pena m\u00e1xima (41\u2019),\u00a0<b>Jos\u00e9 Le\u00f3n<\/b>\u00a0en propia puerta (67\u2019) y\u00a0<b>Arnau Mart\u00ednez<\/b>\u00a0(79\u2019). El descuento lleg\u00f3 por intermedio de\u00a0<b>Carlos Ruiz<\/b>\u00a0(58\u2019).<\/span><\/p>\n<p style=\"text-align: justify;\"><span style=\"font-family: helvetica, arial, sans-serif;\">Espinosa, de 32 a\u00f1os, disput\u00f3 45 partidos la m\u00e1s reciente temporada en todas las competiciones y convirti\u00f3 4 goles.<\/span><\/p>\n","protected":false},"excerpt":{"rendered":"<p>El defensa central colombiano\u00a0Bernardo Espinosa\u00a0regresar\u00e1 a la\u00a0Primera Divisi\u00f3n de Espa\u00f1a, luego de actuar durante todo el partido en la victoria del\u00a0Girona\u00a01-3 sobre el\u00a0Tenerife,\u00a0en la vuelta del play off definitivo. El juego de ida hab\u00eda terminado 0-0 y en la vuelta marcaron por Girona el capit\u00e1n uruguayo\u00a0Christian Stuani, de pena m\u00e1xima (41\u2019),\u00a0Jos\u00e9 Le\u00f3n\u00a0en propia puerta (67\u2019) [&hellip;]<\/p>\n","protected":false},"author":5,"featured_media":81514,"comment_status":"open","ping_status":"closed","sticky":false,"template":"","format":"standard","meta":{"_acf_changed":false,"footnotes":""},"categories":[152],"tags":[],"class_list":{"0":"post-81510","1":"post","2":"type-post","3":"status-publish","4":"format-standard","5":"has-post-thumbnail","7":"category-mundo-futbol"},"acf":[],"_links":{"self":[{"href":"https:\/\/futbolhoy.co\/index.php\/wp-json\/wp\/v2\/posts\/81510","targetHints":{"allow":["GET"]}}],"collection":[{"href":"https:\/\/futbolhoy.co\/index.php\/wp-json\/wp\/v2\/posts"}],"about":[{"href":"https:\/\/futbolhoy.co\/index.php\/wp-json\/wp\/v2\/types\/post"}],"author":[{"embeddable":true,"href":"https:\/\/futbolhoy.co\/index.php\/wp-json\/wp\/v2\/users\/5"}],"replies":[{"embeddable":true,"href":"https:\/\/futbolhoy.co\/index.php\/wp-json\/wp\/v2\/comments?post=81510"}],"version-history":[{"count":1,"href":"https:\/\/futbolhoy.co\/index.php\/wp-json\/wp\/v2\/posts\/81510\/revisions"}],"predecessor-version":[{"id":81515,"href":"https:\/\/futbolhoy.co\/index.php\/wp-json\/wp\/v2\/posts\/81510\/revisions\/81515"}],"wp:featuredmedia":[{"embeddable":true,"href":"https:\/\/futbolhoy.co\/index.php\/wp-json\/wp\/v2\/media\/81514"}],"wp:attachment":[{"href":"https:\/\/futbolhoy.co\/index.php\/wp-json\/wp\/v2\/media?parent=81510"}],"wp:term":[{"taxonomy":"category","embeddable":true,"href":"https:\/\/futbolhoy.co\/index.php\/wp-json\/wp\/v2\/categories?post=81510"},{"taxonomy":"post_tag","embeddable":true,"href":"https:\/\/futbolhoy.co\/index.php\/wp-json\/wp\/v2\/tags?post=81510"}],"curies":[{"name":"wp","href":"https:\/\/api.w.org\/{rel}","templated":true}]}}