{"id":81520,"date":"2022-06-19T21:30:10","date_gmt":"2022-06-20T02:30:10","guid":{"rendered":"https:\/\/futbolhoy.co\/?p=81520"},"modified":"2022-06-20T19:26:35","modified_gmt":"2022-06-21T00:26:35","slug":"boca-juniors-de-maravilla","status":"publish","type":"post","link":"https:\/\/futbolhoy.co\/index.php\/2022\/06\/19\/boca-juniors-de-maravilla\/","title":{"rendered":"Boca Juniors de MaraVilla"},"content":{"rendered":"<p style=\"text-align: justify;\"><span style=\"font-family: helvetica, arial, sans-serif;\">El extremo colombiano\u00a0<b>Sebasti\u00e1n Villa<\/b>\u00a0marc\u00f3 un golazo en el triunfo como visitante de\u00a0<b>Boca Juniors 1-3 sobre Barracas Central<\/b>\u00a0en la cuarta fecha de la\u00a0<b>Liga argentina<\/b>.<\/span><\/p>\n<p style=\"text-align: justify;\"><span style=\"font-family: helvetica, arial, sans-serif;\">Villa marc\u00f3 de potente remate cruzado fuera del \u00e1rea y colg\u00f3 al <b>portero Rodrigo Saracho<\/b>\u00a0a los 42 minutos, con asistencia del lateral izquierdo nacional\u00a0<b>Frank Fabra<\/b>; golazo.<\/span><\/p>\n<p style=\"text-align: justify;\"><span style=\"font-family: helvetica, arial, sans-serif;\"><b>Guillermo Fern\u00e1ndez<\/b>, tras nuevo pase de Fabra, ampli\u00f3 a los 59\u2019 y\u00a0<b>Exequiel Zeballos<\/b>\u00a0cerr\u00f3 el marcador para el\u00a0<b>\u2018xeneize\u2019<\/b>\u00a0a los 72\u2019, con asistencia de Villa.<\/span><\/p>\n<p style=\"text-align: justify;\"><span style=\"font-family: helvetica, arial, sans-serif;\">El empate parcial del local, de golpe de cabeza a la salida de un tiro de esquina, fue obra de <b>Neri Bandiera<\/b>\u00a0a los 45\u2019+1\u2019.<\/span><\/p>\n<p style=\"text-align: justify;\"><span style=\"font-family: helvetica, arial, sans-serif;\">Fabra jug\u00f3 todo el partido en la visita, Villa actu\u00f3 87 minutos y\u00a0<b>Jorman Campuzano<\/b>\u00a0fue suplente; mientras que en el local,\u00a0<b>Sebasti\u00e1n Rinc\u00f3n<\/b>\u00a0ingres\u00f3 a los 86.<\/span><\/p>\n<p style=\"text-align: justify;\"><span style=\"font-family: helvetica, arial, sans-serif;\">Por su parte,\u00a0<b>River Plate<\/b>\u00a0gole\u00f3 1-5 a\u00a0<b>Uni\u00f3n de Santa Fe<\/b>, en partido donde reapareci\u00f3 en el equipo\u00a0<b>\u2018millonario\u2019<\/b>\u00a0el volante\u00a0<b>Juan Fernando Quintero<\/b>, ingresando a los 76 minutos y realizando una asistencia a los 90\u2019+4\u2019 al goleador\u00a0<b>Juli\u00e1n \u00c1lvarez<\/b>, que sell\u00f3 la victoria.<\/span><\/p>\n<p style=\"text-align: justify;\"><span style=\"font-family: helvetica, arial, sans-serif;\">Quintero llevaba dos meses sin actuar por un desgarro de isquiotibial.<\/span><\/p>\n<p style=\"text-align: justify;\"><span style=\"font-family: helvetica, arial, sans-serif;\">Boca es l\u00edder con 9 puntos; mientras que River aparece d\u00e9cimo con 5 unidades.<\/span><\/p>\n","protected":false},"excerpt":{"rendered":"<p>El extremo colombiano\u00a0Sebasti\u00e1n Villa\u00a0marc\u00f3 un golazo en el triunfo como visitante de\u00a0Boca Juniors 1-3 sobre Barracas Central\u00a0en la cuarta fecha de la\u00a0Liga argentina. Villa marc\u00f3 de potente remate cruzado fuera del \u00e1rea y colg\u00f3 al portero Rodrigo Saracho\u00a0a los 42 minutos, con asistencia del lateral izquierdo nacional\u00a0Frank Fabra; golazo. Guillermo Fern\u00e1ndez, tras nuevo pase de [&hellip;]<\/p>\n","protected":false},"author":5,"featured_media":81521,"comment_status":"open","ping_status":"closed","sticky":false,"template":"","format":"standard","meta":{"_acf_changed":false,"footnotes":""},"categories":[152],"tags":[],"class_list":{"0":"post-81520","1":"post","2":"type-post","3":"status-publish","4":"format-standard","5":"has-post-thumbnail","7":"category-mundo-futbol"},"acf":[],"_links":{"self":[{"href":"https:\/\/futbolhoy.co\/index.php\/wp-json\/wp\/v2\/posts\/81520","targetHints":{"allow":["GET"]}}],"collection":[{"href":"https:\/\/futbolhoy.co\/index.php\/wp-json\/wp\/v2\/posts"}],"about":[{"href":"https:\/\/futbolhoy.co\/index.php\/wp-json\/wp\/v2\/types\/post"}],"author":[{"embeddable":true,"href":"https:\/\/futbolhoy.co\/index.php\/wp-json\/wp\/v2\/users\/5"}],"replies":[{"embeddable":true,"href":"https:\/\/futbolhoy.co\/index.php\/wp-json\/wp\/v2\/comments?post=81520"}],"version-history":[{"count":3,"href":"https:\/\/futbolhoy.co\/index.php\/wp-json\/wp\/v2\/posts\/81520\/revisions"}],"predecessor-version":[{"id":81525,"href":"https:\/\/futbolhoy.co\/index.php\/wp-json\/wp\/v2\/posts\/81520\/revisions\/81525"}],"wp:featuredmedia":[{"embeddable":true,"href":"https:\/\/futbolhoy.co\/index.php\/wp-json\/wp\/v2\/media\/81521"}],"wp:attachment":[{"href":"https:\/\/futbolhoy.co\/index.php\/wp-json\/wp\/v2\/media?parent=81520"}],"wp:term":[{"taxonomy":"category","embeddable":true,"href":"https:\/\/futbolhoy.co\/index.php\/wp-json\/wp\/v2\/categories?post=81520"},{"taxonomy":"post_tag","embeddable":true,"href":"https:\/\/futbolhoy.co\/index.php\/wp-json\/wp\/v2\/tags?post=81520"}],"curies":[{"name":"wp","href":"https:\/\/api.w.org\/{rel}","templated":true}]}}