{"id":81531,"date":"2022-06-20T08:02:46","date_gmt":"2022-06-20T13:02:46","guid":{"rendered":"https:\/\/futbolhoy.co\/?p=81531"},"modified":"2022-06-21T06:55:49","modified_gmt":"2022-06-21T11:55:49","slug":"fabra-vuelve-a-brilla-en-argentina","status":"publish","type":"post","link":"https:\/\/futbolhoy.co\/index.php\/2022\/06\/20\/fabra-vuelve-a-brilla-en-argentina\/","title":{"rendered":"Fabra vuelve a brillar en Argentina"},"content":{"rendered":"<audio class=\"wp-audio-shortcode\" id=\"audio-81531-1\" preload=\"none\" style=\"width: 100%;\" controls=\"controls\"><source type=\"audio\/mpeg\" src=\"https:\/\/futbolhoy.co\/wp-content\/uploads\/2022\/06\/ACERO-FRANK-FABRA-TYC2022-06-20.mp3?_=1\" \/><a href=\"https:\/\/futbolhoy.co\/wp-content\/uploads\/2022\/06\/ACERO-FRANK-FABRA-TYC2022-06-20.mp3\">https:\/\/futbolhoy.co\/wp-content\/uploads\/2022\/06\/ACERO-FRANK-FABRA-TYC2022-06-20.mp3<\/a><\/audio>\n<p><span style=\"font-size: 10pt; font-family: helvetica, arial, sans-serif;\"><strong><em>Frank Fabra &#8211; Jugador Boca Juniors, Cortes\u00eda\u00a0 TNT Sports\u00a0<\/em><\/strong><\/span><\/p>\n<p style=\"text-align: justify;\"><span style=\"font-family: helvetica, arial, sans-serif;\">El lateral <strong>Frank Fabra<\/strong>, quien asisti\u00f3 dos goles de <strong>Boca Juniors<\/strong> en su victoria 1-3 sobre <strong>Barracas Central<\/strong> en la <strong>Liga Argentina,<\/strong> le dio todo el m\u00e9rito a los anotadores, en especial a <strong>Sebasti\u00e1n Villa,<\/strong> quien abri\u00f3 la cuenta para su equipo.<\/span><\/p>\n<p style=\"text-align: justify;\"><span style=\"font-family: helvetica, arial, sans-serif;\">\u201cLa primera no hay casi, es todo m\u00e9rito de <strong>Sebas (Villa)<\/strong> que hace un golazo. La segunda <strong>(\u2018Pol\u2019 Fern\u00e1ndez)<\/strong> s\u00ed sab\u00edamos que con amplitud le pod\u00edamos ganar porque se cerraban y se comprim\u00edan ellos en la mitad. Nos regalaron un poco las bandas, as\u00ed que logramos aprovechar eso\u201d, sostuvo <strong>Fabra<\/strong> al canal de televisi\u00f3n <strong>TNT Sports<\/strong> de Buenos Aires.<\/span><\/p>\n<p style=\"text-align: justify;\"><span style=\"font-family: helvetica, arial, sans-serif;\">El defensa, tambi\u00e9n se refiri\u00f3 a su entendimiento en el juego con <strong>Villa:<\/strong> \u201c\u00c9l sabe que, si est\u00e1 muy cerca al \u00e1rea, le voy a lograr pasar y una vez est\u00e9 en la espalda de \u00e9l, sabe el grito que siempre le pego. Es mucho tiempo jugando juntos as\u00ed que logramos aprovecharlo y ojal\u00e1 sigamos entendi\u00e9ndonos de esa forma\u201d, agreg\u00f3.<\/span><\/p>\n<p style=\"text-align: justify;\"><span style=\"font-family: helvetica, arial, sans-serif;\">La tercera anotaci\u00f3n de <strong>Boca Juniors<\/strong> fue obra de <strong>Exequiel Zeballos<\/strong>, asistido por Villa.<\/span><\/p>\n<p style=\"text-align: justify;\"><span style=\"font-family: helvetica, arial, sans-serif;\"><strong>Fern\u00e1ndez<\/strong> (9.1 puntos), Villa (9) y Fabra (7.7), fueron las figuras del juego por la cuarta fecha del campeonato, donde el equipo Xeneize alcanz\u00f3 de manera transitoria el liderato.<\/span><\/p>\n","protected":false},"excerpt":{"rendered":"<p>Frank Fabra &#8211; Jugador Boca Juniors, Cortes\u00eda\u00a0 TNT Sports\u00a0 El lateral Frank Fabra, quien asisti\u00f3 dos goles de Boca Juniors en su victoria 1-3 sobre Barracas Central en la Liga Argentina, le dio todo el m\u00e9rito a los anotadores, en especial a Sebasti\u00e1n Villa, quien abri\u00f3 la cuenta para su equipo. \u201cLa primera no hay [&hellip;]<\/p>\n","protected":false},"author":5,"featured_media":81533,"comment_status":"open","ping_status":"closed","sticky":false,"template":"","format":"video","meta":{"_acf_changed":false,"footnotes":""},"categories":[152],"tags":[],"class_list":{"0":"post-81531","1":"post","2":"type-post","3":"status-publish","4":"format-video","5":"has-post-thumbnail","7":"category-mundo-futbol","8":"post_format-post-format-video"},"acf":[],"_links":{"self":[{"href":"https:\/\/futbolhoy.co\/index.php\/wp-json\/wp\/v2\/posts\/81531","targetHints":{"allow":["GET"]}}],"collection":[{"href":"https:\/\/futbolhoy.co\/index.php\/wp-json\/wp\/v2\/posts"}],"about":[{"href":"https:\/\/futbolhoy.co\/index.php\/wp-json\/wp\/v2\/types\/post"}],"author":[{"embeddable":true,"href":"https:\/\/futbolhoy.co\/index.php\/wp-json\/wp\/v2\/users\/5"}],"replies":[{"embeddable":true,"href":"https:\/\/futbolhoy.co\/index.php\/wp-json\/wp\/v2\/comments?post=81531"}],"version-history":[{"count":3,"href":"https:\/\/futbolhoy.co\/index.php\/wp-json\/wp\/v2\/posts\/81531\/revisions"}],"predecessor-version":[{"id":81539,"href":"https:\/\/futbolhoy.co\/index.php\/wp-json\/wp\/v2\/posts\/81531\/revisions\/81539"}],"wp:featuredmedia":[{"embeddable":true,"href":"https:\/\/futbolhoy.co\/index.php\/wp-json\/wp\/v2\/media\/81533"}],"wp:attachment":[{"href":"https:\/\/futbolhoy.co\/index.php\/wp-json\/wp\/v2\/media?parent=81531"}],"wp:term":[{"taxonomy":"category","embeddable":true,"href":"https:\/\/futbolhoy.co\/index.php\/wp-json\/wp\/v2\/categories?post=81531"},{"taxonomy":"post_tag","embeddable":true,"href":"https:\/\/futbolhoy.co\/index.php\/wp-json\/wp\/v2\/tags?post=81531"}],"curies":[{"name":"wp","href":"https:\/\/api.w.org\/{rel}","templated":true}]}}