{"id":81558,"date":"2022-06-21T07:22:58","date_gmt":"2022-06-21T12:22:58","guid":{"rendered":"https:\/\/futbolhoy.co\/?p=81558"},"modified":"2022-06-21T17:31:25","modified_gmt":"2022-06-21T22:31:25","slug":"no-hay-ofertas-por-dayro-presidente-del-bucaramanga","status":"publish","type":"post","link":"https:\/\/futbolhoy.co\/index.php\/2022\/06\/21\/no-hay-ofertas-por-dayro-presidente-del-bucaramanga\/","title":{"rendered":"No hay ofertas por Dayro: presidente del Bucaramanga"},"content":{"rendered":"<!--[if lt IE 9]><script>document.createElement('audio');<\/script><![endif]-->\n<audio class=\"wp-audio-shortcode\" id=\"audio-81558-1\" preload=\"none\" style=\"width: 100%;\" controls=\"controls\"><source type=\"audio\/mpeg\" src=\"https:\/\/futbolhoy.co\/wp-content\/uploads\/2022\/06\/FH-QUINTERO2022-06-21.mp3?_=1\" \/><a href=\"https:\/\/futbolhoy.co\/wp-content\/uploads\/2022\/06\/FH-QUINTERO2022-06-21.mp3\">https:\/\/futbolhoy.co\/wp-content\/uploads\/2022\/06\/FH-QUINTERO2022-06-21.mp3<\/a><\/audio>\n<p>(Jaime El\u00edas Quintero, presidente del Bucaramanga, en El Alargue de Caracol Radio)<\/p>\n<p style=\"text-align: justify;\"><span style=\"font-family: helvetica, arial, sans-serif;\"><strong>Atl\u00e9tico Bucaramanga<\/strong> no ha recibido ninguna oferta por su goleador, <strong>Dayro Moreno,<\/strong> m\u00e1ximo artillero de la<strong> Liga BetPlay Dimayor I-2022.<\/strong><\/span><\/p>\n<p style=\"text-align: justify;\"><span style=\"font-family: helvetica, arial, sans-serif;\">\u201cNo hemos recibido ninguna comunicaci\u00f3n de ning\u00fan equipo. No ha habido ninguna oferta para hacerse a los servicios de Dayro Moreno (\u2026) Hay un tema econ\u00f3mico que es la rescisi\u00f3n del contrato. Nosotros no queremos que se vaya, pero no podemos obligar a nadie a que se quede\u201d, asegur\u00f3 el presidente del club<strong> Jaime El\u00edas Quintero.<\/strong><\/span><\/p>\n<p style=\"text-align: justify;\"><span style=\"font-family: helvetica, arial, sans-serif;\">\u201cBuscamos todos los medios para que se quede, porque hay que recordarle que al principio del a\u00f1o nadie quer\u00eda a Dayro y yo cre\u00ed en Dayro y la verdad que es un jugador excepcional, es un jugador diferente, tiene su olfato de gol y hoy es el goleador del torneo nacional\u201d, agreg\u00f3 el directivo en<strong><em> El Alargue<\/em><\/strong> de <strong>Caracol Radio.<\/strong><\/span><\/p>\n<p style=\"text-align: justify;\"><span style=\"font-family: helvetica, arial, sans-serif;\">Moreno, de 36 a\u00f1os y quien lleg\u00f3 este a\u00f1o al equipo Leopardo, marc\u00f3 13 goles en 21 partidos.<\/span><\/p>\n","protected":false},"excerpt":{"rendered":"<p>(Jaime El\u00edas Quintero, presidente del Bucaramanga, en El Alargue de Caracol Radio) Atl\u00e9tico Bucaramanga no ha recibido ninguna oferta por su goleador, Dayro Moreno, m\u00e1ximo artillero de la Liga BetPlay Dimayor I-2022. \u201cNo hemos recibido ninguna comunicaci\u00f3n de ning\u00fan equipo. No ha habido ninguna oferta para hacerse a los servicios de Dayro Moreno (\u2026) Hay [&hellip;]<\/p>\n","protected":false},"author":5,"featured_media":81560,"comment_status":"open","ping_status":"open","sticky":false,"template":"","format":"video","meta":{"_acf_changed":false,"footnotes":""},"categories":[7],"tags":[],"class_list":{"0":"post-81558","1":"post","2":"type-post","3":"status-publish","4":"format-video","5":"has-post-thumbnail","7":"category-liga-betplay","8":"post_format-post-format-video"},"acf":[],"yoast_head":"<!-- This site is optimized with the Yoast SEO plugin v26.8 - https:\/\/yoast.com\/product\/yoast-seo-wordpress\/ -->\n<title>No hay ofertas por Dayro: presidente del Bucaramanga -<\/title>\n<meta name=\"robots\" content=\"index, follow, max-snippet:-1, max-image-preview:large, max-video-preview:-1\" \/>\n<link rel=\"canonical\" href=\"https:\/\/futbolhoy.co\/index.php\/2022\/06\/21\/no-hay-ofertas-por-dayro-presidente-del-bucaramanga\/\" \/>\n<meta property=\"og:locale\" content=\"es_ES\" \/>\n<meta property=\"og:type\" content=\"article\" \/>\n<meta property=\"og:title\" content=\"No hay ofertas por Dayro: presidente del Bucaramanga -\" \/>\n<meta property=\"og:description\" content=\"(Jaime El\u00edas Quintero, presidente del Bucaramanga, en El Alargue de Caracol Radio) Atl\u00e9tico Bucaramanga no ha recibido ninguna oferta por su goleador, Dayro Moreno, m\u00e1ximo artillero de la Liga BetPlay Dimayor I-2022. \u201cNo hemos recibido ninguna comunicaci\u00f3n de ning\u00fan equipo. No ha habido ninguna oferta para hacerse a los servicios de Dayro Moreno (\u2026) Hay [&hellip;]\" \/>\n<meta property=\"og:url\" content=\"https:\/\/futbolhoy.co\/index.php\/2022\/06\/21\/no-hay-ofertas-por-dayro-presidente-del-bucaramanga\/\" \/>\n<meta property=\"article:publisher\" content=\"https:\/\/www.facebook.com\/FutbolHoyCol\/\" \/>\n<meta property=\"article:published_time\" content=\"2022-06-21T12:22:58+00:00\" \/>\n<meta property=\"article:modified_time\" content=\"2022-06-21T22:31:25+00:00\" \/>\n<meta property=\"og:image\" content=\"https:\/\/futbolhoy.co\/wp-content\/uploads\/2022\/06\/mZgbRI_s.jpeg\" \/>\n\t<meta property=\"og:image:width\" content=\"2400\" \/>\n\t<meta property=\"og:image:height\" content=\"1540\" \/>\n\t<meta property=\"og:image:type\" content=\"image\/jpeg\" \/>\n<meta name=\"author\" content=\"Laura Hern\u00e1ndez\" \/>\n<meta name=\"twitter:card\" content=\"summary_large_image\" \/>\n<meta name=\"twitter:creator\" content=\"@FutbolHoyCol\" \/>\n<meta name=\"twitter:site\" content=\"@FutbolHoyCol\" \/>\n<meta name=\"twitter:label1\" content=\"Escrito por\" \/>\n\t<meta name=\"twitter:data1\" content=\"Laura Hern\u00e1ndez\" \/>\n\t<meta name=\"twitter:label2\" content=\"Tiempo de lectura\" \/>\n\t<meta name=\"twitter:data2\" content=\"1 minuto\" \/>\n<script type=\"application\/ld+json\" class=\"yoast-schema-graph\">{\"@context\":\"https:\/\/schema.org\",\"@graph\":[{\"@type\":\"Article\",\"@id\":\"https:\/\/futbolhoy.co\/index.php\/2022\/06\/21\/no-hay-ofertas-por-dayro-presidente-del-bucaramanga\/#article\",\"isPartOf\":{\"@id\":\"https:\/\/futbolhoy.co\/index.php\/2022\/06\/21\/no-hay-ofertas-por-dayro-presidente-del-bucaramanga\/\"},\"author\":{\"name\":\"Laura Hern\u00e1ndez\",\"@id\":\"https:\/\/futbolhoy.co\/#\/schema\/person\/c4a353a512b127643723a34bb1812f7d\"},\"headline\":\"No hay ofertas por Dayro: presidente del Bucaramanga\",\"datePublished\":\"2022-06-21T12:22:58+00:00\",\"dateModified\":\"2022-06-21T22:31:25+00:00\",\"mainEntityOfPage\":{\"@id\":\"https:\/\/futbolhoy.co\/index.php\/2022\/06\/21\/no-hay-ofertas-por-dayro-presidente-del-bucaramanga\/\"},\"wordCount\":194,\"commentCount\":0,\"publisher\":{\"@id\":\"https:\/\/futbolhoy.co\/#organization\"},\"image\":{\"@id\":\"https:\/\/futbolhoy.co\/index.php\/2022\/06\/21\/no-hay-ofertas-por-dayro-presidente-del-bucaramanga\/#primaryimage\"},\"thumbnailUrl\":\"https:\/\/futbolhoy.co\/wp-content\/uploads\/2022\/06\/mZgbRI_s.jpeg\",\"articleSection\":[\"Liga BetPlay\"],\"inLanguage\":\"es\",\"potentialAction\":[{\"@type\":\"CommentAction\",\"name\":\"Comment\",\"target\":[\"https:\/\/futbolhoy.co\/index.php\/2022\/06\/21\/no-hay-ofertas-por-dayro-presidente-del-bucaramanga\/#respond\"]}]},{\"@type\":\"WebPage\",\"@id\":\"https:\/\/futbolhoy.co\/index.php\/2022\/06\/21\/no-hay-ofertas-por-dayro-presidente-del-bucaramanga\/\",\"url\":\"https:\/\/futbolhoy.co\/index.php\/2022\/06\/21\/no-hay-ofertas-por-dayro-presidente-del-bucaramanga\/\",\"name\":\"No hay ofertas por Dayro: presidente del Bucaramanga -\",\"isPartOf\":{\"@id\":\"https:\/\/futbolhoy.co\/#website\"},\"primaryImageOfPage\":{\"@id\":\"https:\/\/futbolhoy.co\/index.php\/2022\/06\/21\/no-hay-ofertas-por-dayro-presidente-del-bucaramanga\/#primaryimage\"},\"image\":{\"@id\":\"https:\/\/futbolhoy.co\/index.php\/2022\/06\/21\/no-hay-ofertas-por-dayro-presidente-del-bucaramanga\/#primaryimage\"},\"thumbnailUrl\":\"https:\/\/futbolhoy.co\/wp-content\/uploads\/2022\/06\/mZgbRI_s.jpeg\",\"datePublished\":\"2022-06-21T12:22:58+00:00\",\"dateModified\":\"2022-06-21T22:31:25+00:00\",\"breadcrumb\":{\"@id\":\"https:\/\/futbolhoy.co\/index.php\/2022\/06\/21\/no-hay-ofertas-por-dayro-presidente-del-bucaramanga\/#breadcrumb\"},\"inLanguage\":\"es\",\"potentialAction\":[{\"@type\":\"ReadAction\",\"target\":[\"https:\/\/futbolhoy.co\/index.php\/2022\/06\/21\/no-hay-ofertas-por-dayro-presidente-del-bucaramanga\/\"]}]},{\"@type\":\"ImageObject\",\"inLanguage\":\"es\",\"@id\":\"https:\/\/futbolhoy.co\/index.php\/2022\/06\/21\/no-hay-ofertas-por-dayro-presidente-del-bucaramanga\/#primaryimage\",\"url\":\"https:\/\/futbolhoy.co\/wp-content\/uploads\/2022\/06\/mZgbRI_s.jpeg\",\"contentUrl\":\"https:\/\/futbolhoy.co\/wp-content\/uploads\/2022\/06\/mZgbRI_s.jpeg\",\"width\":2400,\"height\":1540},{\"@type\":\"BreadcrumbList\",\"@id\":\"https:\/\/futbolhoy.co\/index.php\/2022\/06\/21\/no-hay-ofertas-por-dayro-presidente-del-bucaramanga\/#breadcrumb\",\"itemListElement\":[{\"@type\":\"ListItem\",\"position\":1,\"name\":\"Portada\",\"item\":\"https:\/\/futbolhoy.co\/\"},{\"@type\":\"ListItem\",\"position\":2,\"name\":\"No hay ofertas por Dayro: presidente del Bucaramanga\"}]},{\"@type\":\"WebSite\",\"@id\":\"https:\/\/futbolhoy.co\/#website\",\"url\":\"https:\/\/futbolhoy.co\/\",\"name\":\"FutbolHoy\",\"description\":\"\",\"publisher\":{\"@id\":\"https:\/\/futbolhoy.co\/#organization\"},\"potentialAction\":[{\"@type\":\"SearchAction\",\"target\":{\"@type\":\"EntryPoint\",\"urlTemplate\":\"https:\/\/futbolhoy.co\/?s={search_term_string}\"},\"query-input\":{\"@type\":\"PropertyValueSpecification\",\"valueRequired\":true,\"valueName\":\"search_term_string\"}}],\"inLanguage\":\"es\"},{\"@type\":\"Organization\",\"@id\":\"https:\/\/futbolhoy.co\/#organization\",\"name\":\"Futbolhoy.co\",\"url\":\"https:\/\/futbolhoy.co\/\",\"logo\":{\"@type\":\"ImageObject\",\"inLanguage\":\"es\",\"@id\":\"https:\/\/futbolhoy.co\/#\/schema\/logo\/image\/\",\"url\":\"https:\/\/futbolhoy.co\/wp-content\/uploads\/2018\/08\/17426380_1906371736249227_6326180412931521141_n.jpg\",\"contentUrl\":\"https:\/\/futbolhoy.co\/wp-content\/uploads\/2018\/08\/17426380_1906371736249227_6326180412931521141_n.jpg\",\"width\":960,\"height\":960,\"caption\":\"Futbolhoy.co\"},\"image\":{\"@id\":\"https:\/\/futbolhoy.co\/#\/schema\/logo\/image\/\"},\"sameAs\":[\"https:\/\/www.facebook.com\/FutbolHoyCol\/\",\"https:\/\/x.com\/FutbolHoyCol\",\"https:\/\/www.instagram.com\/futbolhoycol\/\"]},{\"@type\":\"Person\",\"@id\":\"https:\/\/futbolhoy.co\/#\/schema\/person\/c4a353a512b127643723a34bb1812f7d\",\"name\":\"Laura Hern\u00e1ndez\",\"image\":{\"@type\":\"ImageObject\",\"inLanguage\":\"es\",\"@id\":\"https:\/\/futbolhoy.co\/#\/schema\/person\/image\/\",\"url\":\"https:\/\/secure.gravatar.com\/avatar\/d25959a15b9b293a743f99181c7cfd01?s=96&d=mm&r=g\",\"contentUrl\":\"https:\/\/secure.gravatar.com\/avatar\/d25959a15b9b293a743f99181c7cfd01?s=96&d=mm&r=g\",\"caption\":\"Laura Hern\u00e1ndez\"}}]}<\/script>\n<!-- \/ Yoast SEO plugin. -->","yoast_head_json":{"title":"No hay ofertas por Dayro: presidente del Bucaramanga -","robots":{"index":"index","follow":"follow","max-snippet":"max-snippet:-1","max-image-preview":"max-image-preview:large","max-video-preview":"max-video-preview:-1"},"canonical":"https:\/\/futbolhoy.co\/index.php\/2022\/06\/21\/no-hay-ofertas-por-dayro-presidente-del-bucaramanga\/","og_locale":"es_ES","og_type":"article","og_title":"No hay ofertas por Dayro: presidente del Bucaramanga -","og_description":"(Jaime El\u00edas Quintero, presidente del Bucaramanga, en El Alargue de Caracol Radio) Atl\u00e9tico Bucaramanga no ha recibido ninguna oferta por su goleador, Dayro Moreno, m\u00e1ximo artillero de la Liga BetPlay Dimayor I-2022. \u201cNo hemos recibido ninguna comunicaci\u00f3n de ning\u00fan equipo. No ha habido ninguna oferta para hacerse a los servicios de Dayro Moreno (\u2026) Hay [&hellip;]","og_url":"https:\/\/futbolhoy.co\/index.php\/2022\/06\/21\/no-hay-ofertas-por-dayro-presidente-del-bucaramanga\/","article_publisher":"https:\/\/www.facebook.com\/FutbolHoyCol\/","article_published_time":"2022-06-21T12:22:58+00:00","article_modified_time":"2022-06-21T22:31:25+00:00","og_image":[{"width":2400,"height":1540,"url":"https:\/\/futbolhoy.co\/wp-content\/uploads\/2022\/06\/mZgbRI_s.jpeg","type":"image\/jpeg"}],"author":"Laura Hern\u00e1ndez","twitter_card":"summary_large_image","twitter_creator":"@FutbolHoyCol","twitter_site":"@FutbolHoyCol","twitter_misc":{"Escrito por":"Laura Hern\u00e1ndez","Tiempo de lectura":"1 minuto"},"schema":{"@context":"https:\/\/schema.org","@graph":[{"@type":"Article","@id":"https:\/\/futbolhoy.co\/index.php\/2022\/06\/21\/no-hay-ofertas-por-dayro-presidente-del-bucaramanga\/#article","isPartOf":{"@id":"https:\/\/futbolhoy.co\/index.php\/2022\/06\/21\/no-hay-ofertas-por-dayro-presidente-del-bucaramanga\/"},"author":{"name":"Laura Hern\u00e1ndez","@id":"https:\/\/futbolhoy.co\/#\/schema\/person\/c4a353a512b127643723a34bb1812f7d"},"headline":"No hay ofertas por Dayro: presidente del Bucaramanga","datePublished":"2022-06-21T12:22:58+00:00","dateModified":"2022-06-21T22:31:25+00:00","mainEntityOfPage":{"@id":"https:\/\/futbolhoy.co\/index.php\/2022\/06\/21\/no-hay-ofertas-por-dayro-presidente-del-bucaramanga\/"},"wordCount":194,"commentCount":0,"publisher":{"@id":"https:\/\/futbolhoy.co\/#organization"},"image":{"@id":"https:\/\/futbolhoy.co\/index.php\/2022\/06\/21\/no-hay-ofertas-por-dayro-presidente-del-bucaramanga\/#primaryimage"},"thumbnailUrl":"https:\/\/futbolhoy.co\/wp-content\/uploads\/2022\/06\/mZgbRI_s.jpeg","articleSection":["Liga BetPlay"],"inLanguage":"es","potentialAction":[{"@type":"CommentAction","name":"Comment","target":["https:\/\/futbolhoy.co\/index.php\/2022\/06\/21\/no-hay-ofertas-por-dayro-presidente-del-bucaramanga\/#respond"]}]},{"@type":"WebPage","@id":"https:\/\/futbolhoy.co\/index.php\/2022\/06\/21\/no-hay-ofertas-por-dayro-presidente-del-bucaramanga\/","url":"https:\/\/futbolhoy.co\/index.php\/2022\/06\/21\/no-hay-ofertas-por-dayro-presidente-del-bucaramanga\/","name":"No hay ofertas por Dayro: presidente del Bucaramanga -","isPartOf":{"@id":"https:\/\/futbolhoy.co\/#website"},"primaryImageOfPage":{"@id":"https:\/\/futbolhoy.co\/index.php\/2022\/06\/21\/no-hay-ofertas-por-dayro-presidente-del-bucaramanga\/#primaryimage"},"image":{"@id":"https:\/\/futbolhoy.co\/index.php\/2022\/06\/21\/no-hay-ofertas-por-dayro-presidente-del-bucaramanga\/#primaryimage"},"thumbnailUrl":"https:\/\/futbolhoy.co\/wp-content\/uploads\/2022\/06\/mZgbRI_s.jpeg","datePublished":"2022-06-21T12:22:58+00:00","dateModified":"2022-06-21T22:31:25+00:00","breadcrumb":{"@id":"https:\/\/futbolhoy.co\/index.php\/2022\/06\/21\/no-hay-ofertas-por-dayro-presidente-del-bucaramanga\/#breadcrumb"},"inLanguage":"es","potentialAction":[{"@type":"ReadAction","target":["https:\/\/futbolhoy.co\/index.php\/2022\/06\/21\/no-hay-ofertas-por-dayro-presidente-del-bucaramanga\/"]}]},{"@type":"ImageObject","inLanguage":"es","@id":"https:\/\/futbolhoy.co\/index.php\/2022\/06\/21\/no-hay-ofertas-por-dayro-presidente-del-bucaramanga\/#primaryimage","url":"https:\/\/futbolhoy.co\/wp-content\/uploads\/2022\/06\/mZgbRI_s.jpeg","contentUrl":"https:\/\/futbolhoy.co\/wp-content\/uploads\/2022\/06\/mZgbRI_s.jpeg","width":2400,"height":1540},{"@type":"BreadcrumbList","@id":"https:\/\/futbolhoy.co\/index.php\/2022\/06\/21\/no-hay-ofertas-por-dayro-presidente-del-bucaramanga\/#breadcrumb","itemListElement":[{"@type":"ListItem","position":1,"name":"Portada","item":"https:\/\/futbolhoy.co\/"},{"@type":"ListItem","position":2,"name":"No hay ofertas por Dayro: presidente del Bucaramanga"}]},{"@type":"WebSite","@id":"https:\/\/futbolhoy.co\/#website","url":"https:\/\/futbolhoy.co\/","name":"FutbolHoy","description":"","publisher":{"@id":"https:\/\/futbolhoy.co\/#organization"},"potentialAction":[{"@type":"SearchAction","target":{"@type":"EntryPoint","urlTemplate":"https:\/\/futbolhoy.co\/?s={search_term_string}"},"query-input":{"@type":"PropertyValueSpecification","valueRequired":true,"valueName":"search_term_string"}}],"inLanguage":"es"},{"@type":"Organization","@id":"https:\/\/futbolhoy.co\/#organization","name":"Futbolhoy.co","url":"https:\/\/futbolhoy.co\/","logo":{"@type":"ImageObject","inLanguage":"es","@id":"https:\/\/futbolhoy.co\/#\/schema\/logo\/image\/","url":"https:\/\/futbolhoy.co\/wp-content\/uploads\/2018\/08\/17426380_1906371736249227_6326180412931521141_n.jpg","contentUrl":"https:\/\/futbolhoy.co\/wp-content\/uploads\/2018\/08\/17426380_1906371736249227_6326180412931521141_n.jpg","width":960,"height":960,"caption":"Futbolhoy.co"},"image":{"@id":"https:\/\/futbolhoy.co\/#\/schema\/logo\/image\/"},"sameAs":["https:\/\/www.facebook.com\/FutbolHoyCol\/","https:\/\/x.com\/FutbolHoyCol","https:\/\/www.instagram.com\/futbolhoycol\/"]},{"@type":"Person","@id":"https:\/\/futbolhoy.co\/#\/schema\/person\/c4a353a512b127643723a34bb1812f7d","name":"Laura Hern\u00e1ndez","image":{"@type":"ImageObject","inLanguage":"es","@id":"https:\/\/futbolhoy.co\/#\/schema\/person\/image\/","url":"https:\/\/secure.gravatar.com\/avatar\/d25959a15b9b293a743f99181c7cfd01?s=96&d=mm&r=g","contentUrl":"https:\/\/secure.gravatar.com\/avatar\/d25959a15b9b293a743f99181c7cfd01?s=96&d=mm&r=g","caption":"Laura Hern\u00e1ndez"}}]}},"publishpress_future_action":{"enabled":false,"date":"2026-05-03 11:23:33","action":"change-status","newStatus":"draft","terms":[],"taxonomy":"category","extraData":[]},"publishpress_future_workflow_manual_trigger":{"enabledWorkflows":[]},"_links":{"self":[{"href":"https:\/\/futbolhoy.co\/index.php\/wp-json\/wp\/v2\/posts\/81558","targetHints":{"allow":["GET"]}}],"collection":[{"href":"https:\/\/futbolhoy.co\/index.php\/wp-json\/wp\/v2\/posts"}],"about":[{"href":"https:\/\/futbolhoy.co\/index.php\/wp-json\/wp\/v2\/types\/post"}],"author":[{"embeddable":true,"href":"https:\/\/futbolhoy.co\/index.php\/wp-json\/wp\/v2\/users\/5"}],"replies":[{"embeddable":true,"href":"https:\/\/futbolhoy.co\/index.php\/wp-json\/wp\/v2\/comments?post=81558"}],"version-history":[{"count":2,"href":"https:\/\/futbolhoy.co\/index.php\/wp-json\/wp\/v2\/posts\/81558\/revisions"}],"predecessor-version":[{"id":81582,"href":"https:\/\/futbolhoy.co\/index.php\/wp-json\/wp\/v2\/posts\/81558\/revisions\/81582"}],"wp:featuredmedia":[{"embeddable":true,"href":"https:\/\/futbolhoy.co\/index.php\/wp-json\/wp\/v2\/media\/81560"}],"wp:attachment":[{"href":"https:\/\/futbolhoy.co\/index.php\/wp-json\/wp\/v2\/media?parent=81558"}],"wp:term":[{"taxonomy":"category","embeddable":true,"href":"https:\/\/futbolhoy.co\/index.php\/wp-json\/wp\/v2\/categories?post=81558"},{"taxonomy":"post_tag","embeddable":true,"href":"https:\/\/futbolhoy.co\/index.php\/wp-json\/wp\/v2\/tags?post=81558"}],"curies":[{"name":"wp","href":"https:\/\/api.w.org\/{rel}","templated":true}]}}