{"id":81566,"date":"2022-06-21T09:42:25","date_gmt":"2022-06-21T14:42:25","guid":{"rendered":"https:\/\/futbolhoy.co\/?p=81566"},"modified":"2022-06-22T15:08:17","modified_gmt":"2022-06-22T20:08:17","slug":"cucho-hernandez-visa-usa","status":"publish","type":"post","link":"https:\/\/futbolhoy.co\/index.php\/2022\/06\/21\/cucho-hernandez-visa-usa\/","title":{"rendered":"\u2018Cucho\u2019 Hern\u00e1ndez, visa USA"},"content":{"rendered":"<p style=\"text-align: justify;\"><span style=\"font-family: helvetica, arial, sans-serif;\">El delantero pereirano <strong>Juan Camilo \u2018Cucho\u2019 Hern\u00e1ndez<\/strong>\u00a0fue confirmado como refuerzo del <strong>Columbus Crew,<\/strong> de la<strong> Major League Soccer (MLS)<\/strong> de <strong>Estados Unidos.<\/strong><\/span><\/p>\n<p style=\"text-align: justify;\"><span style=\"font-family: helvetica, arial, sans-serif;\">\u201cEl Columbus Crew anunci\u00f3 hoy (martes) una transacci\u00f3n r\u00e9cord, ya que adquiri\u00f3 al delantero colombiano Juan Camilo \u201cCucho\u201d Hern\u00e1ndez, de 23 a\u00f1os, qui\u00e9n se une al club como \u201cJugador Franquicia Joven. Hern\u00e1ndez llega procedente del <strong>Watford F.C.,<\/strong> de la <strong>Premier League,<\/strong> d\u00f3nde el ariete jug\u00f3 en la temporada pasada. La transacci\u00f3n representa la tarifa de adquisici\u00f3n m\u00e1s grande en la historia del club\u201d, dice la nota de prensa del equipo norteamericano.<\/span><\/p>\n<p style=\"text-align: justify;\"><span style=\"font-family: helvetica, arial, sans-serif;\">Hern\u00e1ndez, quien viene de jugar con el Watford (descendido a la segunda divisi\u00f3n de <strong>Inglaterra),<\/strong> firm\u00f3 por 3 a\u00f1os, hasta 2025.<\/span><\/p>\n<p style=\"text-align: justify;\"><span style=\"font-family: helvetica, arial, sans-serif;\">El colombiano disput\u00f3 esta temporada 28 partidos en la Premier, donde anot\u00f3 cinco goles y sum\u00f3 tres asistencias. El delantero debut\u00f3 con Watford, el 14 de agosto de 2021.<\/span><\/p>\n<p style=\"text-align: justify;\"><span style=\"font-family: helvetica, arial, sans-serif;\">Aunque el club no revel\u00f3 cifras, trascendi\u00f3 que la operaci\u00f3n se habr\u00eda cerrado a cambio de 10 millones de d\u00f3lares, r\u00e9cord para el club estadounidense que en su momento desembols\u00f3 8 millones por el volante argentino, <strong>Lucas Zelaray\u00e1n.<\/strong><\/span><\/p>\n<p style=\"text-align: justify;\"><span style=\"font-family: helvetica, arial, sans-serif;\">El \u2018Cucho\u2019 ha jugado con <strong>Huesca, Mallorca<\/strong> y <strong>Getafe<\/strong> en <strong>Espa\u00f1a,<\/strong> al igual que el Watford de Inglaterra. En Colombia integr\u00f3 los planteles del <strong>Pereira<\/strong> y <strong>Am\u00e9rica.<\/strong><\/span><\/p>\n","protected":false},"excerpt":{"rendered":"<p>El delantero pereirano Juan Camilo \u2018Cucho\u2019 Hern\u00e1ndez\u00a0fue confirmado como refuerzo del Columbus Crew, de la Major League Soccer (MLS) de Estados Unidos. \u201cEl Columbus Crew anunci\u00f3 hoy (martes) una transacci\u00f3n r\u00e9cord, ya que adquiri\u00f3 al delantero colombiano Juan Camilo \u201cCucho\u201d Hern\u00e1ndez, de 23 a\u00f1os, qui\u00e9n se une al club como \u201cJugador Franquicia Joven. Hern\u00e1ndez llega [&hellip;]<\/p>\n","protected":false},"author":5,"featured_media":81567,"comment_status":"open","ping_status":"open","sticky":false,"template":"","format":"standard","meta":{"_acf_changed":false,"footnotes":""},"categories":[418],"tags":[2355,1115,698],"class_list":{"0":"post-81566","1":"post","2":"type-post","3":"status-publish","4":"format-standard","5":"has-post-thumbnail","7":"category-colombia","8":"tag-columbus-crew","9":"tag-cucho-hernandez","10":"tag-mls"},"acf":[],"yoast_head":"<!-- This site is optimized with the Yoast SEO plugin v26.8 - https:\/\/yoast.com\/product\/yoast-seo-wordpress\/ -->\n<title>\u2018Cucho\u2019 Hern\u00e1ndez, visa USA -<\/title>\n<meta name=\"robots\" content=\"index, follow, max-snippet:-1, max-image-preview:large, max-video-preview:-1\" \/>\n<link rel=\"canonical\" href=\"https:\/\/futbolhoy.co\/index.php\/2022\/06\/21\/cucho-hernandez-visa-usa\/\" \/>\n<meta property=\"og:locale\" content=\"es_ES\" \/>\n<meta property=\"og:type\" content=\"article\" \/>\n<meta property=\"og:title\" content=\"\u2018Cucho\u2019 Hern\u00e1ndez, visa USA -\" \/>\n<meta property=\"og:description\" content=\"El delantero pereirano Juan Camilo \u2018Cucho\u2019 Hern\u00e1ndez\u00a0fue confirmado como refuerzo del Columbus Crew, de la Major League Soccer (MLS) de Estados Unidos. \u201cEl Columbus Crew anunci\u00f3 hoy (martes) una transacci\u00f3n r\u00e9cord, ya que adquiri\u00f3 al delantero colombiano Juan Camilo \u201cCucho\u201d Hern\u00e1ndez, de 23 a\u00f1os, qui\u00e9n se une al club como \u201cJugador Franquicia Joven. Hern\u00e1ndez llega [&hellip;]\" \/>\n<meta property=\"og:url\" content=\"https:\/\/futbolhoy.co\/index.php\/2022\/06\/21\/cucho-hernandez-visa-usa\/\" \/>\n<meta property=\"article:publisher\" content=\"https:\/\/www.facebook.com\/FutbolHoyCol\/\" \/>\n<meta property=\"article:published_time\" content=\"2022-06-21T14:42:25+00:00\" \/>\n<meta property=\"article:modified_time\" content=\"2022-06-22T20:08:17+00:00\" \/>\n<meta property=\"og:image\" content=\"https:\/\/futbolhoy.co\/wp-content\/uploads\/2022\/06\/Cucho.jpg\" \/>\n\t<meta property=\"og:image:width\" content=\"988\" \/>\n\t<meta property=\"og:image:height\" content=\"656\" \/>\n\t<meta property=\"og:image:type\" content=\"image\/jpeg\" \/>\n<meta name=\"author\" content=\"Laura Hern\u00e1ndez\" \/>\n<meta name=\"twitter:card\" content=\"summary_large_image\" \/>\n<meta name=\"twitter:creator\" content=\"@FutbolHoyCol\" \/>\n<meta name=\"twitter:site\" content=\"@FutbolHoyCol\" \/>\n<meta name=\"twitter:label1\" content=\"Escrito por\" \/>\n\t<meta name=\"twitter:data1\" content=\"Laura Hern\u00e1ndez\" \/>\n\t<meta name=\"twitter:label2\" content=\"Tiempo de lectura\" \/>\n\t<meta name=\"twitter:data2\" content=\"1 minuto\" \/>\n<script type=\"application\/ld+json\" class=\"yoast-schema-graph\">{\"@context\":\"https:\/\/schema.org\",\"@graph\":[{\"@type\":\"Article\",\"@id\":\"https:\/\/futbolhoy.co\/index.php\/2022\/06\/21\/cucho-hernandez-visa-usa\/#article\",\"isPartOf\":{\"@id\":\"https:\/\/futbolhoy.co\/index.php\/2022\/06\/21\/cucho-hernandez-visa-usa\/\"},\"author\":{\"name\":\"Laura Hern\u00e1ndez\",\"@id\":\"https:\/\/futbolhoy.co\/#\/schema\/person\/c4a353a512b127643723a34bb1812f7d\"},\"headline\":\"\u2018Cucho\u2019 Hern\u00e1ndez, visa USA\",\"datePublished\":\"2022-06-21T14:42:25+00:00\",\"dateModified\":\"2022-06-22T20:08:17+00:00\",\"mainEntityOfPage\":{\"@id\":\"https:\/\/futbolhoy.co\/index.php\/2022\/06\/21\/cucho-hernandez-visa-usa\/\"},\"wordCount\":228,\"commentCount\":0,\"publisher\":{\"@id\":\"https:\/\/futbolhoy.co\/#organization\"},\"image\":{\"@id\":\"https:\/\/futbolhoy.co\/index.php\/2022\/06\/21\/cucho-hernandez-visa-usa\/#primaryimage\"},\"thumbnailUrl\":\"https:\/\/futbolhoy.co\/wp-content\/uploads\/2022\/06\/Cucho.jpg\",\"keywords\":[\"Columbus Crew\",\"Cucho Hern\u00e1ndez\",\"MLS\"],\"articleSection\":[\"Colombia\"],\"inLanguage\":\"es\",\"potentialAction\":[{\"@type\":\"CommentAction\",\"name\":\"Comment\",\"target\":[\"https:\/\/futbolhoy.co\/index.php\/2022\/06\/21\/cucho-hernandez-visa-usa\/#respond\"]}]},{\"@type\":\"WebPage\",\"@id\":\"https:\/\/futbolhoy.co\/index.php\/2022\/06\/21\/cucho-hernandez-visa-usa\/\",\"url\":\"https:\/\/futbolhoy.co\/index.php\/2022\/06\/21\/cucho-hernandez-visa-usa\/\",\"name\":\"\u2018Cucho\u2019 Hern\u00e1ndez, visa USA -\",\"isPartOf\":{\"@id\":\"https:\/\/futbolhoy.co\/#website\"},\"primaryImageOfPage\":{\"@id\":\"https:\/\/futbolhoy.co\/index.php\/2022\/06\/21\/cucho-hernandez-visa-usa\/#primaryimage\"},\"image\":{\"@id\":\"https:\/\/futbolhoy.co\/index.php\/2022\/06\/21\/cucho-hernandez-visa-usa\/#primaryimage\"},\"thumbnailUrl\":\"https:\/\/futbolhoy.co\/wp-content\/uploads\/2022\/06\/Cucho.jpg\",\"datePublished\":\"2022-06-21T14:42:25+00:00\",\"dateModified\":\"2022-06-22T20:08:17+00:00\",\"breadcrumb\":{\"@id\":\"https:\/\/futbolhoy.co\/index.php\/2022\/06\/21\/cucho-hernandez-visa-usa\/#breadcrumb\"},\"inLanguage\":\"es\",\"potentialAction\":[{\"@type\":\"ReadAction\",\"target\":[\"https:\/\/futbolhoy.co\/index.php\/2022\/06\/21\/cucho-hernandez-visa-usa\/\"]}]},{\"@type\":\"ImageObject\",\"inLanguage\":\"es\",\"@id\":\"https:\/\/futbolhoy.co\/index.php\/2022\/06\/21\/cucho-hernandez-visa-usa\/#primaryimage\",\"url\":\"https:\/\/futbolhoy.co\/wp-content\/uploads\/2022\/06\/Cucho.jpg\",\"contentUrl\":\"https:\/\/futbolhoy.co\/wp-content\/uploads\/2022\/06\/Cucho.jpg\",\"width\":988,\"height\":656},{\"@type\":\"BreadcrumbList\",\"@id\":\"https:\/\/futbolhoy.co\/index.php\/2022\/06\/21\/cucho-hernandez-visa-usa\/#breadcrumb\",\"itemListElement\":[{\"@type\":\"ListItem\",\"position\":1,\"name\":\"Portada\",\"item\":\"https:\/\/futbolhoy.co\/\"},{\"@type\":\"ListItem\",\"position\":2,\"name\":\"\u2018Cucho\u2019 Hern\u00e1ndez, visa USA\"}]},{\"@type\":\"WebSite\",\"@id\":\"https:\/\/futbolhoy.co\/#website\",\"url\":\"https:\/\/futbolhoy.co\/\",\"name\":\"FutbolHoy\",\"description\":\"\",\"publisher\":{\"@id\":\"https:\/\/futbolhoy.co\/#organization\"},\"potentialAction\":[{\"@type\":\"SearchAction\",\"target\":{\"@type\":\"EntryPoint\",\"urlTemplate\":\"https:\/\/futbolhoy.co\/?s={search_term_string}\"},\"query-input\":{\"@type\":\"PropertyValueSpecification\",\"valueRequired\":true,\"valueName\":\"search_term_string\"}}],\"inLanguage\":\"es\"},{\"@type\":\"Organization\",\"@id\":\"https:\/\/futbolhoy.co\/#organization\",\"name\":\"Futbolhoy.co\",\"url\":\"https:\/\/futbolhoy.co\/\",\"logo\":{\"@type\":\"ImageObject\",\"inLanguage\":\"es\",\"@id\":\"https:\/\/futbolhoy.co\/#\/schema\/logo\/image\/\",\"url\":\"https:\/\/futbolhoy.co\/wp-content\/uploads\/2018\/08\/17426380_1906371736249227_6326180412931521141_n.jpg\",\"contentUrl\":\"https:\/\/futbolhoy.co\/wp-content\/uploads\/2018\/08\/17426380_1906371736249227_6326180412931521141_n.jpg\",\"width\":960,\"height\":960,\"caption\":\"Futbolhoy.co\"},\"image\":{\"@id\":\"https:\/\/futbolhoy.co\/#\/schema\/logo\/image\/\"},\"sameAs\":[\"https:\/\/www.facebook.com\/FutbolHoyCol\/\",\"https:\/\/x.com\/FutbolHoyCol\",\"https:\/\/www.instagram.com\/futbolhoycol\/\"]},{\"@type\":\"Person\",\"@id\":\"https:\/\/futbolhoy.co\/#\/schema\/person\/c4a353a512b127643723a34bb1812f7d\",\"name\":\"Laura Hern\u00e1ndez\",\"image\":{\"@type\":\"ImageObject\",\"inLanguage\":\"es\",\"@id\":\"https:\/\/futbolhoy.co\/#\/schema\/person\/image\/\",\"url\":\"https:\/\/secure.gravatar.com\/avatar\/d25959a15b9b293a743f99181c7cfd01?s=96&d=mm&r=g\",\"contentUrl\":\"https:\/\/secure.gravatar.com\/avatar\/d25959a15b9b293a743f99181c7cfd01?s=96&d=mm&r=g\",\"caption\":\"Laura Hern\u00e1ndez\"}}]}<\/script>\n<!-- \/ Yoast SEO plugin. -->","yoast_head_json":{"title":"\u2018Cucho\u2019 Hern\u00e1ndez, visa USA -","robots":{"index":"index","follow":"follow","max-snippet":"max-snippet:-1","max-image-preview":"max-image-preview:large","max-video-preview":"max-video-preview:-1"},"canonical":"https:\/\/futbolhoy.co\/index.php\/2022\/06\/21\/cucho-hernandez-visa-usa\/","og_locale":"es_ES","og_type":"article","og_title":"\u2018Cucho\u2019 Hern\u00e1ndez, visa USA -","og_description":"El delantero pereirano Juan Camilo \u2018Cucho\u2019 Hern\u00e1ndez\u00a0fue confirmado como refuerzo del Columbus Crew, de la Major League Soccer (MLS) de Estados Unidos. \u201cEl Columbus Crew anunci\u00f3 hoy (martes) una transacci\u00f3n r\u00e9cord, ya que adquiri\u00f3 al delantero colombiano Juan Camilo \u201cCucho\u201d Hern\u00e1ndez, de 23 a\u00f1os, qui\u00e9n se une al club como \u201cJugador Franquicia Joven. Hern\u00e1ndez llega [&hellip;]","og_url":"https:\/\/futbolhoy.co\/index.php\/2022\/06\/21\/cucho-hernandez-visa-usa\/","article_publisher":"https:\/\/www.facebook.com\/FutbolHoyCol\/","article_published_time":"2022-06-21T14:42:25+00:00","article_modified_time":"2022-06-22T20:08:17+00:00","og_image":[{"width":988,"height":656,"url":"https:\/\/futbolhoy.co\/wp-content\/uploads\/2022\/06\/Cucho.jpg","type":"image\/jpeg"}],"author":"Laura Hern\u00e1ndez","twitter_card":"summary_large_image","twitter_creator":"@FutbolHoyCol","twitter_site":"@FutbolHoyCol","twitter_misc":{"Escrito por":"Laura Hern\u00e1ndez","Tiempo de lectura":"1 minuto"},"schema":{"@context":"https:\/\/schema.org","@graph":[{"@type":"Article","@id":"https:\/\/futbolhoy.co\/index.php\/2022\/06\/21\/cucho-hernandez-visa-usa\/#article","isPartOf":{"@id":"https:\/\/futbolhoy.co\/index.php\/2022\/06\/21\/cucho-hernandez-visa-usa\/"},"author":{"name":"Laura Hern\u00e1ndez","@id":"https:\/\/futbolhoy.co\/#\/schema\/person\/c4a353a512b127643723a34bb1812f7d"},"headline":"\u2018Cucho\u2019 Hern\u00e1ndez, visa USA","datePublished":"2022-06-21T14:42:25+00:00","dateModified":"2022-06-22T20:08:17+00:00","mainEntityOfPage":{"@id":"https:\/\/futbolhoy.co\/index.php\/2022\/06\/21\/cucho-hernandez-visa-usa\/"},"wordCount":228,"commentCount":0,"publisher":{"@id":"https:\/\/futbolhoy.co\/#organization"},"image":{"@id":"https:\/\/futbolhoy.co\/index.php\/2022\/06\/21\/cucho-hernandez-visa-usa\/#primaryimage"},"thumbnailUrl":"https:\/\/futbolhoy.co\/wp-content\/uploads\/2022\/06\/Cucho.jpg","keywords":["Columbus Crew","Cucho Hern\u00e1ndez","MLS"],"articleSection":["Colombia"],"inLanguage":"es","potentialAction":[{"@type":"CommentAction","name":"Comment","target":["https:\/\/futbolhoy.co\/index.php\/2022\/06\/21\/cucho-hernandez-visa-usa\/#respond"]}]},{"@type":"WebPage","@id":"https:\/\/futbolhoy.co\/index.php\/2022\/06\/21\/cucho-hernandez-visa-usa\/","url":"https:\/\/futbolhoy.co\/index.php\/2022\/06\/21\/cucho-hernandez-visa-usa\/","name":"\u2018Cucho\u2019 Hern\u00e1ndez, visa USA -","isPartOf":{"@id":"https:\/\/futbolhoy.co\/#website"},"primaryImageOfPage":{"@id":"https:\/\/futbolhoy.co\/index.php\/2022\/06\/21\/cucho-hernandez-visa-usa\/#primaryimage"},"image":{"@id":"https:\/\/futbolhoy.co\/index.php\/2022\/06\/21\/cucho-hernandez-visa-usa\/#primaryimage"},"thumbnailUrl":"https:\/\/futbolhoy.co\/wp-content\/uploads\/2022\/06\/Cucho.jpg","datePublished":"2022-06-21T14:42:25+00:00","dateModified":"2022-06-22T20:08:17+00:00","breadcrumb":{"@id":"https:\/\/futbolhoy.co\/index.php\/2022\/06\/21\/cucho-hernandez-visa-usa\/#breadcrumb"},"inLanguage":"es","potentialAction":[{"@type":"ReadAction","target":["https:\/\/futbolhoy.co\/index.php\/2022\/06\/21\/cucho-hernandez-visa-usa\/"]}]},{"@type":"ImageObject","inLanguage":"es","@id":"https:\/\/futbolhoy.co\/index.php\/2022\/06\/21\/cucho-hernandez-visa-usa\/#primaryimage","url":"https:\/\/futbolhoy.co\/wp-content\/uploads\/2022\/06\/Cucho.jpg","contentUrl":"https:\/\/futbolhoy.co\/wp-content\/uploads\/2022\/06\/Cucho.jpg","width":988,"height":656},{"@type":"BreadcrumbList","@id":"https:\/\/futbolhoy.co\/index.php\/2022\/06\/21\/cucho-hernandez-visa-usa\/#breadcrumb","itemListElement":[{"@type":"ListItem","position":1,"name":"Portada","item":"https:\/\/futbolhoy.co\/"},{"@type":"ListItem","position":2,"name":"\u2018Cucho\u2019 Hern\u00e1ndez, visa USA"}]},{"@type":"WebSite","@id":"https:\/\/futbolhoy.co\/#website","url":"https:\/\/futbolhoy.co\/","name":"FutbolHoy","description":"","publisher":{"@id":"https:\/\/futbolhoy.co\/#organization"},"potentialAction":[{"@type":"SearchAction","target":{"@type":"EntryPoint","urlTemplate":"https:\/\/futbolhoy.co\/?s={search_term_string}"},"query-input":{"@type":"PropertyValueSpecification","valueRequired":true,"valueName":"search_term_string"}}],"inLanguage":"es"},{"@type":"Organization","@id":"https:\/\/futbolhoy.co\/#organization","name":"Futbolhoy.co","url":"https:\/\/futbolhoy.co\/","logo":{"@type":"ImageObject","inLanguage":"es","@id":"https:\/\/futbolhoy.co\/#\/schema\/logo\/image\/","url":"https:\/\/futbolhoy.co\/wp-content\/uploads\/2018\/08\/17426380_1906371736249227_6326180412931521141_n.jpg","contentUrl":"https:\/\/futbolhoy.co\/wp-content\/uploads\/2018\/08\/17426380_1906371736249227_6326180412931521141_n.jpg","width":960,"height":960,"caption":"Futbolhoy.co"},"image":{"@id":"https:\/\/futbolhoy.co\/#\/schema\/logo\/image\/"},"sameAs":["https:\/\/www.facebook.com\/FutbolHoyCol\/","https:\/\/x.com\/FutbolHoyCol","https:\/\/www.instagram.com\/futbolhoycol\/"]},{"@type":"Person","@id":"https:\/\/futbolhoy.co\/#\/schema\/person\/c4a353a512b127643723a34bb1812f7d","name":"Laura Hern\u00e1ndez","image":{"@type":"ImageObject","inLanguage":"es","@id":"https:\/\/futbolhoy.co\/#\/schema\/person\/image\/","url":"https:\/\/secure.gravatar.com\/avatar\/d25959a15b9b293a743f99181c7cfd01?s=96&d=mm&r=g","contentUrl":"https:\/\/secure.gravatar.com\/avatar\/d25959a15b9b293a743f99181c7cfd01?s=96&d=mm&r=g","caption":"Laura Hern\u00e1ndez"}}]}},"publishpress_future_action":{"enabled":false,"date":"2026-05-03 05:52:33","action":"change-status","newStatus":"draft","terms":[],"taxonomy":"category","extraData":[]},"publishpress_future_workflow_manual_trigger":{"enabledWorkflows":[]},"_links":{"self":[{"href":"https:\/\/futbolhoy.co\/index.php\/wp-json\/wp\/v2\/posts\/81566","targetHints":{"allow":["GET"]}}],"collection":[{"href":"https:\/\/futbolhoy.co\/index.php\/wp-json\/wp\/v2\/posts"}],"about":[{"href":"https:\/\/futbolhoy.co\/index.php\/wp-json\/wp\/v2\/types\/post"}],"author":[{"embeddable":true,"href":"https:\/\/futbolhoy.co\/index.php\/wp-json\/wp\/v2\/users\/5"}],"replies":[{"embeddable":true,"href":"https:\/\/futbolhoy.co\/index.php\/wp-json\/wp\/v2\/comments?post=81566"}],"version-history":[{"count":1,"href":"https:\/\/futbolhoy.co\/index.php\/wp-json\/wp\/v2\/posts\/81566\/revisions"}],"predecessor-version":[{"id":81568,"href":"https:\/\/futbolhoy.co\/index.php\/wp-json\/wp\/v2\/posts\/81566\/revisions\/81568"}],"wp:featuredmedia":[{"embeddable":true,"href":"https:\/\/futbolhoy.co\/index.php\/wp-json\/wp\/v2\/media\/81567"}],"wp:attachment":[{"href":"https:\/\/futbolhoy.co\/index.php\/wp-json\/wp\/v2\/media?parent=81566"}],"wp:term":[{"taxonomy":"category","embeddable":true,"href":"https:\/\/futbolhoy.co\/index.php\/wp-json\/wp\/v2\/categories?post=81566"},{"taxonomy":"post_tag","embeddable":true,"href":"https:\/\/futbolhoy.co\/index.php\/wp-json\/wp\/v2\/tags?post=81566"}],"curies":[{"name":"wp","href":"https:\/\/api.w.org\/{rel}","templated":true}]}}