{"id":81574,"date":"2022-06-21T17:21:23","date_gmt":"2022-06-21T22:21:23","guid":{"rendered":"https:\/\/futbolhoy.co\/?p=81574"},"modified":"2022-06-21T21:30:20","modified_gmt":"2022-06-22T02:30:20","slug":"oficial-tevez-es-canalla","status":"publish","type":"post","link":"https:\/\/futbolhoy.co\/index.php\/2022\/06\/21\/oficial-tevez-es-canalla\/","title":{"rendered":"Oficial: T\u00e9vez es \u2018Canalla\u2019"},"content":{"rendered":"<p style=\"text-align: justify;\"><span lang=\"ES-MX\" style=\"font-family: helvetica, arial, sans-serif;\">El ex delantero argentino\u00a0<b>Carlos T\u00e9vez<\/b>\u00a0debutar\u00e1 como entrenador en\u00a0<b>Rosario Central<\/b>, que anunci\u00f3 su vinculaci\u00f3n como director t\u00e9cnico de manera inmediata.<\/span><\/p>\n<p style=\"text-align: justify;\"><span lang=\"ES-MX\" style=\"font-family: helvetica, arial, sans-serif;\">\"\u00a1Carlos T\u00e9vez es el DT de Rosario Central!\u00a0<b>\u2018El Apache\u2019<\/b>\u00a0se convirti\u00f3 en el nuevo entrenador auriazul, tras firmar contrato con el club por 12 meses.\u00a0<b>Carlos \"el Chapa\" Retegui<\/b>, ser\u00e1 integrante de su cuerpo t\u00e9cnico\", inform\u00f3 el conjunto \u2018canalla\u2019 en sus redes sociales.<\/span><\/p>\n<p style=\"text-align: justify;\"><span lang=\"ES-MX\" style=\"font-family: helvetica, arial, sans-serif;\">Retegui es un director t\u00e9cnico de hockey multimedallista ol\u00edmpico, tanto con el seleccionado femenino como con el masculino, con el que gan\u00f3 la medalla dorada en\u00a0<b>R\u00edo de Janeiro 2016.<\/b><\/span><\/p>\n<p style=\"text-align: justify;\"><span lang=\"ES-MX\" style=\"font-family: helvetica, arial, sans-serif;\">Esta ser\u00e1 la primera experiencia como t\u00e9cnico del 'Apache', quien dej\u00f3 de jugar en\u00a0<b>Boca Juniors<\/b>\u00a0en junio de 2021 y tras un a\u00f1o de incertidumbre confirm\u00f3 hace pocas semanas su retiro definitivo y sus ganas de convertirse en entrenador.<\/span><\/p>\n<p style=\"text-align: justify;\"><span lang=\"ES-MX\" style=\"font-family: helvetica, arial, sans-serif;\">Rosario Central ocupa la casilla 22 de la\u00a0<b>Liga argentina<\/b>, entre 28 equipos, con solo cuatro puntos de 12 posibles.<\/span><\/p>\n<p style=\"text-align: justify;\"><span lang=\"ES-MX\" style=\"font-family: helvetica, arial, sans-serif;\">El debut de T\u00e9vez como entrenador est\u00e1 marcado para este viernes como local ante\u00a0<b>Gimnasia y Esgrima La Plata<\/b>\u00a0en la quinta fecha del campeonato.<\/span><\/p>\n","protected":false},"excerpt":{"rendered":"<p>El ex delantero argentino\u00a0Carlos T\u00e9vez\u00a0debutar\u00e1 como entrenador en\u00a0Rosario Central, que anunci\u00f3 su vinculaci\u00f3n como director t\u00e9cnico de manera inmediata. \"\u00a1Carlos T\u00e9vez es el DT de Rosario Central!\u00a0\u2018El Apache\u2019\u00a0se convirti\u00f3 en el nuevo entrenador auriazul, tras firmar contrato con el club por 12 meses.\u00a0Carlos \"el Chapa\" Retegui, ser\u00e1 integrante de su cuerpo t\u00e9cnico\", inform\u00f3 el conjunto [&hellip;]<\/p>\n","protected":false},"author":5,"featured_media":81575,"comment_status":"open","ping_status":"open","sticky":false,"template":"","format":"standard","meta":{"_acf_changed":false,"footnotes":""},"categories":[152],"tags":[],"class_list":{"0":"post-81574","1":"post","2":"type-post","3":"status-publish","4":"format-standard","5":"has-post-thumbnail","7":"category-mundo-futbol"},"acf":[],"yoast_head":"<!-- This site is optimized with the Yoast SEO plugin v26.8 - https:\/\/yoast.com\/product\/yoast-seo-wordpress\/ -->\n<title>Oficial: T\u00e9vez es \u2018Canalla\u2019 -<\/title>\n<meta name=\"robots\" content=\"index, follow, max-snippet:-1, max-image-preview:large, max-video-preview:-1\" \/>\n<link rel=\"canonical\" href=\"https:\/\/futbolhoy.co\/index.php\/2022\/06\/21\/oficial-tevez-es-canalla\/\" \/>\n<meta property=\"og:locale\" content=\"es_ES\" \/>\n<meta property=\"og:type\" content=\"article\" \/>\n<meta property=\"og:title\" content=\"Oficial: T\u00e9vez es \u2018Canalla\u2019 -\" \/>\n<meta property=\"og:description\" content=\"El ex delantero argentino\u00a0Carlos T\u00e9vez\u00a0debutar\u00e1 como entrenador en\u00a0Rosario Central, que anunci\u00f3 su vinculaci\u00f3n como director t\u00e9cnico de manera inmediata. &quot;\u00a1Carlos T\u00e9vez es el DT de Rosario Central!\u00a0\u2018El Apache\u2019\u00a0se convirti\u00f3 en el nuevo entrenador auriazul, tras firmar contrato con el club por 12 meses.\u00a0Carlos &quot;el Chapa&quot; Retegui, ser\u00e1 integrante de su cuerpo t\u00e9cnico&quot;, inform\u00f3 el conjunto [&hellip;]\" \/>\n<meta property=\"og:url\" content=\"https:\/\/futbolhoy.co\/index.php\/2022\/06\/21\/oficial-tevez-es-canalla\/\" \/>\n<meta property=\"article:publisher\" content=\"https:\/\/www.facebook.com\/FutbolHoyCol\/\" \/>\n<meta property=\"article:published_time\" content=\"2022-06-21T22:21:23+00:00\" \/>\n<meta property=\"article:modified_time\" content=\"2022-06-22T02:30:20+00:00\" \/>\n<meta property=\"og:image\" content=\"https:\/\/futbolhoy.co\/wp-content\/uploads\/2022\/06\/20220621_172057.jpg\" \/>\n\t<meta property=\"og:image:width\" content=\"2048\" \/>\n\t<meta property=\"og:image:height\" content=\"1366\" \/>\n\t<meta property=\"og:image:type\" content=\"image\/jpeg\" \/>\n<meta name=\"author\" content=\"Laura Hern\u00e1ndez\" \/>\n<meta name=\"twitter:card\" content=\"summary_large_image\" \/>\n<meta name=\"twitter:creator\" content=\"@FutbolHoyCol\" \/>\n<meta name=\"twitter:site\" content=\"@FutbolHoyCol\" \/>\n<meta name=\"twitter:label1\" content=\"Escrito por\" \/>\n\t<meta name=\"twitter:data1\" content=\"Laura Hern\u00e1ndez\" \/>\n\t<meta name=\"twitter:label2\" content=\"Tiempo de lectura\" \/>\n\t<meta name=\"twitter:data2\" content=\"1 minuto\" \/>\n<script type=\"application\/ld+json\" class=\"yoast-schema-graph\">{\"@context\":\"https:\/\/schema.org\",\"@graph\":[{\"@type\":\"Article\",\"@id\":\"https:\/\/futbolhoy.co\/index.php\/2022\/06\/21\/oficial-tevez-es-canalla\/#article\",\"isPartOf\":{\"@id\":\"https:\/\/futbolhoy.co\/index.php\/2022\/06\/21\/oficial-tevez-es-canalla\/\"},\"author\":{\"name\":\"Laura Hern\u00e1ndez\",\"@id\":\"https:\/\/futbolhoy.co\/#\/schema\/person\/c4a353a512b127643723a34bb1812f7d\"},\"headline\":\"Oficial: T\u00e9vez es \u2018Canalla\u2019\",\"datePublished\":\"2022-06-21T22:21:23+00:00\",\"dateModified\":\"2022-06-22T02:30:20+00:00\",\"mainEntityOfPage\":{\"@id\":\"https:\/\/futbolhoy.co\/index.php\/2022\/06\/21\/oficial-tevez-es-canalla\/\"},\"wordCount\":191,\"commentCount\":0,\"publisher\":{\"@id\":\"https:\/\/futbolhoy.co\/#organization\"},\"image\":{\"@id\":\"https:\/\/futbolhoy.co\/index.php\/2022\/06\/21\/oficial-tevez-es-canalla\/#primaryimage\"},\"thumbnailUrl\":\"https:\/\/futbolhoy.co\/wp-content\/uploads\/2022\/06\/20220621_172057.jpg\",\"articleSection\":[\"Mundo Futbol\"],\"inLanguage\":\"es\",\"potentialAction\":[{\"@type\":\"CommentAction\",\"name\":\"Comment\",\"target\":[\"https:\/\/futbolhoy.co\/index.php\/2022\/06\/21\/oficial-tevez-es-canalla\/#respond\"]}]},{\"@type\":\"WebPage\",\"@id\":\"https:\/\/futbolhoy.co\/index.php\/2022\/06\/21\/oficial-tevez-es-canalla\/\",\"url\":\"https:\/\/futbolhoy.co\/index.php\/2022\/06\/21\/oficial-tevez-es-canalla\/\",\"name\":\"Oficial: T\u00e9vez es \u2018Canalla\u2019 -\",\"isPartOf\":{\"@id\":\"https:\/\/futbolhoy.co\/#website\"},\"primaryImageOfPage\":{\"@id\":\"https:\/\/futbolhoy.co\/index.php\/2022\/06\/21\/oficial-tevez-es-canalla\/#primaryimage\"},\"image\":{\"@id\":\"https:\/\/futbolhoy.co\/index.php\/2022\/06\/21\/oficial-tevez-es-canalla\/#primaryimage\"},\"thumbnailUrl\":\"https:\/\/futbolhoy.co\/wp-content\/uploads\/2022\/06\/20220621_172057.jpg\",\"datePublished\":\"2022-06-21T22:21:23+00:00\",\"dateModified\":\"2022-06-22T02:30:20+00:00\",\"breadcrumb\":{\"@id\":\"https:\/\/futbolhoy.co\/index.php\/2022\/06\/21\/oficial-tevez-es-canalla\/#breadcrumb\"},\"inLanguage\":\"es\",\"potentialAction\":[{\"@type\":\"ReadAction\",\"target\":[\"https:\/\/futbolhoy.co\/index.php\/2022\/06\/21\/oficial-tevez-es-canalla\/\"]}]},{\"@type\":\"ImageObject\",\"inLanguage\":\"es\",\"@id\":\"https:\/\/futbolhoy.co\/index.php\/2022\/06\/21\/oficial-tevez-es-canalla\/#primaryimage\",\"url\":\"https:\/\/futbolhoy.co\/wp-content\/uploads\/2022\/06\/20220621_172057.jpg\",\"contentUrl\":\"https:\/\/futbolhoy.co\/wp-content\/uploads\/2022\/06\/20220621_172057.jpg\",\"width\":2048,\"height\":1366},{\"@type\":\"BreadcrumbList\",\"@id\":\"https:\/\/futbolhoy.co\/index.php\/2022\/06\/21\/oficial-tevez-es-canalla\/#breadcrumb\",\"itemListElement\":[{\"@type\":\"ListItem\",\"position\":1,\"name\":\"Portada\",\"item\":\"https:\/\/futbolhoy.co\/\"},{\"@type\":\"ListItem\",\"position\":2,\"name\":\"Oficial: T\u00e9vez es \u2018Canalla\u2019\"}]},{\"@type\":\"WebSite\",\"@id\":\"https:\/\/futbolhoy.co\/#website\",\"url\":\"https:\/\/futbolhoy.co\/\",\"name\":\"FutbolHoy\",\"description\":\"\",\"publisher\":{\"@id\":\"https:\/\/futbolhoy.co\/#organization\"},\"potentialAction\":[{\"@type\":\"SearchAction\",\"target\":{\"@type\":\"EntryPoint\",\"urlTemplate\":\"https:\/\/futbolhoy.co\/?s={search_term_string}\"},\"query-input\":{\"@type\":\"PropertyValueSpecification\",\"valueRequired\":true,\"valueName\":\"search_term_string\"}}],\"inLanguage\":\"es\"},{\"@type\":\"Organization\",\"@id\":\"https:\/\/futbolhoy.co\/#organization\",\"name\":\"Futbolhoy.co\",\"url\":\"https:\/\/futbolhoy.co\/\",\"logo\":{\"@type\":\"ImageObject\",\"inLanguage\":\"es\",\"@id\":\"https:\/\/futbolhoy.co\/#\/schema\/logo\/image\/\",\"url\":\"https:\/\/futbolhoy.co\/wp-content\/uploads\/2018\/08\/17426380_1906371736249227_6326180412931521141_n.jpg\",\"contentUrl\":\"https:\/\/futbolhoy.co\/wp-content\/uploads\/2018\/08\/17426380_1906371736249227_6326180412931521141_n.jpg\",\"width\":960,\"height\":960,\"caption\":\"Futbolhoy.co\"},\"image\":{\"@id\":\"https:\/\/futbolhoy.co\/#\/schema\/logo\/image\/\"},\"sameAs\":[\"https:\/\/www.facebook.com\/FutbolHoyCol\/\",\"https:\/\/x.com\/FutbolHoyCol\",\"https:\/\/www.instagram.com\/futbolhoycol\/\"]},{\"@type\":\"Person\",\"@id\":\"https:\/\/futbolhoy.co\/#\/schema\/person\/c4a353a512b127643723a34bb1812f7d\",\"name\":\"Laura Hern\u00e1ndez\",\"image\":{\"@type\":\"ImageObject\",\"inLanguage\":\"es\",\"@id\":\"https:\/\/futbolhoy.co\/#\/schema\/person\/image\/\",\"url\":\"https:\/\/secure.gravatar.com\/avatar\/d25959a15b9b293a743f99181c7cfd01?s=96&d=mm&r=g\",\"contentUrl\":\"https:\/\/secure.gravatar.com\/avatar\/d25959a15b9b293a743f99181c7cfd01?s=96&d=mm&r=g\",\"caption\":\"Laura Hern\u00e1ndez\"}}]}<\/script>\n<!-- \/ Yoast SEO plugin. -->","yoast_head_json":{"title":"Oficial: T\u00e9vez es \u2018Canalla\u2019 -","robots":{"index":"index","follow":"follow","max-snippet":"max-snippet:-1","max-image-preview":"max-image-preview:large","max-video-preview":"max-video-preview:-1"},"canonical":"https:\/\/futbolhoy.co\/index.php\/2022\/06\/21\/oficial-tevez-es-canalla\/","og_locale":"es_ES","og_type":"article","og_title":"Oficial: T\u00e9vez es \u2018Canalla\u2019 -","og_description":"El ex delantero argentino\u00a0Carlos T\u00e9vez\u00a0debutar\u00e1 como entrenador en\u00a0Rosario Central, que anunci\u00f3 su vinculaci\u00f3n como director t\u00e9cnico de manera inmediata. \"\u00a1Carlos T\u00e9vez es el DT de Rosario Central!\u00a0\u2018El Apache\u2019\u00a0se convirti\u00f3 en el nuevo entrenador auriazul, tras firmar contrato con el club por 12 meses.\u00a0Carlos \"el Chapa\" Retegui, ser\u00e1 integrante de su cuerpo t\u00e9cnico\", inform\u00f3 el conjunto [&hellip;]","og_url":"https:\/\/futbolhoy.co\/index.php\/2022\/06\/21\/oficial-tevez-es-canalla\/","article_publisher":"https:\/\/www.facebook.com\/FutbolHoyCol\/","article_published_time":"2022-06-21T22:21:23+00:00","article_modified_time":"2022-06-22T02:30:20+00:00","og_image":[{"width":2048,"height":1366,"url":"https:\/\/futbolhoy.co\/wp-content\/uploads\/2022\/06\/20220621_172057.jpg","type":"image\/jpeg"}],"author":"Laura Hern\u00e1ndez","twitter_card":"summary_large_image","twitter_creator":"@FutbolHoyCol","twitter_site":"@FutbolHoyCol","twitter_misc":{"Escrito por":"Laura Hern\u00e1ndez","Tiempo de lectura":"1 minuto"},"schema":{"@context":"https:\/\/schema.org","@graph":[{"@type":"Article","@id":"https:\/\/futbolhoy.co\/index.php\/2022\/06\/21\/oficial-tevez-es-canalla\/#article","isPartOf":{"@id":"https:\/\/futbolhoy.co\/index.php\/2022\/06\/21\/oficial-tevez-es-canalla\/"},"author":{"name":"Laura Hern\u00e1ndez","@id":"https:\/\/futbolhoy.co\/#\/schema\/person\/c4a353a512b127643723a34bb1812f7d"},"headline":"Oficial: T\u00e9vez es \u2018Canalla\u2019","datePublished":"2022-06-21T22:21:23+00:00","dateModified":"2022-06-22T02:30:20+00:00","mainEntityOfPage":{"@id":"https:\/\/futbolhoy.co\/index.php\/2022\/06\/21\/oficial-tevez-es-canalla\/"},"wordCount":191,"commentCount":0,"publisher":{"@id":"https:\/\/futbolhoy.co\/#organization"},"image":{"@id":"https:\/\/futbolhoy.co\/index.php\/2022\/06\/21\/oficial-tevez-es-canalla\/#primaryimage"},"thumbnailUrl":"https:\/\/futbolhoy.co\/wp-content\/uploads\/2022\/06\/20220621_172057.jpg","articleSection":["Mundo Futbol"],"inLanguage":"es","potentialAction":[{"@type":"CommentAction","name":"Comment","target":["https:\/\/futbolhoy.co\/index.php\/2022\/06\/21\/oficial-tevez-es-canalla\/#respond"]}]},{"@type":"WebPage","@id":"https:\/\/futbolhoy.co\/index.php\/2022\/06\/21\/oficial-tevez-es-canalla\/","url":"https:\/\/futbolhoy.co\/index.php\/2022\/06\/21\/oficial-tevez-es-canalla\/","name":"Oficial: T\u00e9vez es \u2018Canalla\u2019 -","isPartOf":{"@id":"https:\/\/futbolhoy.co\/#website"},"primaryImageOfPage":{"@id":"https:\/\/futbolhoy.co\/index.php\/2022\/06\/21\/oficial-tevez-es-canalla\/#primaryimage"},"image":{"@id":"https:\/\/futbolhoy.co\/index.php\/2022\/06\/21\/oficial-tevez-es-canalla\/#primaryimage"},"thumbnailUrl":"https:\/\/futbolhoy.co\/wp-content\/uploads\/2022\/06\/20220621_172057.jpg","datePublished":"2022-06-21T22:21:23+00:00","dateModified":"2022-06-22T02:30:20+00:00","breadcrumb":{"@id":"https:\/\/futbolhoy.co\/index.php\/2022\/06\/21\/oficial-tevez-es-canalla\/#breadcrumb"},"inLanguage":"es","potentialAction":[{"@type":"ReadAction","target":["https:\/\/futbolhoy.co\/index.php\/2022\/06\/21\/oficial-tevez-es-canalla\/"]}]},{"@type":"ImageObject","inLanguage":"es","@id":"https:\/\/futbolhoy.co\/index.php\/2022\/06\/21\/oficial-tevez-es-canalla\/#primaryimage","url":"https:\/\/futbolhoy.co\/wp-content\/uploads\/2022\/06\/20220621_172057.jpg","contentUrl":"https:\/\/futbolhoy.co\/wp-content\/uploads\/2022\/06\/20220621_172057.jpg","width":2048,"height":1366},{"@type":"BreadcrumbList","@id":"https:\/\/futbolhoy.co\/index.php\/2022\/06\/21\/oficial-tevez-es-canalla\/#breadcrumb","itemListElement":[{"@type":"ListItem","position":1,"name":"Portada","item":"https:\/\/futbolhoy.co\/"},{"@type":"ListItem","position":2,"name":"Oficial: T\u00e9vez es \u2018Canalla\u2019"}]},{"@type":"WebSite","@id":"https:\/\/futbolhoy.co\/#website","url":"https:\/\/futbolhoy.co\/","name":"FutbolHoy","description":"","publisher":{"@id":"https:\/\/futbolhoy.co\/#organization"},"potentialAction":[{"@type":"SearchAction","target":{"@type":"EntryPoint","urlTemplate":"https:\/\/futbolhoy.co\/?s={search_term_string}"},"query-input":{"@type":"PropertyValueSpecification","valueRequired":true,"valueName":"search_term_string"}}],"inLanguage":"es"},{"@type":"Organization","@id":"https:\/\/futbolhoy.co\/#organization","name":"Futbolhoy.co","url":"https:\/\/futbolhoy.co\/","logo":{"@type":"ImageObject","inLanguage":"es","@id":"https:\/\/futbolhoy.co\/#\/schema\/logo\/image\/","url":"https:\/\/futbolhoy.co\/wp-content\/uploads\/2018\/08\/17426380_1906371736249227_6326180412931521141_n.jpg","contentUrl":"https:\/\/futbolhoy.co\/wp-content\/uploads\/2018\/08\/17426380_1906371736249227_6326180412931521141_n.jpg","width":960,"height":960,"caption":"Futbolhoy.co"},"image":{"@id":"https:\/\/futbolhoy.co\/#\/schema\/logo\/image\/"},"sameAs":["https:\/\/www.facebook.com\/FutbolHoyCol\/","https:\/\/x.com\/FutbolHoyCol","https:\/\/www.instagram.com\/futbolhoycol\/"]},{"@type":"Person","@id":"https:\/\/futbolhoy.co\/#\/schema\/person\/c4a353a512b127643723a34bb1812f7d","name":"Laura Hern\u00e1ndez","image":{"@type":"ImageObject","inLanguage":"es","@id":"https:\/\/futbolhoy.co\/#\/schema\/person\/image\/","url":"https:\/\/secure.gravatar.com\/avatar\/d25959a15b9b293a743f99181c7cfd01?s=96&d=mm&r=g","contentUrl":"https:\/\/secure.gravatar.com\/avatar\/d25959a15b9b293a743f99181c7cfd01?s=96&d=mm&r=g","caption":"Laura Hern\u00e1ndez"}}]}},"publishpress_future_action":{"enabled":false,"date":"2026-05-03 08:43:54","action":"change-status","newStatus":"draft","terms":[],"taxonomy":"category","extraData":[]},"publishpress_future_workflow_manual_trigger":{"enabledWorkflows":[]},"_links":{"self":[{"href":"https:\/\/futbolhoy.co\/index.php\/wp-json\/wp\/v2\/posts\/81574","targetHints":{"allow":["GET"]}}],"collection":[{"href":"https:\/\/futbolhoy.co\/index.php\/wp-json\/wp\/v2\/posts"}],"about":[{"href":"https:\/\/futbolhoy.co\/index.php\/wp-json\/wp\/v2\/types\/post"}],"author":[{"embeddable":true,"href":"https:\/\/futbolhoy.co\/index.php\/wp-json\/wp\/v2\/users\/5"}],"replies":[{"embeddable":true,"href":"https:\/\/futbolhoy.co\/index.php\/wp-json\/wp\/v2\/comments?post=81574"}],"version-history":[{"count":3,"href":"https:\/\/futbolhoy.co\/index.php\/wp-json\/wp\/v2\/posts\/81574\/revisions"}],"predecessor-version":[{"id":81598,"href":"https:\/\/futbolhoy.co\/index.php\/wp-json\/wp\/v2\/posts\/81574\/revisions\/81598"}],"wp:featuredmedia":[{"embeddable":true,"href":"https:\/\/futbolhoy.co\/index.php\/wp-json\/wp\/v2\/media\/81575"}],"wp:attachment":[{"href":"https:\/\/futbolhoy.co\/index.php\/wp-json\/wp\/v2\/media?parent=81574"}],"wp:term":[{"taxonomy":"category","embeddable":true,"href":"https:\/\/futbolhoy.co\/index.php\/wp-json\/wp\/v2\/categories?post=81574"},{"taxonomy":"post_tag","embeddable":true,"href":"https:\/\/futbolhoy.co\/index.php\/wp-json\/wp\/v2\/tags?post=81574"}],"curies":[{"name":"wp","href":"https:\/\/api.w.org\/{rel}","templated":true}]}}