{"id":81588,"date":"2022-06-21T21:25:39","date_gmt":"2022-06-22T02:25:39","guid":{"rendered":"https:\/\/futbolhoy.co\/?p=81588"},"modified":"2022-06-22T07:42:52","modified_gmt":"2022-06-22T12:42:52","slug":"nacional-necesita-un-titulo-y-queremos-hacer-historia-hernan-herrera","status":"publish","type":"post","link":"https:\/\/futbolhoy.co\/index.php\/2022\/06\/21\/nacional-necesita-un-titulo-y-queremos-hacer-historia-hernan-herrera\/","title":{"rendered":"\u00abNacional necesita un t\u00edtulo y queremos hacer historia\u00bb Herrera"},"content":{"rendered":"<p style=\"text-align: justify;\"><span style=\"font-family: helvetica, arial, sans-serif;\"><strong>HERN\u00c1N DAR\u00cdO HERRERA<\/strong><\/span><\/p>\n<ul style=\"text-align: justify;\">\n<li style=\"text-align: justify;\"><span style=\"font-family: helvetica, arial, sans-serif;\">\u00abTengo que estar alegre por que voy a una final, lo que vi hoy con los jugadores y la hinchada. Vamos a entrar con todo, da motivos para hacer un gran partido ante un rival muy complicado\u00bb.<\/span><\/li>\n<li style=\"text-align: justify;\"><span style=\"font-family: helvetica, arial, sans-serif;\">\u00abTolima es un equipo fuerte, pero Nacional lo es, va a ser muy dif\u00edcil tanto para ellos como para nosotros\u00bb.<\/span><\/li>\n<li style=\"text-align: justify;\"><span style=\"font-family: helvetica, arial, sans-serif;\">\u00abPrimera vez que enfrent\u00f3 a Tolima, es un gran equipo y complicado. Hern\u00e1n conoce a su equipo y sus fortalezas, nosotros hemos trabajado para contrarrestar lo que ellos tienen, son muy fuertes en la ofensiva y la defensiva\u00bb<\/span><\/li>\n<li style=\"text-align: justify;\"><span style=\"font-family: helvetica, arial, sans-serif;\">\u00abMe veo m\u00e1s fuerte y m\u00e1s maduro con un gran equipo que tengo al lado, es un equipo grande y con jugadores buenos. Me veo diferente y m\u00e1s contento\u00bb<\/span><\/li>\n<li style=\"text-align: justify;\"><span style=\"font-family: helvetica, arial, sans-serif;\">\u00abComo jugador y ahora como entrenador lo hemos vivido, la gente nos ha apoyado mucho. Uno se siente tranquilo y contento y la mayor aspiraci\u00f3n es lograr el t\u00edtulo\u00bb<\/span><\/li>\n<li style=\"text-align: justify;\"><span style=\"font-family: helvetica, arial, sans-serif;\">\u00abMa\u00f1ana necesitamos ganar, somos locales con precauci\u00f3n. Vamos con mucho cuidado, tenemos jugadores muy buenos en el equipo contrario, tengo el equipo disponible\u00bb<\/span><\/li>\n<li style=\"text-align: justify;\"><span style=\"font-family: helvetica, arial, sans-serif;\">\u00abEstamos en una final, Nacional necesita un t\u00edtulo. Yo quiero ganar el t\u00edtulo y volver a la historia del club. Yo quiero levantar la copa, que si jugo bien o jug\u00f3 mal no interviene\u00bb<\/span><\/li>\n<li style=\"text-align: justify;\"><span style=\"font-family: helvetica, arial, sans-serif;\">\u00abTengo un gran grupo de trabajo, cuando me entregaron el equipo hab\u00eda que llegarle a ellos. Me acogieron muy bien y ah\u00ed fue cuando hicimos cosas en la t\u00e1ctica y conociendo las condiciones que ten\u00edan los jugadores Nacional es uni\u00f3n y es lo que estamos viviendo en este momento\u00bb<\/span><\/li>\n<li style=\"text-align: justify;\"><span style=\"font-family: helvetica, arial, sans-serif;\">\u00abComo arquero era un l\u00edder (Torres), y ahora uno lo sigue viendo con esa personalidad y el mismo car\u00e1cter\u00bb<\/span><\/li>\n<li style=\"text-align: justify;\"><span style=\"font-family: helvetica, arial, sans-serif;\">\u00abTengo disponible a Gio, estar\u00e9 en di\u00e1logo y ver\u00e9 que puedo hacer, ha sido una persona muy buena para el grupo. Ma\u00f1ana vamos a ver si es inicialista\u00bb<\/span><\/li>\n<li style=\"text-align: justify;\"><span style=\"font-family: helvetica, arial, sans-serif;\">\u00abJefferson est\u00e1 bien y lo ven diferente, en estos cuadrangulares aument\u00f3 el nivel. Se que en estos dos partidos nos puede dar el t\u00edtulo, conf\u00edo mucho en el\u00bb<\/span><\/li>\n<\/ul>\n<p style=\"text-align: justify;\"><span style=\"font-family: helvetica, arial, sans-serif;\"><strong>SEBASTI\u00c1N G\u00d3MEZ\u00a0<\/strong><\/span><\/p>\n<ul>\n<li style=\"text-align: justify;\"><span style=\"font-family: helvetica, arial, sans-serif;\">\u00abLo que hemos planteado y analizando muchas cosas, hay que analizar el rival. Hay que estar pendientes y saber nosotros que vamos a proponer en casa con nuestra gente, sabemos lo que nos jugamos y hemos venido paso a paso, Nacional est\u00e1 en la obligaci\u00f3n de ganar\u00bb<\/span><\/li>\n<li style=\"text-align: justify;\"><span style=\"font-family: helvetica, arial, sans-serif;\">\u00abEstoy en Nacional desde los 14 a\u00f1os, siempre he estado agradecido con Nacional. He tenido una familia que me ha apoyado y ahora pensando en la final tengo muchas sensaciones en buscar el t\u00edtulo\u00bb<\/span><\/li>\n<li style=\"text-align: justify;\"><span style=\"font-family: helvetica, arial, sans-serif;\">A la final todos llegamos bien y todos quieren jugarla. Este equipo junto con el profe ha sabido cuando competir y cuando jugar, eso no lo ten\u00edamos, ahora sabemos que tenemos que poner para este partido, es una final de detalles Sabemos lo que nos jugamos y queremos ser campeones\u00bb.<\/span><\/li>\n<li style=\"text-align: justify;\"><span style=\"font-family: helvetica, arial, sans-serif;\">\u00abEs un partido de detalles, tenemos las precauciones, los grandes nos aconsejan y han sido un pilar. Somos los de la obligaci\u00f3n, este equipo merece quedar campe\u00f3n y vamos a darlo todo\u00bb<\/span><\/li>\n<li style=\"text-align: justify;\"><span style=\"font-family: helvetica, arial, sans-serif;\">\u00abEs un sue\u00f1o de ni\u00f1o quedar campe\u00f3n con el club de mis amores, todos estamos en la misma sinton\u00eda y sabemos que estamos a un paso, es cuesti\u00f3n de nosotros materializarlo\u00bb<\/span><\/li>\n<li style=\"text-align: justify;\"><span style=\"font-family: helvetica, arial, sans-serif;\">\u00abYo me siento bien en las dos posiciones, cada jugador va a dar su 100% todos queremos lo mejor para Nacional\u00bb<\/span><\/li>\n<li style=\"text-align: justify;\"><span style=\"font-family: helvetica, arial, sans-serif;\">\u00abEl profe ha hecho familia, uno lo da todo por la familia, el profe ha sido un pap\u00e1 para nosotros y le respondemos en la cancha, el nos ha apoyado y merece nuestro respaldo\u00bb<\/span><\/li>\n<li style=\"text-align: justify;\"><span style=\"font-family: helvetica, arial, sans-serif;\">\u00abNadie nos daba de favoritos y hoy estamos en la final, la \u00fanica forma es salir campeones\u00bb.<\/span><\/li>\n<\/ul>\n","protected":false},"excerpt":{"rendered":"<p>HERN\u00c1N DAR\u00cdO HERRERA \u00abTengo que estar alegre por que voy a una final, lo que vi hoy con los jugadores y la hinchada. Vamos a entrar con todo, da motivos para hacer un gran partido ante un rival muy complicado\u00bb. \u00abTolima es un equipo fuerte, pero Nacional lo es, va a ser muy dif\u00edcil tanto [&hellip;]<\/p>\n","protected":false},"author":5,"featured_media":81591,"comment_status":"open","ping_status":"closed","sticky":false,"template":"","format":"standard","meta":{"_acf_changed":false,"footnotes":""},"categories":[7],"tags":[],"class_list":{"0":"post-81588","1":"post","2":"type-post","3":"status-publish","4":"format-standard","5":"has-post-thumbnail","7":"category-liga-betplay"},"acf":[],"_links":{"self":[{"href":"https:\/\/futbolhoy.co\/index.php\/wp-json\/wp\/v2\/posts\/81588","targetHints":{"allow":["GET"]}}],"collection":[{"href":"https:\/\/futbolhoy.co\/index.php\/wp-json\/wp\/v2\/posts"}],"about":[{"href":"https:\/\/futbolhoy.co\/index.php\/wp-json\/wp\/v2\/types\/post"}],"author":[{"embeddable":true,"href":"https:\/\/futbolhoy.co\/index.php\/wp-json\/wp\/v2\/users\/5"}],"replies":[{"embeddable":true,"href":"https:\/\/futbolhoy.co\/index.php\/wp-json\/wp\/v2\/comments?post=81588"}],"version-history":[{"count":4,"href":"https:\/\/futbolhoy.co\/index.php\/wp-json\/wp\/v2\/posts\/81588\/revisions"}],"predecessor-version":[{"id":81610,"href":"https:\/\/futbolhoy.co\/index.php\/wp-json\/wp\/v2\/posts\/81588\/revisions\/81610"}],"wp:featuredmedia":[{"embeddable":true,"href":"https:\/\/futbolhoy.co\/index.php\/wp-json\/wp\/v2\/media\/81591"}],"wp:attachment":[{"href":"https:\/\/futbolhoy.co\/index.php\/wp-json\/wp\/v2\/media?parent=81588"}],"wp:term":[{"taxonomy":"category","embeddable":true,"href":"https:\/\/futbolhoy.co\/index.php\/wp-json\/wp\/v2\/categories?post=81588"},{"taxonomy":"post_tag","embeddable":true,"href":"https:\/\/futbolhoy.co\/index.php\/wp-json\/wp\/v2\/tags?post=81588"}],"curies":[{"name":"wp","href":"https:\/\/api.w.org\/{rel}","templated":true}]}}