{"id":81693,"date":"2022-06-23T11:39:49","date_gmt":"2022-06-23T16:39:49","guid":{"rendered":"https:\/\/futbolhoy.co\/?p=81693"},"modified":"2022-06-24T08:23:40","modified_gmt":"2022-06-24T13:23:40","slug":"botafogo-confirmo-interes-por-james","status":"publish","type":"post","link":"https:\/\/futbolhoy.co\/index.php\/2022\/06\/23\/botafogo-confirmo-interes-por-james\/","title":{"rendered":"Botafogo confirm\u00f3 inter\u00e9s por James"},"content":{"rendered":"<!--[if lt IE 9]><script>document.createElement('audio');<\/script><![endif]-->\n<audio class=\"wp-audio-shortcode\" id=\"audio-81693-1\" preload=\"none\" style=\"width: 100%;\" controls=\"controls\"><source type=\"audio\/mpeg\" src=\"https:\/\/futbolhoy.co\/wp-content\/uploads\/2022\/06\/DEPORTES-12.30-TEXTOR-JUN-232022-06-23.mp3?_=1\" \/><a href=\"https:\/\/futbolhoy.co\/wp-content\/uploads\/2022\/06\/DEPORTES-12.30-TEXTOR-JUN-232022-06-23.mp3\">https:\/\/futbolhoy.co\/wp-content\/uploads\/2022\/06\/DEPORTES-12.30-TEXTOR-JUN-232022-06-23.mp3<\/a><\/audio>\n<p>(John Textor, m\u00e1ximo accionista de Botafogo, en entrevista con Lance)<\/p>\n<p style=\"text-align: justify;\"><span style=\"font-family: helvetica, arial, sans-serif;\">El <strong>Botafogo<\/strong> de <strong>Brasil<\/strong> tiene como objetivo al volante colombiano <strong>James Rodr\u00edguez,<\/strong> del <strong>Al Rayyan<\/strong> de <strong>Qatar,<\/strong> asegur\u00f3 el m\u00e1ximo accionista del club, el estadounidense <strong>John Textor.<\/strong><\/span><\/p>\n<p style=\"text-align: justify;\"><span style=\"font-family: helvetica, arial, sans-serif;\">\u201cYo lo amo. Mis hijos crecieron viendo la <strong>selecci\u00f3n de Colombia<\/strong> y \u00e9l era uno de sus jugadores favoritos. Es raro tener la posibilidad de poder contratar un talento as\u00ed en Sudam\u00e9rica, creo que a\u00fan le quedan muchos a\u00f1os buenos en Europa. Pero tenemos grandes sue\u00f1os, estamos pasando por un momento de transformaci\u00f3n en Brasil con la nueva Liga. Podr\u00eda ser un intento largo, ser\u00eda un jugador que transformar\u00eda todo para nosotros, as\u00ed que lo intentaremos\u201d, dijo Textor al portal deportivo brasile\u00f1o, <em>Lance.<\/em><\/span><\/p>\n<p style=\"text-align: justify;\"><span style=\"font-family: helvetica, arial, sans-serif;\">\u201cNo puedo hablar por \u00e9l. Es una realidad que lo queremos y un sue\u00f1o si lo contratamos. Hasta que decide que es solo un sue\u00f1o (\u2026) Estamos hablando con \u00e9l. Por ahora es muy verbal, conversaciones donde \u00e9l podr\u00eda encajar (en el proyecto). No es algo en blanco y negro, es una propuesta, hay una conversaci\u00f3n y esperemos que pasa\u201d, agreg\u00f3 al medio, en el aeropuerto de <strong>Gale\u00e3o<\/strong> en<strong> R\u00edo de Janeiro.<\/strong><\/span><\/p>\n<p style=\"text-align: justify;\"><span style=\"font-family: helvetica, arial, sans-serif;\">El empresario sostuvo que la negociaci\u00f3n a\u00fan est\u00e1 en fase de conversaciones y presentaci\u00f3n del proyecto.<\/span><\/p>\n<p style=\"text-align: justify;\"><span style=\"font-family: helvetica, arial, sans-serif;\">En medios brasile\u00f1os se asegur\u00f3 que Botafogo estar\u00eda dispuesto a ofrecer 5.5 millones de d\u00f3lares.<\/span><\/p>\n<p style=\"text-align: justify;\"><span style=\"font-family: helvetica, arial, sans-serif;\">Rodr\u00edguez, quien lleg\u00f3 al Al Rayyan en septiembre de 2021, habr\u00eda informado a los dirigentes su deseo de cambiar de Liga.<\/span><\/p>\n<p style=\"text-align: justify;\"><span style=\"font-family: helvetica, arial, sans-serif;\">Al colombiano, adem\u00e1s, se le ha relacionado en las \u00faltimas semanas con <strong>Galatasaray, West Ham<\/strong> e <strong>Inter Miami.<\/strong><\/span><\/p>\n","protected":false},"excerpt":{"rendered":"<p>(John Textor, m\u00e1ximo accionista de Botafogo, en entrevista con Lance) El Botafogo de Brasil tiene como objetivo al volante colombiano James Rodr\u00edguez, del Al Rayyan de Qatar, asegur\u00f3 el m\u00e1ximo accionista del club, el estadounidense John Textor. \u201cYo lo amo. Mis hijos crecieron viendo la selecci\u00f3n de Colombia y \u00e9l era uno de sus jugadores [&hellip;]<\/p>\n","protected":false},"author":5,"featured_media":72067,"comment_status":"open","ping_status":"open","sticky":false,"template":"","format":"video","meta":{"_acf_changed":false,"footnotes":""},"categories":[418],"tags":[1666,87],"class_list":{"0":"post-81693","1":"post","2":"type-post","3":"status-publish","4":"format-video","5":"has-post-thumbnail","7":"category-colombia","8":"tag-botafogo","9":"tag-james-rodriguez","10":"post_format-post-format-video"},"acf":[],"yoast_head":"<!-- This site is optimized with the Yoast SEO plugin v26.8 - https:\/\/yoast.com\/product\/yoast-seo-wordpress\/ -->\n<title>Botafogo confirm\u00f3 inter\u00e9s por James -<\/title>\n<meta name=\"robots\" content=\"index, follow, max-snippet:-1, max-image-preview:large, max-video-preview:-1\" \/>\n<link rel=\"canonical\" href=\"https:\/\/futbolhoy.co\/index.php\/2022\/06\/23\/botafogo-confirmo-interes-por-james\/\" \/>\n<meta property=\"og:locale\" content=\"es_ES\" \/>\n<meta property=\"og:type\" content=\"article\" \/>\n<meta property=\"og:title\" content=\"Botafogo confirm\u00f3 inter\u00e9s por James -\" \/>\n<meta property=\"og:description\" content=\"(John Textor, m\u00e1ximo accionista de Botafogo, en entrevista con Lance) El Botafogo de Brasil tiene como objetivo al volante colombiano James Rodr\u00edguez, del Al Rayyan de Qatar, asegur\u00f3 el m\u00e1ximo accionista del club, el estadounidense John Textor. \u201cYo lo amo. Mis hijos crecieron viendo la selecci\u00f3n de Colombia y \u00e9l era uno de sus jugadores [&hellip;]\" \/>\n<meta property=\"og:url\" content=\"https:\/\/futbolhoy.co\/index.php\/2022\/06\/23\/botafogo-confirmo-interes-por-james\/\" \/>\n<meta property=\"article:publisher\" content=\"https:\/\/www.facebook.com\/FutbolHoyCol\/\" \/>\n<meta property=\"article:published_time\" content=\"2022-06-23T16:39:49+00:00\" \/>\n<meta property=\"article:modified_time\" content=\"2022-06-24T13:23:40+00:00\" \/>\n<meta property=\"og:image\" content=\"https:\/\/futbolhoy.co\/wp-content\/uploads\/2021\/11\/James.jpeg\" \/>\n\t<meta property=\"og:image:width\" content=\"1600\" \/>\n\t<meta property=\"og:image:height\" content=\"1067\" \/>\n\t<meta property=\"og:image:type\" content=\"image\/jpeg\" \/>\n<meta name=\"author\" content=\"Laura Hern\u00e1ndez\" \/>\n<meta name=\"twitter:card\" content=\"summary_large_image\" \/>\n<meta name=\"twitter:creator\" content=\"@FutbolHoyCol\" \/>\n<meta name=\"twitter:site\" content=\"@FutbolHoyCol\" \/>\n<meta name=\"twitter:label1\" content=\"Escrito por\" \/>\n\t<meta name=\"twitter:data1\" content=\"Laura Hern\u00e1ndez\" \/>\n\t<meta name=\"twitter:label2\" content=\"Tiempo de lectura\" \/>\n\t<meta name=\"twitter:data2\" content=\"2 minutos\" \/>\n<script type=\"application\/ld+json\" class=\"yoast-schema-graph\">{\"@context\":\"https:\/\/schema.org\",\"@graph\":[{\"@type\":\"Article\",\"@id\":\"https:\/\/futbolhoy.co\/index.php\/2022\/06\/23\/botafogo-confirmo-interes-por-james\/#article\",\"isPartOf\":{\"@id\":\"https:\/\/futbolhoy.co\/index.php\/2022\/06\/23\/botafogo-confirmo-interes-por-james\/\"},\"author\":{\"name\":\"Laura Hern\u00e1ndez\",\"@id\":\"https:\/\/futbolhoy.co\/#\/schema\/person\/c4a353a512b127643723a34bb1812f7d\"},\"headline\":\"Botafogo confirm\u00f3 inter\u00e9s por James\",\"datePublished\":\"2022-06-23T16:39:49+00:00\",\"dateModified\":\"2022-06-24T13:23:40+00:00\",\"mainEntityOfPage\":{\"@id\":\"https:\/\/futbolhoy.co\/index.php\/2022\/06\/23\/botafogo-confirmo-interes-por-james\/\"},\"wordCount\":306,\"commentCount\":0,\"publisher\":{\"@id\":\"https:\/\/futbolhoy.co\/#organization\"},\"image\":{\"@id\":\"https:\/\/futbolhoy.co\/index.php\/2022\/06\/23\/botafogo-confirmo-interes-por-james\/#primaryimage\"},\"thumbnailUrl\":\"https:\/\/futbolhoy.co\/wp-content\/uploads\/2021\/11\/James.jpeg\",\"keywords\":[\"Botafogo\",\"James Rodr\u00edguez\"],\"articleSection\":[\"Colombia\"],\"inLanguage\":\"es\",\"potentialAction\":[{\"@type\":\"CommentAction\",\"name\":\"Comment\",\"target\":[\"https:\/\/futbolhoy.co\/index.php\/2022\/06\/23\/botafogo-confirmo-interes-por-james\/#respond\"]}]},{\"@type\":\"WebPage\",\"@id\":\"https:\/\/futbolhoy.co\/index.php\/2022\/06\/23\/botafogo-confirmo-interes-por-james\/\",\"url\":\"https:\/\/futbolhoy.co\/index.php\/2022\/06\/23\/botafogo-confirmo-interes-por-james\/\",\"name\":\"Botafogo confirm\u00f3 inter\u00e9s por James -\",\"isPartOf\":{\"@id\":\"https:\/\/futbolhoy.co\/#website\"},\"primaryImageOfPage\":{\"@id\":\"https:\/\/futbolhoy.co\/index.php\/2022\/06\/23\/botafogo-confirmo-interes-por-james\/#primaryimage\"},\"image\":{\"@id\":\"https:\/\/futbolhoy.co\/index.php\/2022\/06\/23\/botafogo-confirmo-interes-por-james\/#primaryimage\"},\"thumbnailUrl\":\"https:\/\/futbolhoy.co\/wp-content\/uploads\/2021\/11\/James.jpeg\",\"datePublished\":\"2022-06-23T16:39:49+00:00\",\"dateModified\":\"2022-06-24T13:23:40+00:00\",\"breadcrumb\":{\"@id\":\"https:\/\/futbolhoy.co\/index.php\/2022\/06\/23\/botafogo-confirmo-interes-por-james\/#breadcrumb\"},\"inLanguage\":\"es\",\"potentialAction\":[{\"@type\":\"ReadAction\",\"target\":[\"https:\/\/futbolhoy.co\/index.php\/2022\/06\/23\/botafogo-confirmo-interes-por-james\/\"]}]},{\"@type\":\"ImageObject\",\"inLanguage\":\"es\",\"@id\":\"https:\/\/futbolhoy.co\/index.php\/2022\/06\/23\/botafogo-confirmo-interes-por-james\/#primaryimage\",\"url\":\"https:\/\/futbolhoy.co\/wp-content\/uploads\/2021\/11\/James.jpeg\",\"contentUrl\":\"https:\/\/futbolhoy.co\/wp-content\/uploads\/2021\/11\/James.jpeg\",\"width\":1600,\"height\":1067},{\"@type\":\"BreadcrumbList\",\"@id\":\"https:\/\/futbolhoy.co\/index.php\/2022\/06\/23\/botafogo-confirmo-interes-por-james\/#breadcrumb\",\"itemListElement\":[{\"@type\":\"ListItem\",\"position\":1,\"name\":\"Portada\",\"item\":\"https:\/\/futbolhoy.co\/\"},{\"@type\":\"ListItem\",\"position\":2,\"name\":\"Botafogo confirm\u00f3 inter\u00e9s por James\"}]},{\"@type\":\"WebSite\",\"@id\":\"https:\/\/futbolhoy.co\/#website\",\"url\":\"https:\/\/futbolhoy.co\/\",\"name\":\"FutbolHoy\",\"description\":\"\",\"publisher\":{\"@id\":\"https:\/\/futbolhoy.co\/#organization\"},\"potentialAction\":[{\"@type\":\"SearchAction\",\"target\":{\"@type\":\"EntryPoint\",\"urlTemplate\":\"https:\/\/futbolhoy.co\/?s={search_term_string}\"},\"query-input\":{\"@type\":\"PropertyValueSpecification\",\"valueRequired\":true,\"valueName\":\"search_term_string\"}}],\"inLanguage\":\"es\"},{\"@type\":\"Organization\",\"@id\":\"https:\/\/futbolhoy.co\/#organization\",\"name\":\"Futbolhoy.co\",\"url\":\"https:\/\/futbolhoy.co\/\",\"logo\":{\"@type\":\"ImageObject\",\"inLanguage\":\"es\",\"@id\":\"https:\/\/futbolhoy.co\/#\/schema\/logo\/image\/\",\"url\":\"https:\/\/futbolhoy.co\/wp-content\/uploads\/2018\/08\/17426380_1906371736249227_6326180412931521141_n.jpg\",\"contentUrl\":\"https:\/\/futbolhoy.co\/wp-content\/uploads\/2018\/08\/17426380_1906371736249227_6326180412931521141_n.jpg\",\"width\":960,\"height\":960,\"caption\":\"Futbolhoy.co\"},\"image\":{\"@id\":\"https:\/\/futbolhoy.co\/#\/schema\/logo\/image\/\"},\"sameAs\":[\"https:\/\/www.facebook.com\/FutbolHoyCol\/\",\"https:\/\/x.com\/FutbolHoyCol\",\"https:\/\/www.instagram.com\/futbolhoycol\/\"]},{\"@type\":\"Person\",\"@id\":\"https:\/\/futbolhoy.co\/#\/schema\/person\/c4a353a512b127643723a34bb1812f7d\",\"name\":\"Laura Hern\u00e1ndez\",\"image\":{\"@type\":\"ImageObject\",\"inLanguage\":\"es\",\"@id\":\"https:\/\/futbolhoy.co\/#\/schema\/person\/image\/\",\"url\":\"https:\/\/secure.gravatar.com\/avatar\/d25959a15b9b293a743f99181c7cfd01?s=96&d=mm&r=g\",\"contentUrl\":\"https:\/\/secure.gravatar.com\/avatar\/d25959a15b9b293a743f99181c7cfd01?s=96&d=mm&r=g\",\"caption\":\"Laura Hern\u00e1ndez\"}}]}<\/script>\n<!-- \/ Yoast SEO plugin. -->","yoast_head_json":{"title":"Botafogo confirm\u00f3 inter\u00e9s por James -","robots":{"index":"index","follow":"follow","max-snippet":"max-snippet:-1","max-image-preview":"max-image-preview:large","max-video-preview":"max-video-preview:-1"},"canonical":"https:\/\/futbolhoy.co\/index.php\/2022\/06\/23\/botafogo-confirmo-interes-por-james\/","og_locale":"es_ES","og_type":"article","og_title":"Botafogo confirm\u00f3 inter\u00e9s por James -","og_description":"(John Textor, m\u00e1ximo accionista de Botafogo, en entrevista con Lance) El Botafogo de Brasil tiene como objetivo al volante colombiano James Rodr\u00edguez, del Al Rayyan de Qatar, asegur\u00f3 el m\u00e1ximo accionista del club, el estadounidense John Textor. \u201cYo lo amo. Mis hijos crecieron viendo la selecci\u00f3n de Colombia y \u00e9l era uno de sus jugadores [&hellip;]","og_url":"https:\/\/futbolhoy.co\/index.php\/2022\/06\/23\/botafogo-confirmo-interes-por-james\/","article_publisher":"https:\/\/www.facebook.com\/FutbolHoyCol\/","article_published_time":"2022-06-23T16:39:49+00:00","article_modified_time":"2022-06-24T13:23:40+00:00","og_image":[{"width":1600,"height":1067,"url":"https:\/\/futbolhoy.co\/wp-content\/uploads\/2021\/11\/James.jpeg","type":"image\/jpeg"}],"author":"Laura Hern\u00e1ndez","twitter_card":"summary_large_image","twitter_creator":"@FutbolHoyCol","twitter_site":"@FutbolHoyCol","twitter_misc":{"Escrito por":"Laura Hern\u00e1ndez","Tiempo de lectura":"2 minutos"},"schema":{"@context":"https:\/\/schema.org","@graph":[{"@type":"Article","@id":"https:\/\/futbolhoy.co\/index.php\/2022\/06\/23\/botafogo-confirmo-interes-por-james\/#article","isPartOf":{"@id":"https:\/\/futbolhoy.co\/index.php\/2022\/06\/23\/botafogo-confirmo-interes-por-james\/"},"author":{"name":"Laura Hern\u00e1ndez","@id":"https:\/\/futbolhoy.co\/#\/schema\/person\/c4a353a512b127643723a34bb1812f7d"},"headline":"Botafogo confirm\u00f3 inter\u00e9s por James","datePublished":"2022-06-23T16:39:49+00:00","dateModified":"2022-06-24T13:23:40+00:00","mainEntityOfPage":{"@id":"https:\/\/futbolhoy.co\/index.php\/2022\/06\/23\/botafogo-confirmo-interes-por-james\/"},"wordCount":306,"commentCount":0,"publisher":{"@id":"https:\/\/futbolhoy.co\/#organization"},"image":{"@id":"https:\/\/futbolhoy.co\/index.php\/2022\/06\/23\/botafogo-confirmo-interes-por-james\/#primaryimage"},"thumbnailUrl":"https:\/\/futbolhoy.co\/wp-content\/uploads\/2021\/11\/James.jpeg","keywords":["Botafogo","James Rodr\u00edguez"],"articleSection":["Colombia"],"inLanguage":"es","potentialAction":[{"@type":"CommentAction","name":"Comment","target":["https:\/\/futbolhoy.co\/index.php\/2022\/06\/23\/botafogo-confirmo-interes-por-james\/#respond"]}]},{"@type":"WebPage","@id":"https:\/\/futbolhoy.co\/index.php\/2022\/06\/23\/botafogo-confirmo-interes-por-james\/","url":"https:\/\/futbolhoy.co\/index.php\/2022\/06\/23\/botafogo-confirmo-interes-por-james\/","name":"Botafogo confirm\u00f3 inter\u00e9s por James -","isPartOf":{"@id":"https:\/\/futbolhoy.co\/#website"},"primaryImageOfPage":{"@id":"https:\/\/futbolhoy.co\/index.php\/2022\/06\/23\/botafogo-confirmo-interes-por-james\/#primaryimage"},"image":{"@id":"https:\/\/futbolhoy.co\/index.php\/2022\/06\/23\/botafogo-confirmo-interes-por-james\/#primaryimage"},"thumbnailUrl":"https:\/\/futbolhoy.co\/wp-content\/uploads\/2021\/11\/James.jpeg","datePublished":"2022-06-23T16:39:49+00:00","dateModified":"2022-06-24T13:23:40+00:00","breadcrumb":{"@id":"https:\/\/futbolhoy.co\/index.php\/2022\/06\/23\/botafogo-confirmo-interes-por-james\/#breadcrumb"},"inLanguage":"es","potentialAction":[{"@type":"ReadAction","target":["https:\/\/futbolhoy.co\/index.php\/2022\/06\/23\/botafogo-confirmo-interes-por-james\/"]}]},{"@type":"ImageObject","inLanguage":"es","@id":"https:\/\/futbolhoy.co\/index.php\/2022\/06\/23\/botafogo-confirmo-interes-por-james\/#primaryimage","url":"https:\/\/futbolhoy.co\/wp-content\/uploads\/2021\/11\/James.jpeg","contentUrl":"https:\/\/futbolhoy.co\/wp-content\/uploads\/2021\/11\/James.jpeg","width":1600,"height":1067},{"@type":"BreadcrumbList","@id":"https:\/\/futbolhoy.co\/index.php\/2022\/06\/23\/botafogo-confirmo-interes-por-james\/#breadcrumb","itemListElement":[{"@type":"ListItem","position":1,"name":"Portada","item":"https:\/\/futbolhoy.co\/"},{"@type":"ListItem","position":2,"name":"Botafogo confirm\u00f3 inter\u00e9s por James"}]},{"@type":"WebSite","@id":"https:\/\/futbolhoy.co\/#website","url":"https:\/\/futbolhoy.co\/","name":"FutbolHoy","description":"","publisher":{"@id":"https:\/\/futbolhoy.co\/#organization"},"potentialAction":[{"@type":"SearchAction","target":{"@type":"EntryPoint","urlTemplate":"https:\/\/futbolhoy.co\/?s={search_term_string}"},"query-input":{"@type":"PropertyValueSpecification","valueRequired":true,"valueName":"search_term_string"}}],"inLanguage":"es"},{"@type":"Organization","@id":"https:\/\/futbolhoy.co\/#organization","name":"Futbolhoy.co","url":"https:\/\/futbolhoy.co\/","logo":{"@type":"ImageObject","inLanguage":"es","@id":"https:\/\/futbolhoy.co\/#\/schema\/logo\/image\/","url":"https:\/\/futbolhoy.co\/wp-content\/uploads\/2018\/08\/17426380_1906371736249227_6326180412931521141_n.jpg","contentUrl":"https:\/\/futbolhoy.co\/wp-content\/uploads\/2018\/08\/17426380_1906371736249227_6326180412931521141_n.jpg","width":960,"height":960,"caption":"Futbolhoy.co"},"image":{"@id":"https:\/\/futbolhoy.co\/#\/schema\/logo\/image\/"},"sameAs":["https:\/\/www.facebook.com\/FutbolHoyCol\/","https:\/\/x.com\/FutbolHoyCol","https:\/\/www.instagram.com\/futbolhoycol\/"]},{"@type":"Person","@id":"https:\/\/futbolhoy.co\/#\/schema\/person\/c4a353a512b127643723a34bb1812f7d","name":"Laura Hern\u00e1ndez","image":{"@type":"ImageObject","inLanguage":"es","@id":"https:\/\/futbolhoy.co\/#\/schema\/person\/image\/","url":"https:\/\/secure.gravatar.com\/avatar\/d25959a15b9b293a743f99181c7cfd01?s=96&d=mm&r=g","contentUrl":"https:\/\/secure.gravatar.com\/avatar\/d25959a15b9b293a743f99181c7cfd01?s=96&d=mm&r=g","caption":"Laura Hern\u00e1ndez"}}]}},"publishpress_future_action":{"enabled":false,"date":"2026-05-03 12:49:59","action":"change-status","newStatus":"draft","terms":[],"taxonomy":"category","extraData":[]},"publishpress_future_workflow_manual_trigger":{"enabledWorkflows":[]},"_links":{"self":[{"href":"https:\/\/futbolhoy.co\/index.php\/wp-json\/wp\/v2\/posts\/81693","targetHints":{"allow":["GET"]}}],"collection":[{"href":"https:\/\/futbolhoy.co\/index.php\/wp-json\/wp\/v2\/posts"}],"about":[{"href":"https:\/\/futbolhoy.co\/index.php\/wp-json\/wp\/v2\/types\/post"}],"author":[{"embeddable":true,"href":"https:\/\/futbolhoy.co\/index.php\/wp-json\/wp\/v2\/users\/5"}],"replies":[{"embeddable":true,"href":"https:\/\/futbolhoy.co\/index.php\/wp-json\/wp\/v2\/comments?post=81693"}],"version-history":[{"count":1,"href":"https:\/\/futbolhoy.co\/index.php\/wp-json\/wp\/v2\/posts\/81693\/revisions"}],"predecessor-version":[{"id":81695,"href":"https:\/\/futbolhoy.co\/index.php\/wp-json\/wp\/v2\/posts\/81693\/revisions\/81695"}],"wp:featuredmedia":[{"embeddable":true,"href":"https:\/\/futbolhoy.co\/index.php\/wp-json\/wp\/v2\/media\/72067"}],"wp:attachment":[{"href":"https:\/\/futbolhoy.co\/index.php\/wp-json\/wp\/v2\/media?parent=81693"}],"wp:term":[{"taxonomy":"category","embeddable":true,"href":"https:\/\/futbolhoy.co\/index.php\/wp-json\/wp\/v2\/categories?post=81693"},{"taxonomy":"post_tag","embeddable":true,"href":"https:\/\/futbolhoy.co\/index.php\/wp-json\/wp\/v2\/tags?post=81693"}],"curies":[{"name":"wp","href":"https:\/\/api.w.org\/{rel}","templated":true}]}}