{"id":81724,"date":"2022-06-24T14:46:14","date_gmt":"2022-06-24T19:46:14","guid":{"rendered":"https:\/\/futbolhoy.co\/?p=81724"},"modified":"2022-06-25T10:16:27","modified_gmt":"2022-06-25T15:16:27","slug":"lorenzo-no-tiene-el-estatus-para-dirigir-a-colombia-pinto","status":"publish","type":"post","link":"https:\/\/futbolhoy.co\/index.php\/2022\/06\/24\/lorenzo-no-tiene-el-estatus-para-dirigir-a-colombia-pinto\/","title":{"rendered":"Lorenzo no tiene el estatus para dirigir a Colombia: Pinto"},"content":{"rendered":"<div dir=\"ltr\">\n<div>\n<div dir=\"ltr\">\n<div>\n<audio class=\"wp-audio-shortcode\" id=\"audio-81724-1\" preload=\"none\" style=\"width: 100%;\" controls=\"controls\"><source type=\"audio\/mpeg\" src=\"https:\/\/futbolhoy.co\/wp-content\/uploads\/2022\/06\/FH-PINTO2022-06-24.mp3?_=1\" \/><a href=\"https:\/\/futbolhoy.co\/wp-content\/uploads\/2022\/06\/FH-PINTO2022-06-24.mp3\">https:\/\/futbolhoy.co\/wp-content\/uploads\/2022\/06\/FH-PINTO2022-06-24.mp3<\/a><\/audio>\n<p><span style=\"font-size: 10pt; font-family: helvetica, arial, sans-serif;\"><strong><em>Jorge Luis Pinto &#8211; Cortes\u00eda Caracol Radio<\/em><\/strong><\/span><\/p>\n<p style=\"text-align: justify;\"><span style=\"font-family: helvetica, arial, sans-serif;\">El exseleccionador de <strong>Colombia, Jorge Luis Pinto<\/strong>, critic\u00f3 la designaci\u00f3n del argentino <strong>N\u00e9stor Lorenzo<\/strong> como nuevo t\u00e9cnico de Colombia y dijo que no tiene el nivel para ese cargo.<\/span><\/p>\n<\/div>\n<\/div>\n<\/div>\n<\/div>\n<div dir=\"ltr\" style=\"text-align: justify;\">\n<div>\n<div dir=\"ltr\">\n<div>\n<p><span style=\"font-family: helvetica, arial, sans-serif;\">\u201cEl se\u00f1or Lorenzo no tiene el estatus para ser el t\u00e9cnico del equipo nacional, no tiene la experiencia debida, no tiene las vivencias de vida. Una cosa es ser asistente y dirigir un equipo chico; hay hombres como (Alberto) Gamero, el mismo (Hern\u00e1n) Torres, como Alexis Garc\u00eda (\u2026) Los asistentes del profesor (Jos\u00e9) P\u00e9kerman, uno estuvo en el C\u00facuta y fue una verg\u00fcenza, el otro estuvo en Santa Fe y fue otra verg\u00fcenza\u201d, sostuvo Pinto en Caracol Radio.<\/span><\/p>\n<p><span style=\"font-family: helvetica, arial, sans-serif;\">Sobre la nacionalidad del seleccionador, agreg\u00f3 que \u201csi no era colombiano, un extranjero o el que sea no nos podemos limitar. Si no est\u00e1n los t\u00e9cnicos colombianos con capacidad, que traigan el extranjero, pero que tenga estatus para dirigir la selecci\u00f3n <strong>Colombia\u201d.<\/strong><\/span><\/p>\n<\/div>\n<\/div>\n<\/div>\n<\/div>\n<div dir=\"ltr\">\n<div>\n<div dir=\"ltr\">\n<div>\n<p style=\"text-align: justify;\"><span style=\"font-family: helvetica, arial, sans-serif;\">Pinto, de 69 a\u00f1os, dirigi\u00f3 la selecci\u00f3n Colombia entre 2007 y 2008; adem\u00e1s estuvo al frente de los combinados de Honduras, Costa Rica y Emiratos \u00c1rabes.<\/span><\/p>\n<\/div>\n<\/div>\n<\/div>\n<\/div>\n","protected":false},"excerpt":{"rendered":"<p>Jorge Luis Pinto &#8211; Cortes\u00eda Caracol Radio El exseleccionador de Colombia, Jorge Luis Pinto, critic\u00f3 la designaci\u00f3n del argentino N\u00e9stor Lorenzo como nuevo t\u00e9cnico de Colombia y dijo que no tiene el nivel para ese cargo. \u201cEl se\u00f1or Lorenzo no tiene el estatus para ser el t\u00e9cnico del equipo nacional, no tiene la experiencia debida, [&hellip;]<\/p>\n","protected":false},"author":5,"featured_media":81726,"comment_status":"open","ping_status":"closed","sticky":false,"template":"","format":"video","meta":{"_acf_changed":false,"footnotes":""},"categories":[418],"tags":[],"class_list":["post-81724","post","type-post","status-publish","format-video","has-post-thumbnail","category-colombia","post_format-post-format-video"],"acf":[],"yoast_head":"<!-- This site is optimized with the Yoast SEO plugin v28.4 - https:\/\/yoast.com\/product\/yoast-seo-wordpress\/ -->\n<title>Lorenzo no tiene el estatus para dirigir a Colombia: Pinto -<\/title>\n<meta name=\"robots\" content=\"index, follow, max-snippet:-1, max-image-preview:large, max-video-preview:-1\" \/>\n<link rel=\"canonical\" href=\"https:\/\/futbolhoy.co\/index.php\/2022\/06\/24\/lorenzo-no-tiene-el-estatus-para-dirigir-a-colombia-pinto\/\" \/>\n<meta property=\"og:locale\" content=\"es_ES\" \/>\n<meta property=\"og:type\" content=\"article\" \/>\n<meta property=\"og:title\" content=\"Lorenzo no tiene el estatus para dirigir a Colombia: Pinto -\" \/>\n<meta property=\"og:description\" content=\"Jorge Luis Pinto &#8211; Cortes\u00eda Caracol Radio El exseleccionador de Colombia, Jorge Luis Pinto, critic\u00f3 la designaci\u00f3n del argentino N\u00e9stor Lorenzo como nuevo t\u00e9cnico de Colombia y dijo que no tiene el nivel para ese cargo. \u201cEl se\u00f1or Lorenzo no tiene el estatus para ser el t\u00e9cnico del equipo nacional, no tiene la experiencia debida, [&hellip;]\" \/>\n<meta property=\"og:url\" content=\"https:\/\/futbolhoy.co\/index.php\/2022\/06\/24\/lorenzo-no-tiene-el-estatus-para-dirigir-a-colombia-pinto\/\" \/>\n<meta property=\"article:publisher\" content=\"https:\/\/www.facebook.com\/FutbolHoyCol\/\" \/>\n<meta property=\"article:published_time\" content=\"2022-06-24T19:46:14+00:00\" \/>\n<meta property=\"article:modified_time\" content=\"2022-06-25T15:16:27+00:00\" \/>\n<meta property=\"og:image\" content=\"https:\/\/futbolhoy.co\/wp-content\/uploads\/2022\/06\/EOMHVZTW4AAfw16.jpg\" \/>\n\t<meta property=\"og:image:width\" content=\"680\" \/>\n\t<meta property=\"og:image:height\" content=\"383\" \/>\n\t<meta property=\"og:image:type\" content=\"image\/jpeg\" \/>\n<meta name=\"author\" content=\"Laura Hern\u00e1ndez\" \/>\n<meta name=\"twitter:card\" content=\"summary_large_image\" \/>\n<meta name=\"twitter:creator\" content=\"@FutbolHoyCol\" \/>\n<meta name=\"twitter:site\" content=\"@FutbolHoyCol\" \/>\n<meta name=\"twitter:label1\" content=\"Escrito por\" \/>\n\t<meta name=\"twitter:data1\" content=\"Laura Hern\u00e1ndez\" \/>\n\t<meta name=\"twitter:label2\" content=\"Tiempo de lectura\" \/>\n\t<meta name=\"twitter:data2\" content=\"1 minuto\" \/>\n<script type=\"application\/ld+json\" class=\"yoast-schema-graph\">{\"@context\":\"https:\\\/\\\/schema.org\",\"@graph\":[{\"@type\":\"Article\",\"@id\":\"https:\\\/\\\/futbolhoy.co\\\/index.php\\\/2022\\\/06\\\/24\\\/lorenzo-no-tiene-el-estatus-para-dirigir-a-colombia-pinto\\\/#article\",\"isPartOf\":{\"@id\":\"https:\\\/\\\/futbolhoy.co\\\/index.php\\\/2022\\\/06\\\/24\\\/lorenzo-no-tiene-el-estatus-para-dirigir-a-colombia-pinto\\\/\"},\"author\":{\"name\":\"Laura Hern\u00e1ndez\",\"@id\":\"https:\\\/\\\/futbolhoy.co\\\/#\\\/schema\\\/person\\\/c4a353a512b127643723a34bb1812f7d\"},\"headline\":\"Lorenzo no tiene el estatus para dirigir a Colombia: Pinto\",\"datePublished\":\"2022-06-24T19:46:14+00:00\",\"dateModified\":\"2022-06-25T15:16:27+00:00\",\"mainEntityOfPage\":{\"@id\":\"https:\\\/\\\/futbolhoy.co\\\/index.php\\\/2022\\\/06\\\/24\\\/lorenzo-no-tiene-el-estatus-para-dirigir-a-colombia-pinto\\\/\"},\"wordCount\":218,\"commentCount\":0,\"image\":{\"@id\":\"https:\\\/\\\/futbolhoy.co\\\/index.php\\\/2022\\\/06\\\/24\\\/lorenzo-no-tiene-el-estatus-para-dirigir-a-colombia-pinto\\\/#primaryimage\"},\"thumbnailUrl\":\"https:\\\/\\\/futbolhoy.co\\\/wp-content\\\/uploads\\\/2022\\\/06\\\/EOMHVZTW4AAfw16.jpg\",\"articleSection\":[\"Colombia\"],\"inLanguage\":\"es\",\"potentialAction\":[{\"@type\":\"CommentAction\",\"name\":\"Comment\",\"target\":[\"https:\\\/\\\/futbolhoy.co\\\/index.php\\\/2022\\\/06\\\/24\\\/lorenzo-no-tiene-el-estatus-para-dirigir-a-colombia-pinto\\\/#respond\"]}]},{\"@type\":\"WebPage\",\"@id\":\"https:\\\/\\\/futbolhoy.co\\\/index.php\\\/2022\\\/06\\\/24\\\/lorenzo-no-tiene-el-estatus-para-dirigir-a-colombia-pinto\\\/\",\"url\":\"https:\\\/\\\/futbolhoy.co\\\/index.php\\\/2022\\\/06\\\/24\\\/lorenzo-no-tiene-el-estatus-para-dirigir-a-colombia-pinto\\\/\",\"name\":\"Lorenzo no tiene el estatus para dirigir a Colombia: Pinto -\",\"isPartOf\":{\"@id\":\"https:\\\/\\\/futbolhoy.co\\\/#website\"},\"primaryImageOfPage\":{\"@id\":\"https:\\\/\\\/futbolhoy.co\\\/index.php\\\/2022\\\/06\\\/24\\\/lorenzo-no-tiene-el-estatus-para-dirigir-a-colombia-pinto\\\/#primaryimage\"},\"image\":{\"@id\":\"https:\\\/\\\/futbolhoy.co\\\/index.php\\\/2022\\\/06\\\/24\\\/lorenzo-no-tiene-el-estatus-para-dirigir-a-colombia-pinto\\\/#primaryimage\"},\"thumbnailUrl\":\"https:\\\/\\\/futbolhoy.co\\\/wp-content\\\/uploads\\\/2022\\\/06\\\/EOMHVZTW4AAfw16.jpg\",\"datePublished\":\"2022-06-24T19:46:14+00:00\",\"dateModified\":\"2022-06-25T15:16:27+00:00\",\"author\":{\"@id\":\"https:\\\/\\\/futbolhoy.co\\\/#\\\/schema\\\/person\\\/c4a353a512b127643723a34bb1812f7d\"},\"breadcrumb\":{\"@id\":\"https:\\\/\\\/futbolhoy.co\\\/index.php\\\/2022\\\/06\\\/24\\\/lorenzo-no-tiene-el-estatus-para-dirigir-a-colombia-pinto\\\/#breadcrumb\"},\"inLanguage\":\"es\",\"potentialAction\":[{\"@type\":\"ReadAction\",\"target\":[\"https:\\\/\\\/futbolhoy.co\\\/index.php\\\/2022\\\/06\\\/24\\\/lorenzo-no-tiene-el-estatus-para-dirigir-a-colombia-pinto\\\/\"]}]},{\"@type\":\"ImageObject\",\"inLanguage\":\"es\",\"@id\":\"https:\\\/\\\/futbolhoy.co\\\/index.php\\\/2022\\\/06\\\/24\\\/lorenzo-no-tiene-el-estatus-para-dirigir-a-colombia-pinto\\\/#primaryimage\",\"url\":\"https:\\\/\\\/futbolhoy.co\\\/wp-content\\\/uploads\\\/2022\\\/06\\\/EOMHVZTW4AAfw16.jpg\",\"contentUrl\":\"https:\\\/\\\/futbolhoy.co\\\/wp-content\\\/uploads\\\/2022\\\/06\\\/EOMHVZTW4AAfw16.jpg\",\"width\":680,\"height\":383},{\"@type\":\"BreadcrumbList\",\"@id\":\"https:\\\/\\\/futbolhoy.co\\\/index.php\\\/2022\\\/06\\\/24\\\/lorenzo-no-tiene-el-estatus-para-dirigir-a-colombia-pinto\\\/#breadcrumb\",\"itemListElement\":[{\"@type\":\"ListItem\",\"position\":1,\"name\":\"Portada\",\"item\":\"https:\\\/\\\/futbolhoy.co\\\/\"},{\"@type\":\"ListItem\",\"position\":2,\"name\":\"Lorenzo no tiene el estatus para dirigir a Colombia: Pinto\"}]},{\"@type\":\"WebSite\",\"@id\":\"https:\\\/\\\/futbolhoy.co\\\/#website\",\"url\":\"https:\\\/\\\/futbolhoy.co\\\/\",\"name\":\"FutbolHoy\",\"description\":\"\",\"potentialAction\":[{\"@type\":\"SearchAction\",\"target\":{\"@type\":\"EntryPoint\",\"urlTemplate\":\"https:\\\/\\\/futbolhoy.co\\\/?s={search_term_string}\"},\"query-input\":{\"@type\":\"PropertyValueSpecification\",\"valueRequired\":true,\"valueName\":\"search_term_string\"}}],\"inLanguage\":\"es\"},{\"@type\":\"Person\",\"@id\":\"https:\\\/\\\/futbolhoy.co\\\/#\\\/schema\\\/person\\\/c4a353a512b127643723a34bb1812f7d\",\"name\":\"Laura Hern\u00e1ndez\",\"image\":{\"@type\":\"ImageObject\",\"inLanguage\":\"es\",\"@id\":\"https:\\\/\\\/secure.gravatar.com\\\/avatar\\\/1ae6b7966942c60c822ea71afe0e5cf4105b8e983193883c6d026db4d508431d?s=96&d=mm&r=g\",\"url\":\"https:\\\/\\\/secure.gravatar.com\\\/avatar\\\/1ae6b7966942c60c822ea71afe0e5cf4105b8e983193883c6d026db4d508431d?s=96&d=mm&r=g\",\"contentUrl\":\"https:\\\/\\\/secure.gravatar.com\\\/avatar\\\/1ae6b7966942c60c822ea71afe0e5cf4105b8e983193883c6d026db4d508431d?s=96&d=mm&r=g\",\"caption\":\"Laura Hern\u00e1ndez\"}}]}<\/script>\n<!-- \/ Yoast SEO plugin. -->","yoast_head_json":{"title":"Lorenzo no tiene el estatus para dirigir a Colombia: Pinto -","robots":{"index":"index","follow":"follow","max-snippet":"max-snippet:-1","max-image-preview":"max-image-preview:large","max-video-preview":"max-video-preview:-1"},"canonical":"https:\/\/futbolhoy.co\/index.php\/2022\/06\/24\/lorenzo-no-tiene-el-estatus-para-dirigir-a-colombia-pinto\/","og_locale":"es_ES","og_type":"article","og_title":"Lorenzo no tiene el estatus para dirigir a Colombia: Pinto -","og_description":"Jorge Luis Pinto &#8211; Cortes\u00eda Caracol Radio El exseleccionador de Colombia, Jorge Luis Pinto, critic\u00f3 la designaci\u00f3n del argentino N\u00e9stor Lorenzo como nuevo t\u00e9cnico de Colombia y dijo que no tiene el nivel para ese cargo. \u201cEl se\u00f1or Lorenzo no tiene el estatus para ser el t\u00e9cnico del equipo nacional, no tiene la experiencia debida, [&hellip;]","og_url":"https:\/\/futbolhoy.co\/index.php\/2022\/06\/24\/lorenzo-no-tiene-el-estatus-para-dirigir-a-colombia-pinto\/","article_publisher":"https:\/\/www.facebook.com\/FutbolHoyCol\/","article_published_time":"2022-06-24T19:46:14+00:00","article_modified_time":"2022-06-25T15:16:27+00:00","og_image":[{"width":680,"height":383,"url":"https:\/\/futbolhoy.co\/wp-content\/uploads\/2022\/06\/EOMHVZTW4AAfw16.jpg","type":"image\/jpeg"}],"author":"Laura Hern\u00e1ndez","twitter_card":"summary_large_image","twitter_creator":"@FutbolHoyCol","twitter_site":"@FutbolHoyCol","twitter_misc":{"Escrito por":"Laura Hern\u00e1ndez","Tiempo de lectura":"1 minuto"},"schema":{"@context":"https:\/\/schema.org","@graph":[{"@type":"Article","@id":"https:\/\/futbolhoy.co\/index.php\/2022\/06\/24\/lorenzo-no-tiene-el-estatus-para-dirigir-a-colombia-pinto\/#article","isPartOf":{"@id":"https:\/\/futbolhoy.co\/index.php\/2022\/06\/24\/lorenzo-no-tiene-el-estatus-para-dirigir-a-colombia-pinto\/"},"author":{"name":"Laura Hern\u00e1ndez","@id":"https:\/\/futbolhoy.co\/#\/schema\/person\/c4a353a512b127643723a34bb1812f7d"},"headline":"Lorenzo no tiene el estatus para dirigir a Colombia: Pinto","datePublished":"2022-06-24T19:46:14+00:00","dateModified":"2022-06-25T15:16:27+00:00","mainEntityOfPage":{"@id":"https:\/\/futbolhoy.co\/index.php\/2022\/06\/24\/lorenzo-no-tiene-el-estatus-para-dirigir-a-colombia-pinto\/"},"wordCount":218,"commentCount":0,"image":{"@id":"https:\/\/futbolhoy.co\/index.php\/2022\/06\/24\/lorenzo-no-tiene-el-estatus-para-dirigir-a-colombia-pinto\/#primaryimage"},"thumbnailUrl":"https:\/\/futbolhoy.co\/wp-content\/uploads\/2022\/06\/EOMHVZTW4AAfw16.jpg","articleSection":["Colombia"],"inLanguage":"es","potentialAction":[{"@type":"CommentAction","name":"Comment","target":["https:\/\/futbolhoy.co\/index.php\/2022\/06\/24\/lorenzo-no-tiene-el-estatus-para-dirigir-a-colombia-pinto\/#respond"]}]},{"@type":"WebPage","@id":"https:\/\/futbolhoy.co\/index.php\/2022\/06\/24\/lorenzo-no-tiene-el-estatus-para-dirigir-a-colombia-pinto\/","url":"https:\/\/futbolhoy.co\/index.php\/2022\/06\/24\/lorenzo-no-tiene-el-estatus-para-dirigir-a-colombia-pinto\/","name":"Lorenzo no tiene el estatus para dirigir a Colombia: Pinto -","isPartOf":{"@id":"https:\/\/futbolhoy.co\/#website"},"primaryImageOfPage":{"@id":"https:\/\/futbolhoy.co\/index.php\/2022\/06\/24\/lorenzo-no-tiene-el-estatus-para-dirigir-a-colombia-pinto\/#primaryimage"},"image":{"@id":"https:\/\/futbolhoy.co\/index.php\/2022\/06\/24\/lorenzo-no-tiene-el-estatus-para-dirigir-a-colombia-pinto\/#primaryimage"},"thumbnailUrl":"https:\/\/futbolhoy.co\/wp-content\/uploads\/2022\/06\/EOMHVZTW4AAfw16.jpg","datePublished":"2022-06-24T19:46:14+00:00","dateModified":"2022-06-25T15:16:27+00:00","author":{"@id":"https:\/\/futbolhoy.co\/#\/schema\/person\/c4a353a512b127643723a34bb1812f7d"},"breadcrumb":{"@id":"https:\/\/futbolhoy.co\/index.php\/2022\/06\/24\/lorenzo-no-tiene-el-estatus-para-dirigir-a-colombia-pinto\/#breadcrumb"},"inLanguage":"es","potentialAction":[{"@type":"ReadAction","target":["https:\/\/futbolhoy.co\/index.php\/2022\/06\/24\/lorenzo-no-tiene-el-estatus-para-dirigir-a-colombia-pinto\/"]}]},{"@type":"ImageObject","inLanguage":"es","@id":"https:\/\/futbolhoy.co\/index.php\/2022\/06\/24\/lorenzo-no-tiene-el-estatus-para-dirigir-a-colombia-pinto\/#primaryimage","url":"https:\/\/futbolhoy.co\/wp-content\/uploads\/2022\/06\/EOMHVZTW4AAfw16.jpg","contentUrl":"https:\/\/futbolhoy.co\/wp-content\/uploads\/2022\/06\/EOMHVZTW4AAfw16.jpg","width":680,"height":383},{"@type":"BreadcrumbList","@id":"https:\/\/futbolhoy.co\/index.php\/2022\/06\/24\/lorenzo-no-tiene-el-estatus-para-dirigir-a-colombia-pinto\/#breadcrumb","itemListElement":[{"@type":"ListItem","position":1,"name":"Portada","item":"https:\/\/futbolhoy.co\/"},{"@type":"ListItem","position":2,"name":"Lorenzo no tiene el estatus para dirigir a Colombia: Pinto"}]},{"@type":"WebSite","@id":"https:\/\/futbolhoy.co\/#website","url":"https:\/\/futbolhoy.co\/","name":"FutbolHoy","description":"","potentialAction":[{"@type":"SearchAction","target":{"@type":"EntryPoint","urlTemplate":"https:\/\/futbolhoy.co\/?s={search_term_string}"},"query-input":{"@type":"PropertyValueSpecification","valueRequired":true,"valueName":"search_term_string"}}],"inLanguage":"es"},{"@type":"Person","@id":"https:\/\/futbolhoy.co\/#\/schema\/person\/c4a353a512b127643723a34bb1812f7d","name":"Laura Hern\u00e1ndez","image":{"@type":"ImageObject","inLanguage":"es","@id":"https:\/\/secure.gravatar.com\/avatar\/1ae6b7966942c60c822ea71afe0e5cf4105b8e983193883c6d026db4d508431d?s=96&d=mm&r=g","url":"https:\/\/secure.gravatar.com\/avatar\/1ae6b7966942c60c822ea71afe0e5cf4105b8e983193883c6d026db4d508431d?s=96&d=mm&r=g","contentUrl":"https:\/\/secure.gravatar.com\/avatar\/1ae6b7966942c60c822ea71afe0e5cf4105b8e983193883c6d026db4d508431d?s=96&d=mm&r=g","caption":"Laura Hern\u00e1ndez"}}]}},"_links":{"self":[{"href":"https:\/\/futbolhoy.co\/index.php\/wp-json\/wp\/v2\/posts\/81724","targetHints":{"allow":["GET"]}}],"collection":[{"href":"https:\/\/futbolhoy.co\/index.php\/wp-json\/wp\/v2\/posts"}],"about":[{"href":"https:\/\/futbolhoy.co\/index.php\/wp-json\/wp\/v2\/types\/post"}],"author":[{"embeddable":true,"href":"https:\/\/futbolhoy.co\/index.php\/wp-json\/wp\/v2\/users\/5"}],"replies":[{"embeddable":true,"href":"https:\/\/futbolhoy.co\/index.php\/wp-json\/wp\/v2\/comments?post=81724"}],"version-history":[{"count":1,"href":"https:\/\/futbolhoy.co\/index.php\/wp-json\/wp\/v2\/posts\/81724\/revisions"}],"predecessor-version":[{"id":81727,"href":"https:\/\/futbolhoy.co\/index.php\/wp-json\/wp\/v2\/posts\/81724\/revisions\/81727"}],"wp:featuredmedia":[{"embeddable":true,"href":"https:\/\/futbolhoy.co\/index.php\/wp-json\/wp\/v2\/media\/81726"}],"wp:attachment":[{"href":"https:\/\/futbolhoy.co\/index.php\/wp-json\/wp\/v2\/media?parent=81724"}],"wp:term":[{"taxonomy":"category","embeddable":true,"href":"https:\/\/futbolhoy.co\/index.php\/wp-json\/wp\/v2\/categories?post=81724"},{"taxonomy":"post_tag","embeddable":true,"href":"https:\/\/futbolhoy.co\/index.php\/wp-json\/wp\/v2\/tags?post=81724"}],"curies":[{"name":"wp","href":"https:\/\/api.w.org\/{rel}","templated":true}]}}