{"id":81842,"date":"2022-06-27T09:20:39","date_gmt":"2022-06-27T14:20:39","guid":{"rendered":"https:\/\/futbolhoy.co\/?p=81842"},"modified":"2022-06-27T18:29:58","modified_gmt":"2022-06-27T23:29:58","slug":"camilo-vargas-balon-de-oro-en-mexico","status":"publish","type":"post","link":"https:\/\/futbolhoy.co\/index.php\/2022\/06\/27\/camilo-vargas-balon-de-oro-en-mexico\/","title":{"rendered":"Camilo Vargas, Bal\u00f3n de Oro en M\u00e9xico"},"content":{"rendered":"<!--[if lt IE 9]><script>document.createElement('audio');<\/script><![endif]-->\n<audio class=\"wp-audio-shortcode\" id=\"audio-81842-1\" preload=\"none\" style=\"width: 100%;\" controls=\"controls\"><source type=\"audio\/mpeg\" src=\"https:\/\/futbolhoy.co\/wp-content\/uploads\/2022\/06\/ACERO-VARGAS2022-06-27.mp3?_=1\" \/><a href=\"https:\/\/futbolhoy.co\/wp-content\/uploads\/2022\/06\/ACERO-VARGAS2022-06-27.mp3\">https:\/\/futbolhoy.co\/wp-content\/uploads\/2022\/06\/ACERO-VARGAS2022-06-27.mp3<\/a><\/audio>\n<p>(Camilo Vargas, portero colombiano del Atlas)<\/p>\n<p style=\"text-align: justify;\"><span style=\"font-family: helvetica, arial, sans-serif;\">El portero bogotano del<strong> Atlas, Camilo Vargas,<\/strong> recibi\u00f3 el <strong>Bal\u00f3n de Oro al Mejor Jugador d<\/strong>urante la temporada 2021-2022, en una ceremonia organizada por<strong> la Liga MX en Los \u00c1ngeles, California<\/strong>.<\/span><\/p>\n<p style=\"text-align: justify;\"><span style=\"font-family: helvetica, arial, sans-serif;\">\"Ser reconocido como el mejor jugador en M\u00e9xico, estando lejos de mi pa\u00eds, es un orgullo\", sostuvo el colombiano al recibir el galard\u00f3n.<\/span><\/p>\n<p style=\"text-align: justify;\"><span style=\"font-family: helvetica, arial, sans-serif;\">Vargas, titular del Atlas que se consagr\u00f3 campe\u00f3n en los torneos <strong>Apertura-2021 y Clausura-2022,<\/strong> tambi\u00e9n se llev\u00f3 el Bal\u00f3n de Oro al <strong>Mejor Portero.<\/strong><\/span><\/p>\n<p style=\"text-align: justify;\"><span style=\"font-family: helvetica, arial, sans-serif;\">Su equipo tambi\u00e9n alcanz\u00f3 otras cuatro distinciones.<strong> Mejor defensa central: Hugo Nervo (ARG); volante de marca: Aldo Rocha; volante ofensivo: Juli\u00e1n Qui\u00f1ones (COL), y director t\u00e9cnico: Diego Cocca (ARG).<\/strong><\/span><\/p>\n<p style=\"text-align: justify;\"><span style=\"font-family: helvetica, arial, sans-serif;\">Otros premiados fueron <strong>Kevin \u00c1lvarez (Pachuca), Andr\u00e9-Pierre Gignac (FRA-PUMAS), Jordan Carrillo (Santos) y Juan Escobar (PAR-Cruz Azul).<\/strong><\/span><\/p>\n","protected":false},"excerpt":{"rendered":"<p>(Camilo Vargas, portero colombiano del Atlas) El portero bogotano del Atlas, Camilo Vargas, recibi\u00f3 el Bal\u00f3n de Oro al Mejor Jugador durante la temporada 2021-2022, en una ceremonia organizada por la Liga MX en Los \u00c1ngeles, California. \"Ser reconocido como el mejor jugador en M\u00e9xico, estando lejos de mi pa\u00eds, es un orgullo\", sostuvo el [&hellip;]<\/p>\n","protected":false},"author":5,"featured_media":81844,"comment_status":"open","ping_status":"open","sticky":false,"template":"","format":"video","meta":{"_acf_changed":false,"footnotes":""},"categories":[418],"tags":[422,1097],"class_list":{"0":"post-81842","1":"post","2":"type-post","3":"status-publish","4":"format-video","5":"has-post-thumbnail","7":"category-colombia","8":"tag-balon-de-oro","9":"tag-camilo-vargas","10":"post_format-post-format-video"},"acf":[],"yoast_head":"<!-- This site is optimized with the Yoast SEO plugin v26.8 - https:\/\/yoast.com\/product\/yoast-seo-wordpress\/ -->\n<title>Camilo Vargas, Bal\u00f3n de Oro en M\u00e9xico -<\/title>\n<meta name=\"robots\" content=\"index, follow, max-snippet:-1, max-image-preview:large, max-video-preview:-1\" \/>\n<link rel=\"canonical\" href=\"https:\/\/futbolhoy.co\/index.php\/2022\/06\/27\/camilo-vargas-balon-de-oro-en-mexico\/\" \/>\n<meta property=\"og:locale\" content=\"es_ES\" \/>\n<meta property=\"og:type\" content=\"article\" \/>\n<meta property=\"og:title\" content=\"Camilo Vargas, Bal\u00f3n de Oro en M\u00e9xico -\" \/>\n<meta property=\"og:description\" content=\"(Camilo Vargas, portero colombiano del Atlas) El portero bogotano del Atlas, Camilo Vargas, recibi\u00f3 el Bal\u00f3n de Oro al Mejor Jugador durante la temporada 2021-2022, en una ceremonia organizada por la Liga MX en Los \u00c1ngeles, California. &quot;Ser reconocido como el mejor jugador en M\u00e9xico, estando lejos de mi pa\u00eds, es un orgullo&quot;, sostuvo el [&hellip;]\" \/>\n<meta property=\"og:url\" content=\"https:\/\/futbolhoy.co\/index.php\/2022\/06\/27\/camilo-vargas-balon-de-oro-en-mexico\/\" \/>\n<meta property=\"article:publisher\" content=\"https:\/\/www.facebook.com\/FutbolHoyCol\/\" \/>\n<meta property=\"article:published_time\" content=\"2022-06-27T14:20:39+00:00\" \/>\n<meta property=\"article:modified_time\" content=\"2022-06-27T23:29:58+00:00\" \/>\n<meta property=\"og:image\" content=\"https:\/\/futbolhoy.co\/wp-content\/uploads\/2022\/06\/FWPEl5ZXEAIOhmf.jpg\" \/>\n\t<meta property=\"og:image:width\" content=\"2048\" \/>\n\t<meta property=\"og:image:height\" content=\"1358\" \/>\n\t<meta property=\"og:image:type\" content=\"image\/jpeg\" \/>\n<meta name=\"author\" content=\"Laura Hern\u00e1ndez\" \/>\n<meta name=\"twitter:card\" content=\"summary_large_image\" \/>\n<meta name=\"twitter:creator\" content=\"@FutbolHoyCol\" \/>\n<meta name=\"twitter:site\" content=\"@FutbolHoyCol\" \/>\n<meta name=\"twitter:label1\" content=\"Escrito por\" \/>\n\t<meta name=\"twitter:data1\" content=\"Laura Hern\u00e1ndez\" \/>\n\t<meta name=\"twitter:label2\" content=\"Tiempo de lectura\" \/>\n\t<meta name=\"twitter:data2\" content=\"1 minuto\" \/>\n<script type=\"application\/ld+json\" class=\"yoast-schema-graph\">{\"@context\":\"https:\/\/schema.org\",\"@graph\":[{\"@type\":\"Article\",\"@id\":\"https:\/\/futbolhoy.co\/index.php\/2022\/06\/27\/camilo-vargas-balon-de-oro-en-mexico\/#article\",\"isPartOf\":{\"@id\":\"https:\/\/futbolhoy.co\/index.php\/2022\/06\/27\/camilo-vargas-balon-de-oro-en-mexico\/\"},\"author\":{\"name\":\"Laura Hern\u00e1ndez\",\"@id\":\"https:\/\/futbolhoy.co\/#\/schema\/person\/c4a353a512b127643723a34bb1812f7d\"},\"headline\":\"Camilo Vargas, Bal\u00f3n de Oro en M\u00e9xico\",\"datePublished\":\"2022-06-27T14:20:39+00:00\",\"dateModified\":\"2022-06-27T23:29:58+00:00\",\"mainEntityOfPage\":{\"@id\":\"https:\/\/futbolhoy.co\/index.php\/2022\/06\/27\/camilo-vargas-balon-de-oro-en-mexico\/\"},\"wordCount\":163,\"commentCount\":0,\"publisher\":{\"@id\":\"https:\/\/futbolhoy.co\/#organization\"},\"image\":{\"@id\":\"https:\/\/futbolhoy.co\/index.php\/2022\/06\/27\/camilo-vargas-balon-de-oro-en-mexico\/#primaryimage\"},\"thumbnailUrl\":\"https:\/\/futbolhoy.co\/wp-content\/uploads\/2022\/06\/FWPEl5ZXEAIOhmf.jpg\",\"keywords\":[\"balon de oro\",\"Camilo Vargas\"],\"articleSection\":[\"Colombia\"],\"inLanguage\":\"es\",\"potentialAction\":[{\"@type\":\"CommentAction\",\"name\":\"Comment\",\"target\":[\"https:\/\/futbolhoy.co\/index.php\/2022\/06\/27\/camilo-vargas-balon-de-oro-en-mexico\/#respond\"]}]},{\"@type\":\"WebPage\",\"@id\":\"https:\/\/futbolhoy.co\/index.php\/2022\/06\/27\/camilo-vargas-balon-de-oro-en-mexico\/\",\"url\":\"https:\/\/futbolhoy.co\/index.php\/2022\/06\/27\/camilo-vargas-balon-de-oro-en-mexico\/\",\"name\":\"Camilo Vargas, Bal\u00f3n de Oro en M\u00e9xico -\",\"isPartOf\":{\"@id\":\"https:\/\/futbolhoy.co\/#website\"},\"primaryImageOfPage\":{\"@id\":\"https:\/\/futbolhoy.co\/index.php\/2022\/06\/27\/camilo-vargas-balon-de-oro-en-mexico\/#primaryimage\"},\"image\":{\"@id\":\"https:\/\/futbolhoy.co\/index.php\/2022\/06\/27\/camilo-vargas-balon-de-oro-en-mexico\/#primaryimage\"},\"thumbnailUrl\":\"https:\/\/futbolhoy.co\/wp-content\/uploads\/2022\/06\/FWPEl5ZXEAIOhmf.jpg\",\"datePublished\":\"2022-06-27T14:20:39+00:00\",\"dateModified\":\"2022-06-27T23:29:58+00:00\",\"breadcrumb\":{\"@id\":\"https:\/\/futbolhoy.co\/index.php\/2022\/06\/27\/camilo-vargas-balon-de-oro-en-mexico\/#breadcrumb\"},\"inLanguage\":\"es\",\"potentialAction\":[{\"@type\":\"ReadAction\",\"target\":[\"https:\/\/futbolhoy.co\/index.php\/2022\/06\/27\/camilo-vargas-balon-de-oro-en-mexico\/\"]}]},{\"@type\":\"ImageObject\",\"inLanguage\":\"es\",\"@id\":\"https:\/\/futbolhoy.co\/index.php\/2022\/06\/27\/camilo-vargas-balon-de-oro-en-mexico\/#primaryimage\",\"url\":\"https:\/\/futbolhoy.co\/wp-content\/uploads\/2022\/06\/FWPEl5ZXEAIOhmf.jpg\",\"contentUrl\":\"https:\/\/futbolhoy.co\/wp-content\/uploads\/2022\/06\/FWPEl5ZXEAIOhmf.jpg\",\"width\":2048,\"height\":1358},{\"@type\":\"BreadcrumbList\",\"@id\":\"https:\/\/futbolhoy.co\/index.php\/2022\/06\/27\/camilo-vargas-balon-de-oro-en-mexico\/#breadcrumb\",\"itemListElement\":[{\"@type\":\"ListItem\",\"position\":1,\"name\":\"Portada\",\"item\":\"https:\/\/futbolhoy.co\/\"},{\"@type\":\"ListItem\",\"position\":2,\"name\":\"Camilo Vargas, Bal\u00f3n de Oro en M\u00e9xico\"}]},{\"@type\":\"WebSite\",\"@id\":\"https:\/\/futbolhoy.co\/#website\",\"url\":\"https:\/\/futbolhoy.co\/\",\"name\":\"FutbolHoy\",\"description\":\"\",\"publisher\":{\"@id\":\"https:\/\/futbolhoy.co\/#organization\"},\"potentialAction\":[{\"@type\":\"SearchAction\",\"target\":{\"@type\":\"EntryPoint\",\"urlTemplate\":\"https:\/\/futbolhoy.co\/?s={search_term_string}\"},\"query-input\":{\"@type\":\"PropertyValueSpecification\",\"valueRequired\":true,\"valueName\":\"search_term_string\"}}],\"inLanguage\":\"es\"},{\"@type\":\"Organization\",\"@id\":\"https:\/\/futbolhoy.co\/#organization\",\"name\":\"Futbolhoy.co\",\"url\":\"https:\/\/futbolhoy.co\/\",\"logo\":{\"@type\":\"ImageObject\",\"inLanguage\":\"es\",\"@id\":\"https:\/\/futbolhoy.co\/#\/schema\/logo\/image\/\",\"url\":\"https:\/\/futbolhoy.co\/wp-content\/uploads\/2018\/08\/17426380_1906371736249227_6326180412931521141_n.jpg\",\"contentUrl\":\"https:\/\/futbolhoy.co\/wp-content\/uploads\/2018\/08\/17426380_1906371736249227_6326180412931521141_n.jpg\",\"width\":960,\"height\":960,\"caption\":\"Futbolhoy.co\"},\"image\":{\"@id\":\"https:\/\/futbolhoy.co\/#\/schema\/logo\/image\/\"},\"sameAs\":[\"https:\/\/www.facebook.com\/FutbolHoyCol\/\",\"https:\/\/x.com\/FutbolHoyCol\",\"https:\/\/www.instagram.com\/futbolhoycol\/\"]},{\"@type\":\"Person\",\"@id\":\"https:\/\/futbolhoy.co\/#\/schema\/person\/c4a353a512b127643723a34bb1812f7d\",\"name\":\"Laura Hern\u00e1ndez\",\"image\":{\"@type\":\"ImageObject\",\"inLanguage\":\"es\",\"@id\":\"https:\/\/futbolhoy.co\/#\/schema\/person\/image\/\",\"url\":\"https:\/\/secure.gravatar.com\/avatar\/d25959a15b9b293a743f99181c7cfd01?s=96&d=mm&r=g\",\"contentUrl\":\"https:\/\/secure.gravatar.com\/avatar\/d25959a15b9b293a743f99181c7cfd01?s=96&d=mm&r=g\",\"caption\":\"Laura Hern\u00e1ndez\"}}]}<\/script>\n<!-- \/ Yoast SEO plugin. -->","yoast_head_json":{"title":"Camilo Vargas, Bal\u00f3n de Oro en M\u00e9xico -","robots":{"index":"index","follow":"follow","max-snippet":"max-snippet:-1","max-image-preview":"max-image-preview:large","max-video-preview":"max-video-preview:-1"},"canonical":"https:\/\/futbolhoy.co\/index.php\/2022\/06\/27\/camilo-vargas-balon-de-oro-en-mexico\/","og_locale":"es_ES","og_type":"article","og_title":"Camilo Vargas, Bal\u00f3n de Oro en M\u00e9xico -","og_description":"(Camilo Vargas, portero colombiano del Atlas) El portero bogotano del Atlas, Camilo Vargas, recibi\u00f3 el Bal\u00f3n de Oro al Mejor Jugador durante la temporada 2021-2022, en una ceremonia organizada por la Liga MX en Los \u00c1ngeles, California. \"Ser reconocido como el mejor jugador en M\u00e9xico, estando lejos de mi pa\u00eds, es un orgullo\", sostuvo el [&hellip;]","og_url":"https:\/\/futbolhoy.co\/index.php\/2022\/06\/27\/camilo-vargas-balon-de-oro-en-mexico\/","article_publisher":"https:\/\/www.facebook.com\/FutbolHoyCol\/","article_published_time":"2022-06-27T14:20:39+00:00","article_modified_time":"2022-06-27T23:29:58+00:00","og_image":[{"width":2048,"height":1358,"url":"https:\/\/futbolhoy.co\/wp-content\/uploads\/2022\/06\/FWPEl5ZXEAIOhmf.jpg","type":"image\/jpeg"}],"author":"Laura Hern\u00e1ndez","twitter_card":"summary_large_image","twitter_creator":"@FutbolHoyCol","twitter_site":"@FutbolHoyCol","twitter_misc":{"Escrito por":"Laura Hern\u00e1ndez","Tiempo de lectura":"1 minuto"},"schema":{"@context":"https:\/\/schema.org","@graph":[{"@type":"Article","@id":"https:\/\/futbolhoy.co\/index.php\/2022\/06\/27\/camilo-vargas-balon-de-oro-en-mexico\/#article","isPartOf":{"@id":"https:\/\/futbolhoy.co\/index.php\/2022\/06\/27\/camilo-vargas-balon-de-oro-en-mexico\/"},"author":{"name":"Laura Hern\u00e1ndez","@id":"https:\/\/futbolhoy.co\/#\/schema\/person\/c4a353a512b127643723a34bb1812f7d"},"headline":"Camilo Vargas, Bal\u00f3n de Oro en M\u00e9xico","datePublished":"2022-06-27T14:20:39+00:00","dateModified":"2022-06-27T23:29:58+00:00","mainEntityOfPage":{"@id":"https:\/\/futbolhoy.co\/index.php\/2022\/06\/27\/camilo-vargas-balon-de-oro-en-mexico\/"},"wordCount":163,"commentCount":0,"publisher":{"@id":"https:\/\/futbolhoy.co\/#organization"},"image":{"@id":"https:\/\/futbolhoy.co\/index.php\/2022\/06\/27\/camilo-vargas-balon-de-oro-en-mexico\/#primaryimage"},"thumbnailUrl":"https:\/\/futbolhoy.co\/wp-content\/uploads\/2022\/06\/FWPEl5ZXEAIOhmf.jpg","keywords":["balon de oro","Camilo Vargas"],"articleSection":["Colombia"],"inLanguage":"es","potentialAction":[{"@type":"CommentAction","name":"Comment","target":["https:\/\/futbolhoy.co\/index.php\/2022\/06\/27\/camilo-vargas-balon-de-oro-en-mexico\/#respond"]}]},{"@type":"WebPage","@id":"https:\/\/futbolhoy.co\/index.php\/2022\/06\/27\/camilo-vargas-balon-de-oro-en-mexico\/","url":"https:\/\/futbolhoy.co\/index.php\/2022\/06\/27\/camilo-vargas-balon-de-oro-en-mexico\/","name":"Camilo Vargas, Bal\u00f3n de Oro en M\u00e9xico -","isPartOf":{"@id":"https:\/\/futbolhoy.co\/#website"},"primaryImageOfPage":{"@id":"https:\/\/futbolhoy.co\/index.php\/2022\/06\/27\/camilo-vargas-balon-de-oro-en-mexico\/#primaryimage"},"image":{"@id":"https:\/\/futbolhoy.co\/index.php\/2022\/06\/27\/camilo-vargas-balon-de-oro-en-mexico\/#primaryimage"},"thumbnailUrl":"https:\/\/futbolhoy.co\/wp-content\/uploads\/2022\/06\/FWPEl5ZXEAIOhmf.jpg","datePublished":"2022-06-27T14:20:39+00:00","dateModified":"2022-06-27T23:29:58+00:00","breadcrumb":{"@id":"https:\/\/futbolhoy.co\/index.php\/2022\/06\/27\/camilo-vargas-balon-de-oro-en-mexico\/#breadcrumb"},"inLanguage":"es","potentialAction":[{"@type":"ReadAction","target":["https:\/\/futbolhoy.co\/index.php\/2022\/06\/27\/camilo-vargas-balon-de-oro-en-mexico\/"]}]},{"@type":"ImageObject","inLanguage":"es","@id":"https:\/\/futbolhoy.co\/index.php\/2022\/06\/27\/camilo-vargas-balon-de-oro-en-mexico\/#primaryimage","url":"https:\/\/futbolhoy.co\/wp-content\/uploads\/2022\/06\/FWPEl5ZXEAIOhmf.jpg","contentUrl":"https:\/\/futbolhoy.co\/wp-content\/uploads\/2022\/06\/FWPEl5ZXEAIOhmf.jpg","width":2048,"height":1358},{"@type":"BreadcrumbList","@id":"https:\/\/futbolhoy.co\/index.php\/2022\/06\/27\/camilo-vargas-balon-de-oro-en-mexico\/#breadcrumb","itemListElement":[{"@type":"ListItem","position":1,"name":"Portada","item":"https:\/\/futbolhoy.co\/"},{"@type":"ListItem","position":2,"name":"Camilo Vargas, Bal\u00f3n de Oro en M\u00e9xico"}]},{"@type":"WebSite","@id":"https:\/\/futbolhoy.co\/#website","url":"https:\/\/futbolhoy.co\/","name":"FutbolHoy","description":"","publisher":{"@id":"https:\/\/futbolhoy.co\/#organization"},"potentialAction":[{"@type":"SearchAction","target":{"@type":"EntryPoint","urlTemplate":"https:\/\/futbolhoy.co\/?s={search_term_string}"},"query-input":{"@type":"PropertyValueSpecification","valueRequired":true,"valueName":"search_term_string"}}],"inLanguage":"es"},{"@type":"Organization","@id":"https:\/\/futbolhoy.co\/#organization","name":"Futbolhoy.co","url":"https:\/\/futbolhoy.co\/","logo":{"@type":"ImageObject","inLanguage":"es","@id":"https:\/\/futbolhoy.co\/#\/schema\/logo\/image\/","url":"https:\/\/futbolhoy.co\/wp-content\/uploads\/2018\/08\/17426380_1906371736249227_6326180412931521141_n.jpg","contentUrl":"https:\/\/futbolhoy.co\/wp-content\/uploads\/2018\/08\/17426380_1906371736249227_6326180412931521141_n.jpg","width":960,"height":960,"caption":"Futbolhoy.co"},"image":{"@id":"https:\/\/futbolhoy.co\/#\/schema\/logo\/image\/"},"sameAs":["https:\/\/www.facebook.com\/FutbolHoyCol\/","https:\/\/x.com\/FutbolHoyCol","https:\/\/www.instagram.com\/futbolhoycol\/"]},{"@type":"Person","@id":"https:\/\/futbolhoy.co\/#\/schema\/person\/c4a353a512b127643723a34bb1812f7d","name":"Laura Hern\u00e1ndez","image":{"@type":"ImageObject","inLanguage":"es","@id":"https:\/\/futbolhoy.co\/#\/schema\/person\/image\/","url":"https:\/\/secure.gravatar.com\/avatar\/d25959a15b9b293a743f99181c7cfd01?s=96&d=mm&r=g","contentUrl":"https:\/\/secure.gravatar.com\/avatar\/d25959a15b9b293a743f99181c7cfd01?s=96&d=mm&r=g","caption":"Laura Hern\u00e1ndez"}}]}},"publishpress_future_action":{"enabled":false,"date":"2026-05-02 01:03:44","action":"change-status","newStatus":"draft","terms":[],"taxonomy":"category","extraData":[]},"publishpress_future_workflow_manual_trigger":{"enabledWorkflows":[]},"_links":{"self":[{"href":"https:\/\/futbolhoy.co\/index.php\/wp-json\/wp\/v2\/posts\/81842","targetHints":{"allow":["GET"]}}],"collection":[{"href":"https:\/\/futbolhoy.co\/index.php\/wp-json\/wp\/v2\/posts"}],"about":[{"href":"https:\/\/futbolhoy.co\/index.php\/wp-json\/wp\/v2\/types\/post"}],"author":[{"embeddable":true,"href":"https:\/\/futbolhoy.co\/index.php\/wp-json\/wp\/v2\/users\/5"}],"replies":[{"embeddable":true,"href":"https:\/\/futbolhoy.co\/index.php\/wp-json\/wp\/v2\/comments?post=81842"}],"version-history":[{"count":1,"href":"https:\/\/futbolhoy.co\/index.php\/wp-json\/wp\/v2\/posts\/81842\/revisions"}],"predecessor-version":[{"id":81845,"href":"https:\/\/futbolhoy.co\/index.php\/wp-json\/wp\/v2\/posts\/81842\/revisions\/81845"}],"wp:featuredmedia":[{"embeddable":true,"href":"https:\/\/futbolhoy.co\/index.php\/wp-json\/wp\/v2\/media\/81844"}],"wp:attachment":[{"href":"https:\/\/futbolhoy.co\/index.php\/wp-json\/wp\/v2\/media?parent=81842"}],"wp:term":[{"taxonomy":"category","embeddable":true,"href":"https:\/\/futbolhoy.co\/index.php\/wp-json\/wp\/v2\/categories?post=81842"},{"taxonomy":"post_tag","embeddable":true,"href":"https:\/\/futbolhoy.co\/index.php\/wp-json\/wp\/v2\/tags?post=81842"}],"curies":[{"name":"wp","href":"https:\/\/api.w.org\/{rel}","templated":true}]}}