{"id":81846,"date":"2022-06-27T09:00:21","date_gmt":"2022-06-27T14:00:21","guid":{"rendered":"https:\/\/futbolhoy.co\/?p=81846"},"modified":"2022-06-27T18:30:11","modified_gmt":"2022-06-27T23:30:11","slug":"chicho-arango-y-quintero-goles-colombianos-del-fin-de-semana","status":"publish","type":"post","link":"https:\/\/futbolhoy.co\/index.php\/2022\/06\/27\/chicho-arango-y-quintero-goles-colombianos-del-fin-de-semana\/","title":{"rendered":"\u2018Chicho\u2019 Arango y Quintero, goles colombianos del fin de semana"},"content":{"rendered":"<p style=\"text-align: justify;\"><span style=\"font-family: helvetica, arial, sans-serif;\"><strong>Cristian \u2018Chicho\u2019 Arango<\/strong> y <strong>Carlos Darwin Quintero<\/strong>\u00a0marcaron los goles m\u00e1s destacados de los colombianos durante el fin de semana en la <strong>Ligas<\/strong> que siguen en actividad.<\/span><\/p>\n<p style=\"text-align: justify;\"><span style=\"font-family: helvetica, arial, sans-serif;\">Arango anot\u00f3 un gol con <strong>Los \u00c1ngeles FC<\/strong> que se impuso 2-0 a <strong>New York Red Bulls<\/strong> en la <strong>MLS.<\/strong> Quinto gol en Liga y octavo de la temporada.<\/span><\/p>\n<p style=\"text-align: justify;\"><span style=\"font-family: helvetica, arial, sans-serif;\">\u2018El Cient\u00edfico\u2019 Quintero convirti\u00f3 uno con <strong>Houston Dynamo<\/strong> que super\u00f3 2-0 a <strong>Chicago Fire<\/strong> en el mismo torneo estadounidense. Sexto de la temporada.<\/span><\/p>\n<p style=\"text-align: justify;\"><span style=\"font-family: helvetica, arial, sans-serif;\">Otros goles:<\/span><\/p>\n<p style=\"text-align: justify;\"><span style=\"font-family: helvetica, arial, sans-serif;\"><strong>- Luis Manuel Orejuela<\/strong> hizo un gol con <strong>Paranaense<\/strong> que se impuso 4-2 a <strong>Bragantino<\/strong> en el <strong>Brasileirao.<\/strong> Primero de la temporada.<\/span><\/p>\n<p style=\"text-align: justify;\"><span style=\"font-family: helvetica, arial, sans-serif;\"><strong>- Juan Sebasti\u00e1n Quintero<\/strong> marc\u00f3 un gol con <strong>Vasco da Gama<\/strong> que se impuso 3-0 a <strong>Operario<\/strong> en la segunda divisi\u00f3n de Brasil. Primero del a\u00f1o.<\/span><\/p>\n<p style=\"text-align: justify;\"><span style=\"font-family: helvetica, arial, sans-serif;\">- <strong>Yorman Zapata<\/strong> logr\u00f3 el tanto de <strong>Magallanes<\/strong> que igual\u00f3 1-1 con <strong>Everton<\/strong> en la <strong>Copa de Chile.<\/strong> Primero en el torneo y cuarto del a\u00f1o en todas las competencias.<\/span><\/p>\n<p>&nbsp;<\/p>\n","protected":false},"excerpt":{"rendered":"<p>Cristian \u2018Chicho\u2019 Arango y Carlos Darwin Quintero\u00a0marcaron los goles m\u00e1s destacados de los colombianos durante el fin de semana en la Ligas que siguen en actividad. Arango anot\u00f3 un gol con Los \u00c1ngeles FC que se impuso 2-0 a New York Red Bulls en la MLS. Quinto gol en Liga y octavo de la temporada. [&hellip;]<\/p>\n","protected":false},"author":5,"featured_media":81847,"comment_status":"open","ping_status":"open","sticky":false,"template":"","format":"standard","meta":{"_acf_changed":false,"footnotes":""},"categories":[152],"tags":[1689],"class_list":{"0":"post-81846","1":"post","2":"type-post","3":"status-publish","4":"format-standard","5":"has-post-thumbnail","7":"category-mundo-futbol","8":"tag-goles"},"acf":[],"yoast_head":"<!-- This site is optimized with the Yoast SEO plugin v26.8 - https:\/\/yoast.com\/product\/yoast-seo-wordpress\/ -->\n<title>\u2018Chicho\u2019 Arango y Quintero, goles colombianos del fin de semana -<\/title>\n<meta name=\"robots\" content=\"index, follow, max-snippet:-1, max-image-preview:large, max-video-preview:-1\" \/>\n<link rel=\"canonical\" href=\"https:\/\/futbolhoy.co\/index.php\/2022\/06\/27\/chicho-arango-y-quintero-goles-colombianos-del-fin-de-semana\/\" \/>\n<meta property=\"og:locale\" content=\"es_ES\" \/>\n<meta property=\"og:type\" content=\"article\" \/>\n<meta property=\"og:title\" content=\"\u2018Chicho\u2019 Arango y Quintero, goles colombianos del fin de semana -\" \/>\n<meta property=\"og:description\" content=\"Cristian \u2018Chicho\u2019 Arango y Carlos Darwin Quintero\u00a0marcaron los goles m\u00e1s destacados de los colombianos durante el fin de semana en la Ligas que siguen en actividad. Arango anot\u00f3 un gol con Los \u00c1ngeles FC que se impuso 2-0 a New York Red Bulls en la MLS. Quinto gol en Liga y octavo de la temporada. [&hellip;]\" \/>\n<meta property=\"og:url\" content=\"https:\/\/futbolhoy.co\/index.php\/2022\/06\/27\/chicho-arango-y-quintero-goles-colombianos-del-fin-de-semana\/\" \/>\n<meta property=\"article:publisher\" content=\"https:\/\/www.facebook.com\/FutbolHoyCol\/\" \/>\n<meta property=\"article:published_time\" content=\"2022-06-27T14:00:21+00:00\" \/>\n<meta property=\"article:modified_time\" content=\"2022-06-27T23:30:11+00:00\" \/>\n<meta property=\"og:image\" content=\"https:\/\/futbolhoy.co\/wp-content\/uploads\/2022\/06\/FWNYta8VEAAnnYZ.jpg\" \/>\n\t<meta property=\"og:image:width\" content=\"2400\" \/>\n\t<meta property=\"og:image:height\" content=\"1600\" \/>\n\t<meta property=\"og:image:type\" content=\"image\/jpeg\" \/>\n<meta name=\"author\" content=\"Laura Hern\u00e1ndez\" \/>\n<meta name=\"twitter:card\" content=\"summary_large_image\" \/>\n<meta name=\"twitter:creator\" content=\"@FutbolHoyCol\" \/>\n<meta name=\"twitter:site\" content=\"@FutbolHoyCol\" \/>\n<meta name=\"twitter:label1\" content=\"Escrito por\" \/>\n\t<meta name=\"twitter:data1\" content=\"Laura Hern\u00e1ndez\" \/>\n\t<meta name=\"twitter:label2\" content=\"Tiempo de lectura\" \/>\n\t<meta name=\"twitter:data2\" content=\"1 minuto\" \/>\n<script type=\"application\/ld+json\" class=\"yoast-schema-graph\">{\"@context\":\"https:\/\/schema.org\",\"@graph\":[{\"@type\":\"Article\",\"@id\":\"https:\/\/futbolhoy.co\/index.php\/2022\/06\/27\/chicho-arango-y-quintero-goles-colombianos-del-fin-de-semana\/#article\",\"isPartOf\":{\"@id\":\"https:\/\/futbolhoy.co\/index.php\/2022\/06\/27\/chicho-arango-y-quintero-goles-colombianos-del-fin-de-semana\/\"},\"author\":{\"name\":\"Laura Hern\u00e1ndez\",\"@id\":\"https:\/\/futbolhoy.co\/#\/schema\/person\/c4a353a512b127643723a34bb1812f7d\"},\"headline\":\"\u2018Chicho\u2019 Arango y Quintero, goles colombianos del fin de semana\",\"datePublished\":\"2022-06-27T14:00:21+00:00\",\"dateModified\":\"2022-06-27T23:30:11+00:00\",\"mainEntityOfPage\":{\"@id\":\"https:\/\/futbolhoy.co\/index.php\/2022\/06\/27\/chicho-arango-y-quintero-goles-colombianos-del-fin-de-semana\/\"},\"wordCount\":176,\"commentCount\":0,\"publisher\":{\"@id\":\"https:\/\/futbolhoy.co\/#organization\"},\"image\":{\"@id\":\"https:\/\/futbolhoy.co\/index.php\/2022\/06\/27\/chicho-arango-y-quintero-goles-colombianos-del-fin-de-semana\/#primaryimage\"},\"thumbnailUrl\":\"https:\/\/futbolhoy.co\/wp-content\/uploads\/2022\/06\/FWNYta8VEAAnnYZ.jpg\",\"keywords\":[\"Goles\"],\"articleSection\":[\"Mundo Futbol\"],\"inLanguage\":\"es\",\"potentialAction\":[{\"@type\":\"CommentAction\",\"name\":\"Comment\",\"target\":[\"https:\/\/futbolhoy.co\/index.php\/2022\/06\/27\/chicho-arango-y-quintero-goles-colombianos-del-fin-de-semana\/#respond\"]}]},{\"@type\":\"WebPage\",\"@id\":\"https:\/\/futbolhoy.co\/index.php\/2022\/06\/27\/chicho-arango-y-quintero-goles-colombianos-del-fin-de-semana\/\",\"url\":\"https:\/\/futbolhoy.co\/index.php\/2022\/06\/27\/chicho-arango-y-quintero-goles-colombianos-del-fin-de-semana\/\",\"name\":\"\u2018Chicho\u2019 Arango y Quintero, goles colombianos del fin de semana -\",\"isPartOf\":{\"@id\":\"https:\/\/futbolhoy.co\/#website\"},\"primaryImageOfPage\":{\"@id\":\"https:\/\/futbolhoy.co\/index.php\/2022\/06\/27\/chicho-arango-y-quintero-goles-colombianos-del-fin-de-semana\/#primaryimage\"},\"image\":{\"@id\":\"https:\/\/futbolhoy.co\/index.php\/2022\/06\/27\/chicho-arango-y-quintero-goles-colombianos-del-fin-de-semana\/#primaryimage\"},\"thumbnailUrl\":\"https:\/\/futbolhoy.co\/wp-content\/uploads\/2022\/06\/FWNYta8VEAAnnYZ.jpg\",\"datePublished\":\"2022-06-27T14:00:21+00:00\",\"dateModified\":\"2022-06-27T23:30:11+00:00\",\"breadcrumb\":{\"@id\":\"https:\/\/futbolhoy.co\/index.php\/2022\/06\/27\/chicho-arango-y-quintero-goles-colombianos-del-fin-de-semana\/#breadcrumb\"},\"inLanguage\":\"es\",\"potentialAction\":[{\"@type\":\"ReadAction\",\"target\":[\"https:\/\/futbolhoy.co\/index.php\/2022\/06\/27\/chicho-arango-y-quintero-goles-colombianos-del-fin-de-semana\/\"]}]},{\"@type\":\"ImageObject\",\"inLanguage\":\"es\",\"@id\":\"https:\/\/futbolhoy.co\/index.php\/2022\/06\/27\/chicho-arango-y-quintero-goles-colombianos-del-fin-de-semana\/#primaryimage\",\"url\":\"https:\/\/futbolhoy.co\/wp-content\/uploads\/2022\/06\/FWNYta8VEAAnnYZ.jpg\",\"contentUrl\":\"https:\/\/futbolhoy.co\/wp-content\/uploads\/2022\/06\/FWNYta8VEAAnnYZ.jpg\",\"width\":2400,\"height\":1600},{\"@type\":\"BreadcrumbList\",\"@id\":\"https:\/\/futbolhoy.co\/index.php\/2022\/06\/27\/chicho-arango-y-quintero-goles-colombianos-del-fin-de-semana\/#breadcrumb\",\"itemListElement\":[{\"@type\":\"ListItem\",\"position\":1,\"name\":\"Portada\",\"item\":\"https:\/\/futbolhoy.co\/\"},{\"@type\":\"ListItem\",\"position\":2,\"name\":\"\u2018Chicho\u2019 Arango y Quintero, goles colombianos del fin de semana\"}]},{\"@type\":\"WebSite\",\"@id\":\"https:\/\/futbolhoy.co\/#website\",\"url\":\"https:\/\/futbolhoy.co\/\",\"name\":\"FutbolHoy\",\"description\":\"\",\"publisher\":{\"@id\":\"https:\/\/futbolhoy.co\/#organization\"},\"potentialAction\":[{\"@type\":\"SearchAction\",\"target\":{\"@type\":\"EntryPoint\",\"urlTemplate\":\"https:\/\/futbolhoy.co\/?s={search_term_string}\"},\"query-input\":{\"@type\":\"PropertyValueSpecification\",\"valueRequired\":true,\"valueName\":\"search_term_string\"}}],\"inLanguage\":\"es\"},{\"@type\":\"Organization\",\"@id\":\"https:\/\/futbolhoy.co\/#organization\",\"name\":\"Futbolhoy.co\",\"url\":\"https:\/\/futbolhoy.co\/\",\"logo\":{\"@type\":\"ImageObject\",\"inLanguage\":\"es\",\"@id\":\"https:\/\/futbolhoy.co\/#\/schema\/logo\/image\/\",\"url\":\"https:\/\/futbolhoy.co\/wp-content\/uploads\/2018\/08\/17426380_1906371736249227_6326180412931521141_n.jpg\",\"contentUrl\":\"https:\/\/futbolhoy.co\/wp-content\/uploads\/2018\/08\/17426380_1906371736249227_6326180412931521141_n.jpg\",\"width\":960,\"height\":960,\"caption\":\"Futbolhoy.co\"},\"image\":{\"@id\":\"https:\/\/futbolhoy.co\/#\/schema\/logo\/image\/\"},\"sameAs\":[\"https:\/\/www.facebook.com\/FutbolHoyCol\/\",\"https:\/\/x.com\/FutbolHoyCol\",\"https:\/\/www.instagram.com\/futbolhoycol\/\"]},{\"@type\":\"Person\",\"@id\":\"https:\/\/futbolhoy.co\/#\/schema\/person\/c4a353a512b127643723a34bb1812f7d\",\"name\":\"Laura Hern\u00e1ndez\",\"image\":{\"@type\":\"ImageObject\",\"inLanguage\":\"es\",\"@id\":\"https:\/\/futbolhoy.co\/#\/schema\/person\/image\/\",\"url\":\"https:\/\/secure.gravatar.com\/avatar\/d25959a15b9b293a743f99181c7cfd01?s=96&d=mm&r=g\",\"contentUrl\":\"https:\/\/secure.gravatar.com\/avatar\/d25959a15b9b293a743f99181c7cfd01?s=96&d=mm&r=g\",\"caption\":\"Laura Hern\u00e1ndez\"}}]}<\/script>\n<!-- \/ Yoast SEO plugin. -->","yoast_head_json":{"title":"\u2018Chicho\u2019 Arango y Quintero, goles colombianos del fin de semana -","robots":{"index":"index","follow":"follow","max-snippet":"max-snippet:-1","max-image-preview":"max-image-preview:large","max-video-preview":"max-video-preview:-1"},"canonical":"https:\/\/futbolhoy.co\/index.php\/2022\/06\/27\/chicho-arango-y-quintero-goles-colombianos-del-fin-de-semana\/","og_locale":"es_ES","og_type":"article","og_title":"\u2018Chicho\u2019 Arango y Quintero, goles colombianos del fin de semana -","og_description":"Cristian \u2018Chicho\u2019 Arango y Carlos Darwin Quintero\u00a0marcaron los goles m\u00e1s destacados de los colombianos durante el fin de semana en la Ligas que siguen en actividad. Arango anot\u00f3 un gol con Los \u00c1ngeles FC que se impuso 2-0 a New York Red Bulls en la MLS. Quinto gol en Liga y octavo de la temporada. [&hellip;]","og_url":"https:\/\/futbolhoy.co\/index.php\/2022\/06\/27\/chicho-arango-y-quintero-goles-colombianos-del-fin-de-semana\/","article_publisher":"https:\/\/www.facebook.com\/FutbolHoyCol\/","article_published_time":"2022-06-27T14:00:21+00:00","article_modified_time":"2022-06-27T23:30:11+00:00","og_image":[{"width":2400,"height":1600,"url":"https:\/\/futbolhoy.co\/wp-content\/uploads\/2022\/06\/FWNYta8VEAAnnYZ.jpg","type":"image\/jpeg"}],"author":"Laura Hern\u00e1ndez","twitter_card":"summary_large_image","twitter_creator":"@FutbolHoyCol","twitter_site":"@FutbolHoyCol","twitter_misc":{"Escrito por":"Laura Hern\u00e1ndez","Tiempo de lectura":"1 minuto"},"schema":{"@context":"https:\/\/schema.org","@graph":[{"@type":"Article","@id":"https:\/\/futbolhoy.co\/index.php\/2022\/06\/27\/chicho-arango-y-quintero-goles-colombianos-del-fin-de-semana\/#article","isPartOf":{"@id":"https:\/\/futbolhoy.co\/index.php\/2022\/06\/27\/chicho-arango-y-quintero-goles-colombianos-del-fin-de-semana\/"},"author":{"name":"Laura Hern\u00e1ndez","@id":"https:\/\/futbolhoy.co\/#\/schema\/person\/c4a353a512b127643723a34bb1812f7d"},"headline":"\u2018Chicho\u2019 Arango y Quintero, goles colombianos del fin de semana","datePublished":"2022-06-27T14:00:21+00:00","dateModified":"2022-06-27T23:30:11+00:00","mainEntityOfPage":{"@id":"https:\/\/futbolhoy.co\/index.php\/2022\/06\/27\/chicho-arango-y-quintero-goles-colombianos-del-fin-de-semana\/"},"wordCount":176,"commentCount":0,"publisher":{"@id":"https:\/\/futbolhoy.co\/#organization"},"image":{"@id":"https:\/\/futbolhoy.co\/index.php\/2022\/06\/27\/chicho-arango-y-quintero-goles-colombianos-del-fin-de-semana\/#primaryimage"},"thumbnailUrl":"https:\/\/futbolhoy.co\/wp-content\/uploads\/2022\/06\/FWNYta8VEAAnnYZ.jpg","keywords":["Goles"],"articleSection":["Mundo Futbol"],"inLanguage":"es","potentialAction":[{"@type":"CommentAction","name":"Comment","target":["https:\/\/futbolhoy.co\/index.php\/2022\/06\/27\/chicho-arango-y-quintero-goles-colombianos-del-fin-de-semana\/#respond"]}]},{"@type":"WebPage","@id":"https:\/\/futbolhoy.co\/index.php\/2022\/06\/27\/chicho-arango-y-quintero-goles-colombianos-del-fin-de-semana\/","url":"https:\/\/futbolhoy.co\/index.php\/2022\/06\/27\/chicho-arango-y-quintero-goles-colombianos-del-fin-de-semana\/","name":"\u2018Chicho\u2019 Arango y Quintero, goles colombianos del fin de semana -","isPartOf":{"@id":"https:\/\/futbolhoy.co\/#website"},"primaryImageOfPage":{"@id":"https:\/\/futbolhoy.co\/index.php\/2022\/06\/27\/chicho-arango-y-quintero-goles-colombianos-del-fin-de-semana\/#primaryimage"},"image":{"@id":"https:\/\/futbolhoy.co\/index.php\/2022\/06\/27\/chicho-arango-y-quintero-goles-colombianos-del-fin-de-semana\/#primaryimage"},"thumbnailUrl":"https:\/\/futbolhoy.co\/wp-content\/uploads\/2022\/06\/FWNYta8VEAAnnYZ.jpg","datePublished":"2022-06-27T14:00:21+00:00","dateModified":"2022-06-27T23:30:11+00:00","breadcrumb":{"@id":"https:\/\/futbolhoy.co\/index.php\/2022\/06\/27\/chicho-arango-y-quintero-goles-colombianos-del-fin-de-semana\/#breadcrumb"},"inLanguage":"es","potentialAction":[{"@type":"ReadAction","target":["https:\/\/futbolhoy.co\/index.php\/2022\/06\/27\/chicho-arango-y-quintero-goles-colombianos-del-fin-de-semana\/"]}]},{"@type":"ImageObject","inLanguage":"es","@id":"https:\/\/futbolhoy.co\/index.php\/2022\/06\/27\/chicho-arango-y-quintero-goles-colombianos-del-fin-de-semana\/#primaryimage","url":"https:\/\/futbolhoy.co\/wp-content\/uploads\/2022\/06\/FWNYta8VEAAnnYZ.jpg","contentUrl":"https:\/\/futbolhoy.co\/wp-content\/uploads\/2022\/06\/FWNYta8VEAAnnYZ.jpg","width":2400,"height":1600},{"@type":"BreadcrumbList","@id":"https:\/\/futbolhoy.co\/index.php\/2022\/06\/27\/chicho-arango-y-quintero-goles-colombianos-del-fin-de-semana\/#breadcrumb","itemListElement":[{"@type":"ListItem","position":1,"name":"Portada","item":"https:\/\/futbolhoy.co\/"},{"@type":"ListItem","position":2,"name":"\u2018Chicho\u2019 Arango y Quintero, goles colombianos del fin de semana"}]},{"@type":"WebSite","@id":"https:\/\/futbolhoy.co\/#website","url":"https:\/\/futbolhoy.co\/","name":"FutbolHoy","description":"","publisher":{"@id":"https:\/\/futbolhoy.co\/#organization"},"potentialAction":[{"@type":"SearchAction","target":{"@type":"EntryPoint","urlTemplate":"https:\/\/futbolhoy.co\/?s={search_term_string}"},"query-input":{"@type":"PropertyValueSpecification","valueRequired":true,"valueName":"search_term_string"}}],"inLanguage":"es"},{"@type":"Organization","@id":"https:\/\/futbolhoy.co\/#organization","name":"Futbolhoy.co","url":"https:\/\/futbolhoy.co\/","logo":{"@type":"ImageObject","inLanguage":"es","@id":"https:\/\/futbolhoy.co\/#\/schema\/logo\/image\/","url":"https:\/\/futbolhoy.co\/wp-content\/uploads\/2018\/08\/17426380_1906371736249227_6326180412931521141_n.jpg","contentUrl":"https:\/\/futbolhoy.co\/wp-content\/uploads\/2018\/08\/17426380_1906371736249227_6326180412931521141_n.jpg","width":960,"height":960,"caption":"Futbolhoy.co"},"image":{"@id":"https:\/\/futbolhoy.co\/#\/schema\/logo\/image\/"},"sameAs":["https:\/\/www.facebook.com\/FutbolHoyCol\/","https:\/\/x.com\/FutbolHoyCol","https:\/\/www.instagram.com\/futbolhoycol\/"]},{"@type":"Person","@id":"https:\/\/futbolhoy.co\/#\/schema\/person\/c4a353a512b127643723a34bb1812f7d","name":"Laura Hern\u00e1ndez","image":{"@type":"ImageObject","inLanguage":"es","@id":"https:\/\/futbolhoy.co\/#\/schema\/person\/image\/","url":"https:\/\/secure.gravatar.com\/avatar\/d25959a15b9b293a743f99181c7cfd01?s=96&d=mm&r=g","contentUrl":"https:\/\/secure.gravatar.com\/avatar\/d25959a15b9b293a743f99181c7cfd01?s=96&d=mm&r=g","caption":"Laura Hern\u00e1ndez"}}]}},"publishpress_future_action":{"enabled":false,"date":"2026-05-01 23:39:20","action":"change-status","newStatus":"draft","terms":[],"taxonomy":"category","extraData":[]},"publishpress_future_workflow_manual_trigger":{"enabledWorkflows":[]},"_links":{"self":[{"href":"https:\/\/futbolhoy.co\/index.php\/wp-json\/wp\/v2\/posts\/81846","targetHints":{"allow":["GET"]}}],"collection":[{"href":"https:\/\/futbolhoy.co\/index.php\/wp-json\/wp\/v2\/posts"}],"about":[{"href":"https:\/\/futbolhoy.co\/index.php\/wp-json\/wp\/v2\/types\/post"}],"author":[{"embeddable":true,"href":"https:\/\/futbolhoy.co\/index.php\/wp-json\/wp\/v2\/users\/5"}],"replies":[{"embeddable":true,"href":"https:\/\/futbolhoy.co\/index.php\/wp-json\/wp\/v2\/comments?post=81846"}],"version-history":[{"count":3,"href":"https:\/\/futbolhoy.co\/index.php\/wp-json\/wp\/v2\/posts\/81846\/revisions"}],"predecessor-version":[{"id":81864,"href":"https:\/\/futbolhoy.co\/index.php\/wp-json\/wp\/v2\/posts\/81846\/revisions\/81864"}],"wp:featuredmedia":[{"embeddable":true,"href":"https:\/\/futbolhoy.co\/index.php\/wp-json\/wp\/v2\/media\/81847"}],"wp:attachment":[{"href":"https:\/\/futbolhoy.co\/index.php\/wp-json\/wp\/v2\/media?parent=81846"}],"wp:term":[{"taxonomy":"category","embeddable":true,"href":"https:\/\/futbolhoy.co\/index.php\/wp-json\/wp\/v2\/categories?post=81846"},{"taxonomy":"post_tag","embeddable":true,"href":"https:\/\/futbolhoy.co\/index.php\/wp-json\/wp\/v2\/tags?post=81846"}],"curies":[{"name":"wp","href":"https:\/\/api.w.org\/{rel}","templated":true}]}}