{"id":81849,"date":"2022-06-27T11:05:57","date_gmt":"2022-06-27T16:05:57","guid":{"rendered":"https:\/\/futbolhoy.co\/?p=81849"},"modified":"2022-06-27T19:42:50","modified_gmt":"2022-06-28T00:42:50","slug":"james-ahora-suena-en-el-psv","status":"publish","type":"post","link":"https:\/\/futbolhoy.co\/index.php\/2022\/06\/27\/james-ahora-suena-en-el-psv\/","title":{"rendered":"James ahora suena en el PSV"},"content":{"rendered":"<p style=\"text-align: justify;\"><span style=\"font-family: helvetica, arial, sans-serif;\">Una nueva opci\u00f3n habr\u00eda surgido para<strong> James Rodr\u00edguez,<\/strong> quien descart\u00f3 la propuesta de <strong>Botafogo<\/strong> de <strong>Brasil,<\/strong> y esta ser\u00eda el <strong>PSV Eindhoven.<\/strong><\/span><\/p>\n<p style=\"text-align: justify;\"><span style=\"font-family: helvetica, arial, sans-serif;\">\u201cPersonalmente puedo reportar que James Rodr\u00edguez estuvo en el centro f\u00edsico donde el PSV Eindhoven hace todas sus revisiones. <strong>\u00bfMarcel Brands<\/strong> podr\u00e1 realmente sacar este de su sombrero?\u201d, asegur\u00f3 en su cuenta de twitter, el periodista de <strong>ESPN, Martijn van Zijtveld<\/strong>, quien est\u00e1 en esa ciudad de <strong>Pa\u00edses Bajos<\/strong>.<\/span><\/p>\n<p style=\"text-align: justify;\"><span style=\"font-family: helvetica, arial, sans-serif;\">Brands, fue el director deportivo del <strong>Everton,<\/strong> y en su momento uno de los encargados de la vinculaci\u00f3n de James al equipo ingl\u00e9s. Ahora cumple el mismo rol en el PSV.<\/span><\/p>\n<p style=\"text-align: justify;\"><span style=\"font-family: helvetica, arial, sans-serif;\">No obstante, el italiano <strong>Fabrizio Romano,<\/strong> periodista especializado en el mercado de pases europeo, asegur\u00f3 que el colombiano desconoce dicha informaci\u00f3n.<\/span><\/p>\n<p style=\"text-align: justify;\"><span style=\"font-family: helvetica, arial, sans-serif;\">El colombiano, quien tiene contrato vigente con <strong>Al Rayyan<\/strong> de <strong>Qatar<\/strong> hasta junio de 2024, expres\u00f3 su deseo de regresar a jugar a <strong>Europa.<\/strong><\/span><\/p>\n<p style=\"text-align: justify;\"><span style=\"font-family: helvetica, arial, sans-serif;\">En medios deportivos se le ha relacionado con <strong>Galatasaray<\/strong> de <strong>Turqu\u00eda, West Ham<\/strong> de <strong>Inglaterra<\/strong> y el <strong>Inter Miami d<\/strong>e la <strong>MLS<\/strong> estadounidense.<\/span><\/p>\n","protected":false},"excerpt":{"rendered":"<p>Una nueva opci\u00f3n habr\u00eda surgido para James Rodr\u00edguez, quien descart\u00f3 la propuesta de Botafogo de Brasil, y esta ser\u00eda el PSV Eindhoven. \u201cPersonalmente puedo reportar que James Rodr\u00edguez estuvo en el centro f\u00edsico donde el PSV Eindhoven hace todas sus revisiones. \u00bfMarcel Brands podr\u00e1 realmente sacar este de su sombrero?\u201d, asegur\u00f3 en su cuenta de [&hellip;]<\/p>\n","protected":false},"author":5,"featured_media":71885,"comment_status":"open","ping_status":"open","sticky":false,"template":"","format":"standard","meta":{"_acf_changed":false,"footnotes":""},"categories":[418],"tags":[],"class_list":{"0":"post-81849","1":"post","2":"type-post","3":"status-publish","4":"format-standard","5":"has-post-thumbnail","7":"category-colombia"},"acf":[],"yoast_head":"<!-- This site is optimized with the Yoast SEO plugin v26.8 - https:\/\/yoast.com\/product\/yoast-seo-wordpress\/ -->\n<title>James ahora suena en el PSV -<\/title>\n<meta name=\"robots\" content=\"index, follow, max-snippet:-1, max-image-preview:large, max-video-preview:-1\" \/>\n<link rel=\"canonical\" href=\"https:\/\/futbolhoy.co\/index.php\/2022\/06\/27\/james-ahora-suena-en-el-psv\/\" \/>\n<meta property=\"og:locale\" content=\"es_ES\" \/>\n<meta property=\"og:type\" content=\"article\" \/>\n<meta property=\"og:title\" content=\"James ahora suena en el PSV -\" \/>\n<meta property=\"og:description\" content=\"Una nueva opci\u00f3n habr\u00eda surgido para James Rodr\u00edguez, quien descart\u00f3 la propuesta de Botafogo de Brasil, y esta ser\u00eda el PSV Eindhoven. \u201cPersonalmente puedo reportar que James Rodr\u00edguez estuvo en el centro f\u00edsico donde el PSV Eindhoven hace todas sus revisiones. \u00bfMarcel Brands podr\u00e1 realmente sacar este de su sombrero?\u201d, asegur\u00f3 en su cuenta de [&hellip;]\" \/>\n<meta property=\"og:url\" content=\"https:\/\/futbolhoy.co\/index.php\/2022\/06\/27\/james-ahora-suena-en-el-psv\/\" \/>\n<meta property=\"article:publisher\" content=\"https:\/\/www.facebook.com\/FutbolHoyCol\/\" \/>\n<meta property=\"article:published_time\" content=\"2022-06-27T16:05:57+00:00\" \/>\n<meta property=\"article:modified_time\" content=\"2022-06-28T00:42:50+00:00\" \/>\n<meta property=\"og:image\" content=\"https:\/\/futbolhoy.co\/wp-content\/uploads\/2021\/11\/comunicado-oficial-de-al-rayyan-acerca-de-james-rodriguez.jpg\" \/>\n\t<meta property=\"og:image:width\" content=\"1357\" \/>\n\t<meta property=\"og:image:height\" content=\"807\" \/>\n\t<meta property=\"og:image:type\" content=\"image\/jpeg\" \/>\n<meta name=\"author\" content=\"Laura Hern\u00e1ndez\" \/>\n<meta name=\"twitter:card\" content=\"summary_large_image\" \/>\n<meta name=\"twitter:creator\" content=\"@FutbolHoyCol\" \/>\n<meta name=\"twitter:site\" content=\"@FutbolHoyCol\" \/>\n<meta name=\"twitter:label1\" content=\"Escrito por\" \/>\n\t<meta name=\"twitter:data1\" content=\"Laura Hern\u00e1ndez\" \/>\n\t<meta name=\"twitter:label2\" content=\"Tiempo de lectura\" \/>\n\t<meta name=\"twitter:data2\" content=\"1 minuto\" \/>\n<script type=\"application\/ld+json\" class=\"yoast-schema-graph\">{\"@context\":\"https:\/\/schema.org\",\"@graph\":[{\"@type\":\"Article\",\"@id\":\"https:\/\/futbolhoy.co\/index.php\/2022\/06\/27\/james-ahora-suena-en-el-psv\/#article\",\"isPartOf\":{\"@id\":\"https:\/\/futbolhoy.co\/index.php\/2022\/06\/27\/james-ahora-suena-en-el-psv\/\"},\"author\":{\"name\":\"Laura Hern\u00e1ndez\",\"@id\":\"https:\/\/futbolhoy.co\/#\/schema\/person\/c4a353a512b127643723a34bb1812f7d\"},\"headline\":\"James ahora suena en el PSV\",\"datePublished\":\"2022-06-27T16:05:57+00:00\",\"dateModified\":\"2022-06-28T00:42:50+00:00\",\"mainEntityOfPage\":{\"@id\":\"https:\/\/futbolhoy.co\/index.php\/2022\/06\/27\/james-ahora-suena-en-el-psv\/\"},\"wordCount\":186,\"commentCount\":0,\"publisher\":{\"@id\":\"https:\/\/futbolhoy.co\/#organization\"},\"image\":{\"@id\":\"https:\/\/futbolhoy.co\/index.php\/2022\/06\/27\/james-ahora-suena-en-el-psv\/#primaryimage\"},\"thumbnailUrl\":\"https:\/\/futbolhoy.co\/wp-content\/uploads\/2021\/11\/comunicado-oficial-de-al-rayyan-acerca-de-james-rodriguez.jpg\",\"articleSection\":[\"Colombia\"],\"inLanguage\":\"es\",\"potentialAction\":[{\"@type\":\"CommentAction\",\"name\":\"Comment\",\"target\":[\"https:\/\/futbolhoy.co\/index.php\/2022\/06\/27\/james-ahora-suena-en-el-psv\/#respond\"]}]},{\"@type\":\"WebPage\",\"@id\":\"https:\/\/futbolhoy.co\/index.php\/2022\/06\/27\/james-ahora-suena-en-el-psv\/\",\"url\":\"https:\/\/futbolhoy.co\/index.php\/2022\/06\/27\/james-ahora-suena-en-el-psv\/\",\"name\":\"James ahora suena en el PSV -\",\"isPartOf\":{\"@id\":\"https:\/\/futbolhoy.co\/#website\"},\"primaryImageOfPage\":{\"@id\":\"https:\/\/futbolhoy.co\/index.php\/2022\/06\/27\/james-ahora-suena-en-el-psv\/#primaryimage\"},\"image\":{\"@id\":\"https:\/\/futbolhoy.co\/index.php\/2022\/06\/27\/james-ahora-suena-en-el-psv\/#primaryimage\"},\"thumbnailUrl\":\"https:\/\/futbolhoy.co\/wp-content\/uploads\/2021\/11\/comunicado-oficial-de-al-rayyan-acerca-de-james-rodriguez.jpg\",\"datePublished\":\"2022-06-27T16:05:57+00:00\",\"dateModified\":\"2022-06-28T00:42:50+00:00\",\"breadcrumb\":{\"@id\":\"https:\/\/futbolhoy.co\/index.php\/2022\/06\/27\/james-ahora-suena-en-el-psv\/#breadcrumb\"},\"inLanguage\":\"es\",\"potentialAction\":[{\"@type\":\"ReadAction\",\"target\":[\"https:\/\/futbolhoy.co\/index.php\/2022\/06\/27\/james-ahora-suena-en-el-psv\/\"]}]},{\"@type\":\"ImageObject\",\"inLanguage\":\"es\",\"@id\":\"https:\/\/futbolhoy.co\/index.php\/2022\/06\/27\/james-ahora-suena-en-el-psv\/#primaryimage\",\"url\":\"https:\/\/futbolhoy.co\/wp-content\/uploads\/2021\/11\/comunicado-oficial-de-al-rayyan-acerca-de-james-rodriguez.jpg\",\"contentUrl\":\"https:\/\/futbolhoy.co\/wp-content\/uploads\/2021\/11\/comunicado-oficial-de-al-rayyan-acerca-de-james-rodriguez.jpg\",\"width\":1357,\"height\":807},{\"@type\":\"BreadcrumbList\",\"@id\":\"https:\/\/futbolhoy.co\/index.php\/2022\/06\/27\/james-ahora-suena-en-el-psv\/#breadcrumb\",\"itemListElement\":[{\"@type\":\"ListItem\",\"position\":1,\"name\":\"Portada\",\"item\":\"https:\/\/futbolhoy.co\/\"},{\"@type\":\"ListItem\",\"position\":2,\"name\":\"James ahora suena en el PSV\"}]},{\"@type\":\"WebSite\",\"@id\":\"https:\/\/futbolhoy.co\/#website\",\"url\":\"https:\/\/futbolhoy.co\/\",\"name\":\"FutbolHoy\",\"description\":\"\",\"publisher\":{\"@id\":\"https:\/\/futbolhoy.co\/#organization\"},\"potentialAction\":[{\"@type\":\"SearchAction\",\"target\":{\"@type\":\"EntryPoint\",\"urlTemplate\":\"https:\/\/futbolhoy.co\/?s={search_term_string}\"},\"query-input\":{\"@type\":\"PropertyValueSpecification\",\"valueRequired\":true,\"valueName\":\"search_term_string\"}}],\"inLanguage\":\"es\"},{\"@type\":\"Organization\",\"@id\":\"https:\/\/futbolhoy.co\/#organization\",\"name\":\"Futbolhoy.co\",\"url\":\"https:\/\/futbolhoy.co\/\",\"logo\":{\"@type\":\"ImageObject\",\"inLanguage\":\"es\",\"@id\":\"https:\/\/futbolhoy.co\/#\/schema\/logo\/image\/\",\"url\":\"https:\/\/futbolhoy.co\/wp-content\/uploads\/2018\/08\/17426380_1906371736249227_6326180412931521141_n.jpg\",\"contentUrl\":\"https:\/\/futbolhoy.co\/wp-content\/uploads\/2018\/08\/17426380_1906371736249227_6326180412931521141_n.jpg\",\"width\":960,\"height\":960,\"caption\":\"Futbolhoy.co\"},\"image\":{\"@id\":\"https:\/\/futbolhoy.co\/#\/schema\/logo\/image\/\"},\"sameAs\":[\"https:\/\/www.facebook.com\/FutbolHoyCol\/\",\"https:\/\/x.com\/FutbolHoyCol\",\"https:\/\/www.instagram.com\/futbolhoycol\/\"]},{\"@type\":\"Person\",\"@id\":\"https:\/\/futbolhoy.co\/#\/schema\/person\/c4a353a512b127643723a34bb1812f7d\",\"name\":\"Laura Hern\u00e1ndez\",\"image\":{\"@type\":\"ImageObject\",\"inLanguage\":\"es\",\"@id\":\"https:\/\/futbolhoy.co\/#\/schema\/person\/image\/\",\"url\":\"https:\/\/secure.gravatar.com\/avatar\/d25959a15b9b293a743f99181c7cfd01?s=96&d=mm&r=g\",\"contentUrl\":\"https:\/\/secure.gravatar.com\/avatar\/d25959a15b9b293a743f99181c7cfd01?s=96&d=mm&r=g\",\"caption\":\"Laura Hern\u00e1ndez\"}}]}<\/script>\n<!-- \/ Yoast SEO plugin. -->","yoast_head_json":{"title":"James ahora suena en el PSV -","robots":{"index":"index","follow":"follow","max-snippet":"max-snippet:-1","max-image-preview":"max-image-preview:large","max-video-preview":"max-video-preview:-1"},"canonical":"https:\/\/futbolhoy.co\/index.php\/2022\/06\/27\/james-ahora-suena-en-el-psv\/","og_locale":"es_ES","og_type":"article","og_title":"James ahora suena en el PSV -","og_description":"Una nueva opci\u00f3n habr\u00eda surgido para James Rodr\u00edguez, quien descart\u00f3 la propuesta de Botafogo de Brasil, y esta ser\u00eda el PSV Eindhoven. \u201cPersonalmente puedo reportar que James Rodr\u00edguez estuvo en el centro f\u00edsico donde el PSV Eindhoven hace todas sus revisiones. \u00bfMarcel Brands podr\u00e1 realmente sacar este de su sombrero?\u201d, asegur\u00f3 en su cuenta de [&hellip;]","og_url":"https:\/\/futbolhoy.co\/index.php\/2022\/06\/27\/james-ahora-suena-en-el-psv\/","article_publisher":"https:\/\/www.facebook.com\/FutbolHoyCol\/","article_published_time":"2022-06-27T16:05:57+00:00","article_modified_time":"2022-06-28T00:42:50+00:00","og_image":[{"width":1357,"height":807,"url":"https:\/\/futbolhoy.co\/wp-content\/uploads\/2021\/11\/comunicado-oficial-de-al-rayyan-acerca-de-james-rodriguez.jpg","type":"image\/jpeg"}],"author":"Laura Hern\u00e1ndez","twitter_card":"summary_large_image","twitter_creator":"@FutbolHoyCol","twitter_site":"@FutbolHoyCol","twitter_misc":{"Escrito por":"Laura Hern\u00e1ndez","Tiempo de lectura":"1 minuto"},"schema":{"@context":"https:\/\/schema.org","@graph":[{"@type":"Article","@id":"https:\/\/futbolhoy.co\/index.php\/2022\/06\/27\/james-ahora-suena-en-el-psv\/#article","isPartOf":{"@id":"https:\/\/futbolhoy.co\/index.php\/2022\/06\/27\/james-ahora-suena-en-el-psv\/"},"author":{"name":"Laura Hern\u00e1ndez","@id":"https:\/\/futbolhoy.co\/#\/schema\/person\/c4a353a512b127643723a34bb1812f7d"},"headline":"James ahora suena en el PSV","datePublished":"2022-06-27T16:05:57+00:00","dateModified":"2022-06-28T00:42:50+00:00","mainEntityOfPage":{"@id":"https:\/\/futbolhoy.co\/index.php\/2022\/06\/27\/james-ahora-suena-en-el-psv\/"},"wordCount":186,"commentCount":0,"publisher":{"@id":"https:\/\/futbolhoy.co\/#organization"},"image":{"@id":"https:\/\/futbolhoy.co\/index.php\/2022\/06\/27\/james-ahora-suena-en-el-psv\/#primaryimage"},"thumbnailUrl":"https:\/\/futbolhoy.co\/wp-content\/uploads\/2021\/11\/comunicado-oficial-de-al-rayyan-acerca-de-james-rodriguez.jpg","articleSection":["Colombia"],"inLanguage":"es","potentialAction":[{"@type":"CommentAction","name":"Comment","target":["https:\/\/futbolhoy.co\/index.php\/2022\/06\/27\/james-ahora-suena-en-el-psv\/#respond"]}]},{"@type":"WebPage","@id":"https:\/\/futbolhoy.co\/index.php\/2022\/06\/27\/james-ahora-suena-en-el-psv\/","url":"https:\/\/futbolhoy.co\/index.php\/2022\/06\/27\/james-ahora-suena-en-el-psv\/","name":"James ahora suena en el PSV -","isPartOf":{"@id":"https:\/\/futbolhoy.co\/#website"},"primaryImageOfPage":{"@id":"https:\/\/futbolhoy.co\/index.php\/2022\/06\/27\/james-ahora-suena-en-el-psv\/#primaryimage"},"image":{"@id":"https:\/\/futbolhoy.co\/index.php\/2022\/06\/27\/james-ahora-suena-en-el-psv\/#primaryimage"},"thumbnailUrl":"https:\/\/futbolhoy.co\/wp-content\/uploads\/2021\/11\/comunicado-oficial-de-al-rayyan-acerca-de-james-rodriguez.jpg","datePublished":"2022-06-27T16:05:57+00:00","dateModified":"2022-06-28T00:42:50+00:00","breadcrumb":{"@id":"https:\/\/futbolhoy.co\/index.php\/2022\/06\/27\/james-ahora-suena-en-el-psv\/#breadcrumb"},"inLanguage":"es","potentialAction":[{"@type":"ReadAction","target":["https:\/\/futbolhoy.co\/index.php\/2022\/06\/27\/james-ahora-suena-en-el-psv\/"]}]},{"@type":"ImageObject","inLanguage":"es","@id":"https:\/\/futbolhoy.co\/index.php\/2022\/06\/27\/james-ahora-suena-en-el-psv\/#primaryimage","url":"https:\/\/futbolhoy.co\/wp-content\/uploads\/2021\/11\/comunicado-oficial-de-al-rayyan-acerca-de-james-rodriguez.jpg","contentUrl":"https:\/\/futbolhoy.co\/wp-content\/uploads\/2021\/11\/comunicado-oficial-de-al-rayyan-acerca-de-james-rodriguez.jpg","width":1357,"height":807},{"@type":"BreadcrumbList","@id":"https:\/\/futbolhoy.co\/index.php\/2022\/06\/27\/james-ahora-suena-en-el-psv\/#breadcrumb","itemListElement":[{"@type":"ListItem","position":1,"name":"Portada","item":"https:\/\/futbolhoy.co\/"},{"@type":"ListItem","position":2,"name":"James ahora suena en el PSV"}]},{"@type":"WebSite","@id":"https:\/\/futbolhoy.co\/#website","url":"https:\/\/futbolhoy.co\/","name":"FutbolHoy","description":"","publisher":{"@id":"https:\/\/futbolhoy.co\/#organization"},"potentialAction":[{"@type":"SearchAction","target":{"@type":"EntryPoint","urlTemplate":"https:\/\/futbolhoy.co\/?s={search_term_string}"},"query-input":{"@type":"PropertyValueSpecification","valueRequired":true,"valueName":"search_term_string"}}],"inLanguage":"es"},{"@type":"Organization","@id":"https:\/\/futbolhoy.co\/#organization","name":"Futbolhoy.co","url":"https:\/\/futbolhoy.co\/","logo":{"@type":"ImageObject","inLanguage":"es","@id":"https:\/\/futbolhoy.co\/#\/schema\/logo\/image\/","url":"https:\/\/futbolhoy.co\/wp-content\/uploads\/2018\/08\/17426380_1906371736249227_6326180412931521141_n.jpg","contentUrl":"https:\/\/futbolhoy.co\/wp-content\/uploads\/2018\/08\/17426380_1906371736249227_6326180412931521141_n.jpg","width":960,"height":960,"caption":"Futbolhoy.co"},"image":{"@id":"https:\/\/futbolhoy.co\/#\/schema\/logo\/image\/"},"sameAs":["https:\/\/www.facebook.com\/FutbolHoyCol\/","https:\/\/x.com\/FutbolHoyCol","https:\/\/www.instagram.com\/futbolhoycol\/"]},{"@type":"Person","@id":"https:\/\/futbolhoy.co\/#\/schema\/person\/c4a353a512b127643723a34bb1812f7d","name":"Laura Hern\u00e1ndez","image":{"@type":"ImageObject","inLanguage":"es","@id":"https:\/\/futbolhoy.co\/#\/schema\/person\/image\/","url":"https:\/\/secure.gravatar.com\/avatar\/d25959a15b9b293a743f99181c7cfd01?s=96&d=mm&r=g","contentUrl":"https:\/\/secure.gravatar.com\/avatar\/d25959a15b9b293a743f99181c7cfd01?s=96&d=mm&r=g","caption":"Laura Hern\u00e1ndez"}}]}},"publishpress_future_action":{"enabled":false,"date":"2026-05-02 02:26:06","action":"change-status","newStatus":"draft","terms":[],"taxonomy":"category","extraData":[]},"publishpress_future_workflow_manual_trigger":{"enabledWorkflows":[]},"_links":{"self":[{"href":"https:\/\/futbolhoy.co\/index.php\/wp-json\/wp\/v2\/posts\/81849","targetHints":{"allow":["GET"]}}],"collection":[{"href":"https:\/\/futbolhoy.co\/index.php\/wp-json\/wp\/v2\/posts"}],"about":[{"href":"https:\/\/futbolhoy.co\/index.php\/wp-json\/wp\/v2\/types\/post"}],"author":[{"embeddable":true,"href":"https:\/\/futbolhoy.co\/index.php\/wp-json\/wp\/v2\/users\/5"}],"replies":[{"embeddable":true,"href":"https:\/\/futbolhoy.co\/index.php\/wp-json\/wp\/v2\/comments?post=81849"}],"version-history":[{"count":2,"href":"https:\/\/futbolhoy.co\/index.php\/wp-json\/wp\/v2\/posts\/81849\/revisions"}],"predecessor-version":[{"id":81852,"href":"https:\/\/futbolhoy.co\/index.php\/wp-json\/wp\/v2\/posts\/81849\/revisions\/81852"}],"wp:featuredmedia":[{"embeddable":true,"href":"https:\/\/futbolhoy.co\/index.php\/wp-json\/wp\/v2\/media\/71885"}],"wp:attachment":[{"href":"https:\/\/futbolhoy.co\/index.php\/wp-json\/wp\/v2\/media?parent=81849"}],"wp:term":[{"taxonomy":"category","embeddable":true,"href":"https:\/\/futbolhoy.co\/index.php\/wp-json\/wp\/v2\/categories?post=81849"},{"taxonomy":"post_tag","embeddable":true,"href":"https:\/\/futbolhoy.co\/index.php\/wp-json\/wp\/v2\/tags?post=81849"}],"curies":[{"name":"wp","href":"https:\/\/api.w.org\/{rel}","templated":true}]}}