{"id":81869,"date":"2022-06-27T17:42:39","date_gmt":"2022-06-27T22:42:39","guid":{"rendered":"https:\/\/futbolhoy.co\/?p=81869"},"modified":"2022-06-28T11:18:27","modified_gmt":"2022-06-28T16:18:27","slug":"boca-juniors-busca-fichar-otro-colombiano","status":"publish","type":"post","link":"https:\/\/futbolhoy.co\/index.php\/2022\/06\/27\/boca-juniors-busca-fichar-otro-colombiano\/","title":{"rendered":"Boca Juniors busca fichar otro colombiano"},"content":{"rendered":"<p dir=\"ltr\" style=\"text-align: justify;\"><span style=\"font-family: helvetica, arial, sans-serif;\"><strong>Boca Juniors<\/strong> no pierde tiempo y ante la salida de <strong>Eduardo \u2018Toto\u2019 Salvio,<\/strong> el equipo \u2018Xeneize\u2019 estar\u00eda tras los pasos de un delantero colombiano.<\/span><\/p>\n<p dir=\"ltr\" style=\"text-align: justify;\"><span style=\"font-family: helvetica, arial, sans-serif;\">En La Bombonera ya juegan de local tres colombianos, pero desde Argentina apuntan a que <strong>Boca Juniors<\/strong> estar\u00eda tras el fichaje de otro cafetero. Se trata de <strong>Diego Valoyes,<\/strong> actual jugador de <strong>Talleres de C\u00f3rdoba<\/strong> y quien recientemente son\u00f3 para reforzar a <strong>River Plate<\/strong>.<\/span><\/p>\n<p dir=\"ltr\" style=\"text-align: justify;\"><span style=\"font-family: helvetica, arial, sans-serif;\">Valoyes tiene un punto a su favor y que Boca Junior no pasar\u00eda por alto, y es que el colombiano cuenta con nacionalidad Argentina, por lo que no ocupar\u00eda lugar de extranjero. Seg\u00fan se\u00f1al\u00f3 TyC Sports, el equipo de Battaglia ya llam\u00f3 a Andr\u00e9s Fassi, presidente de Talleres, para conocer las condiciones del extremo.<\/span><\/p>\n<p dir=\"ltr\" style=\"text-align: justify;\"><span style=\"font-family: helvetica, arial, sans-serif;\"><strong>Valoyes<\/strong> saldr\u00eda entonces beneficiado con la salida de \u2018<strong>Toto\u2019 Salvio<\/strong>, quien ya dej\u00f3 clara su decisi\u00f3n de seguir su camino en Pumas de M\u00e9xico.<\/span><\/p>\n<p dir=\"ltr\" style=\"text-align: justify;\"><span style=\"font-family: helvetica, arial, sans-serif;\">El cartagenero de 25 a\u00f1os sali\u00f3 de La Equidad en Colombia para vestirse con la camiseta de <strong>Talleres de C\u00f3rdoba<\/strong>, donde acumula 93 partidos disputados y 17 goles, adem\u00e1s de 12 asistencias.<\/span><\/p>\n<p dir=\"ltr\" style=\"text-align: justify;\"><span style=\"font-family: helvetica, arial, sans-serif;\">As\u00ed las cosas, <strong>Diego Valoyes,<\/strong> que hace menos de un a\u00f1o debut\u00f3 con la <strong>Selecci\u00f3n Colombia<\/strong>, podr\u00eda convertirse en el cuarto colombiano de la plantilla actual de Boca <strong>Juniors,<\/strong> junto a Frank Fabra, Sebasti\u00e1n Villa y Jorman Campuzano.<\/span><\/p>\n","protected":false},"excerpt":{"rendered":"<p>Boca Juniors no pierde tiempo y ante la salida de Eduardo \u2018Toto\u2019 Salvio, el equipo \u2018Xeneize\u2019 estar\u00eda tras los pasos de un delantero colombiano. En La Bombonera ya juegan de local tres colombianos, pero desde Argentina apuntan a que Boca Juniors estar\u00eda tras el fichaje de otro cafetero. Se trata de Diego Valoyes, actual jugador [&hellip;]<\/p>\n","protected":false},"author":5,"featured_media":81872,"comment_status":"open","ping_status":"open","sticky":false,"template":"","format":"standard","meta":{"_acf_changed":false,"footnotes":""},"categories":[152],"tags":[],"class_list":{"0":"post-81869","1":"post","2":"type-post","3":"status-publish","4":"format-standard","5":"has-post-thumbnail","7":"category-mundo-futbol"},"acf":[],"yoast_head":"<!-- This site is optimized with the Yoast SEO plugin v26.8 - https:\/\/yoast.com\/product\/yoast-seo-wordpress\/ -->\n<title>Boca Juniors busca fichar otro colombiano -<\/title>\n<meta name=\"robots\" content=\"index, follow, max-snippet:-1, max-image-preview:large, max-video-preview:-1\" \/>\n<link rel=\"canonical\" href=\"https:\/\/futbolhoy.co\/index.php\/2022\/06\/27\/boca-juniors-busca-fichar-otro-colombiano\/\" \/>\n<meta property=\"og:locale\" content=\"es_ES\" \/>\n<meta property=\"og:type\" content=\"article\" \/>\n<meta property=\"og:title\" content=\"Boca Juniors busca fichar otro colombiano -\" \/>\n<meta property=\"og:description\" content=\"Boca Juniors no pierde tiempo y ante la salida de Eduardo \u2018Toto\u2019 Salvio, el equipo \u2018Xeneize\u2019 estar\u00eda tras los pasos de un delantero colombiano. En La Bombonera ya juegan de local tres colombianos, pero desde Argentina apuntan a que Boca Juniors estar\u00eda tras el fichaje de otro cafetero. Se trata de Diego Valoyes, actual jugador [&hellip;]\" \/>\n<meta property=\"og:url\" content=\"https:\/\/futbolhoy.co\/index.php\/2022\/06\/27\/boca-juniors-busca-fichar-otro-colombiano\/\" \/>\n<meta property=\"article:publisher\" content=\"https:\/\/www.facebook.com\/FutbolHoyCol\/\" \/>\n<meta property=\"article:published_time\" content=\"2022-06-27T22:42:39+00:00\" \/>\n<meta property=\"article:modified_time\" content=\"2022-06-28T16:18:27+00:00\" \/>\n<meta property=\"og:image\" content=\"https:\/\/futbolhoy.co\/wp-content\/uploads\/2022\/06\/20220627_194540.jpg\" \/>\n\t<meta property=\"og:image:width\" content=\"1220\" \/>\n\t<meta property=\"og:image:height\" content=\"1518\" \/>\n\t<meta property=\"og:image:type\" content=\"image\/jpeg\" \/>\n<meta name=\"author\" content=\"Laura Hern\u00e1ndez\" \/>\n<meta name=\"twitter:card\" content=\"summary_large_image\" \/>\n<meta name=\"twitter:creator\" content=\"@FutbolHoyCol\" \/>\n<meta name=\"twitter:site\" content=\"@FutbolHoyCol\" \/>\n<meta name=\"twitter:label1\" content=\"Escrito por\" \/>\n\t<meta name=\"twitter:data1\" content=\"Laura Hern\u00e1ndez\" \/>\n\t<meta name=\"twitter:label2\" content=\"Tiempo de lectura\" \/>\n\t<meta name=\"twitter:data2\" content=\"1 minuto\" \/>\n<script type=\"application\/ld+json\" class=\"yoast-schema-graph\">{\"@context\":\"https:\/\/schema.org\",\"@graph\":[{\"@type\":\"Article\",\"@id\":\"https:\/\/futbolhoy.co\/index.php\/2022\/06\/27\/boca-juniors-busca-fichar-otro-colombiano\/#article\",\"isPartOf\":{\"@id\":\"https:\/\/futbolhoy.co\/index.php\/2022\/06\/27\/boca-juniors-busca-fichar-otro-colombiano\/\"},\"author\":{\"name\":\"Laura Hern\u00e1ndez\",\"@id\":\"https:\/\/futbolhoy.co\/#\/schema\/person\/c4a353a512b127643723a34bb1812f7d\"},\"headline\":\"Boca Juniors busca fichar otro colombiano\",\"datePublished\":\"2022-06-27T22:42:39+00:00\",\"dateModified\":\"2022-06-28T16:18:27+00:00\",\"mainEntityOfPage\":{\"@id\":\"https:\/\/futbolhoy.co\/index.php\/2022\/06\/27\/boca-juniors-busca-fichar-otro-colombiano\/\"},\"wordCount\":236,\"commentCount\":0,\"publisher\":{\"@id\":\"https:\/\/futbolhoy.co\/#organization\"},\"image\":{\"@id\":\"https:\/\/futbolhoy.co\/index.php\/2022\/06\/27\/boca-juniors-busca-fichar-otro-colombiano\/#primaryimage\"},\"thumbnailUrl\":\"https:\/\/futbolhoy.co\/wp-content\/uploads\/2022\/06\/20220627_194540.jpg\",\"articleSection\":[\"Mundo Futbol\"],\"inLanguage\":\"es\",\"potentialAction\":[{\"@type\":\"CommentAction\",\"name\":\"Comment\",\"target\":[\"https:\/\/futbolhoy.co\/index.php\/2022\/06\/27\/boca-juniors-busca-fichar-otro-colombiano\/#respond\"]}]},{\"@type\":\"WebPage\",\"@id\":\"https:\/\/futbolhoy.co\/index.php\/2022\/06\/27\/boca-juniors-busca-fichar-otro-colombiano\/\",\"url\":\"https:\/\/futbolhoy.co\/index.php\/2022\/06\/27\/boca-juniors-busca-fichar-otro-colombiano\/\",\"name\":\"Boca Juniors busca fichar otro colombiano -\",\"isPartOf\":{\"@id\":\"https:\/\/futbolhoy.co\/#website\"},\"primaryImageOfPage\":{\"@id\":\"https:\/\/futbolhoy.co\/index.php\/2022\/06\/27\/boca-juniors-busca-fichar-otro-colombiano\/#primaryimage\"},\"image\":{\"@id\":\"https:\/\/futbolhoy.co\/index.php\/2022\/06\/27\/boca-juniors-busca-fichar-otro-colombiano\/#primaryimage\"},\"thumbnailUrl\":\"https:\/\/futbolhoy.co\/wp-content\/uploads\/2022\/06\/20220627_194540.jpg\",\"datePublished\":\"2022-06-27T22:42:39+00:00\",\"dateModified\":\"2022-06-28T16:18:27+00:00\",\"breadcrumb\":{\"@id\":\"https:\/\/futbolhoy.co\/index.php\/2022\/06\/27\/boca-juniors-busca-fichar-otro-colombiano\/#breadcrumb\"},\"inLanguage\":\"es\",\"potentialAction\":[{\"@type\":\"ReadAction\",\"target\":[\"https:\/\/futbolhoy.co\/index.php\/2022\/06\/27\/boca-juniors-busca-fichar-otro-colombiano\/\"]}]},{\"@type\":\"ImageObject\",\"inLanguage\":\"es\",\"@id\":\"https:\/\/futbolhoy.co\/index.php\/2022\/06\/27\/boca-juniors-busca-fichar-otro-colombiano\/#primaryimage\",\"url\":\"https:\/\/futbolhoy.co\/wp-content\/uploads\/2022\/06\/20220627_194540.jpg\",\"contentUrl\":\"https:\/\/futbolhoy.co\/wp-content\/uploads\/2022\/06\/20220627_194540.jpg\",\"width\":1220,\"height\":1518},{\"@type\":\"BreadcrumbList\",\"@id\":\"https:\/\/futbolhoy.co\/index.php\/2022\/06\/27\/boca-juniors-busca-fichar-otro-colombiano\/#breadcrumb\",\"itemListElement\":[{\"@type\":\"ListItem\",\"position\":1,\"name\":\"Portada\",\"item\":\"https:\/\/futbolhoy.co\/\"},{\"@type\":\"ListItem\",\"position\":2,\"name\":\"Boca Juniors busca fichar otro colombiano\"}]},{\"@type\":\"WebSite\",\"@id\":\"https:\/\/futbolhoy.co\/#website\",\"url\":\"https:\/\/futbolhoy.co\/\",\"name\":\"FutbolHoy\",\"description\":\"\",\"publisher\":{\"@id\":\"https:\/\/futbolhoy.co\/#organization\"},\"potentialAction\":[{\"@type\":\"SearchAction\",\"target\":{\"@type\":\"EntryPoint\",\"urlTemplate\":\"https:\/\/futbolhoy.co\/?s={search_term_string}\"},\"query-input\":{\"@type\":\"PropertyValueSpecification\",\"valueRequired\":true,\"valueName\":\"search_term_string\"}}],\"inLanguage\":\"es\"},{\"@type\":\"Organization\",\"@id\":\"https:\/\/futbolhoy.co\/#organization\",\"name\":\"Futbolhoy.co\",\"url\":\"https:\/\/futbolhoy.co\/\",\"logo\":{\"@type\":\"ImageObject\",\"inLanguage\":\"es\",\"@id\":\"https:\/\/futbolhoy.co\/#\/schema\/logo\/image\/\",\"url\":\"https:\/\/futbolhoy.co\/wp-content\/uploads\/2018\/08\/17426380_1906371736249227_6326180412931521141_n.jpg\",\"contentUrl\":\"https:\/\/futbolhoy.co\/wp-content\/uploads\/2018\/08\/17426380_1906371736249227_6326180412931521141_n.jpg\",\"width\":960,\"height\":960,\"caption\":\"Futbolhoy.co\"},\"image\":{\"@id\":\"https:\/\/futbolhoy.co\/#\/schema\/logo\/image\/\"},\"sameAs\":[\"https:\/\/www.facebook.com\/FutbolHoyCol\/\",\"https:\/\/x.com\/FutbolHoyCol\",\"https:\/\/www.instagram.com\/futbolhoycol\/\"]},{\"@type\":\"Person\",\"@id\":\"https:\/\/futbolhoy.co\/#\/schema\/person\/c4a353a512b127643723a34bb1812f7d\",\"name\":\"Laura Hern\u00e1ndez\",\"image\":{\"@type\":\"ImageObject\",\"inLanguage\":\"es\",\"@id\":\"https:\/\/futbolhoy.co\/#\/schema\/person\/image\/\",\"url\":\"https:\/\/secure.gravatar.com\/avatar\/d25959a15b9b293a743f99181c7cfd01?s=96&d=mm&r=g\",\"contentUrl\":\"https:\/\/secure.gravatar.com\/avatar\/d25959a15b9b293a743f99181c7cfd01?s=96&d=mm&r=g\",\"caption\":\"Laura Hern\u00e1ndez\"}}]}<\/script>\n<!-- \/ Yoast SEO plugin. -->","yoast_head_json":{"title":"Boca Juniors busca fichar otro colombiano -","robots":{"index":"index","follow":"follow","max-snippet":"max-snippet:-1","max-image-preview":"max-image-preview:large","max-video-preview":"max-video-preview:-1"},"canonical":"https:\/\/futbolhoy.co\/index.php\/2022\/06\/27\/boca-juniors-busca-fichar-otro-colombiano\/","og_locale":"es_ES","og_type":"article","og_title":"Boca Juniors busca fichar otro colombiano -","og_description":"Boca Juniors no pierde tiempo y ante la salida de Eduardo \u2018Toto\u2019 Salvio, el equipo \u2018Xeneize\u2019 estar\u00eda tras los pasos de un delantero colombiano. En La Bombonera ya juegan de local tres colombianos, pero desde Argentina apuntan a que Boca Juniors estar\u00eda tras el fichaje de otro cafetero. Se trata de Diego Valoyes, actual jugador [&hellip;]","og_url":"https:\/\/futbolhoy.co\/index.php\/2022\/06\/27\/boca-juniors-busca-fichar-otro-colombiano\/","article_publisher":"https:\/\/www.facebook.com\/FutbolHoyCol\/","article_published_time":"2022-06-27T22:42:39+00:00","article_modified_time":"2022-06-28T16:18:27+00:00","og_image":[{"width":1220,"height":1518,"url":"https:\/\/futbolhoy.co\/wp-content\/uploads\/2022\/06\/20220627_194540.jpg","type":"image\/jpeg"}],"author":"Laura Hern\u00e1ndez","twitter_card":"summary_large_image","twitter_creator":"@FutbolHoyCol","twitter_site":"@FutbolHoyCol","twitter_misc":{"Escrito por":"Laura Hern\u00e1ndez","Tiempo de lectura":"1 minuto"},"schema":{"@context":"https:\/\/schema.org","@graph":[{"@type":"Article","@id":"https:\/\/futbolhoy.co\/index.php\/2022\/06\/27\/boca-juniors-busca-fichar-otro-colombiano\/#article","isPartOf":{"@id":"https:\/\/futbolhoy.co\/index.php\/2022\/06\/27\/boca-juniors-busca-fichar-otro-colombiano\/"},"author":{"name":"Laura Hern\u00e1ndez","@id":"https:\/\/futbolhoy.co\/#\/schema\/person\/c4a353a512b127643723a34bb1812f7d"},"headline":"Boca Juniors busca fichar otro colombiano","datePublished":"2022-06-27T22:42:39+00:00","dateModified":"2022-06-28T16:18:27+00:00","mainEntityOfPage":{"@id":"https:\/\/futbolhoy.co\/index.php\/2022\/06\/27\/boca-juniors-busca-fichar-otro-colombiano\/"},"wordCount":236,"commentCount":0,"publisher":{"@id":"https:\/\/futbolhoy.co\/#organization"},"image":{"@id":"https:\/\/futbolhoy.co\/index.php\/2022\/06\/27\/boca-juniors-busca-fichar-otro-colombiano\/#primaryimage"},"thumbnailUrl":"https:\/\/futbolhoy.co\/wp-content\/uploads\/2022\/06\/20220627_194540.jpg","articleSection":["Mundo Futbol"],"inLanguage":"es","potentialAction":[{"@type":"CommentAction","name":"Comment","target":["https:\/\/futbolhoy.co\/index.php\/2022\/06\/27\/boca-juniors-busca-fichar-otro-colombiano\/#respond"]}]},{"@type":"WebPage","@id":"https:\/\/futbolhoy.co\/index.php\/2022\/06\/27\/boca-juniors-busca-fichar-otro-colombiano\/","url":"https:\/\/futbolhoy.co\/index.php\/2022\/06\/27\/boca-juniors-busca-fichar-otro-colombiano\/","name":"Boca Juniors busca fichar otro colombiano -","isPartOf":{"@id":"https:\/\/futbolhoy.co\/#website"},"primaryImageOfPage":{"@id":"https:\/\/futbolhoy.co\/index.php\/2022\/06\/27\/boca-juniors-busca-fichar-otro-colombiano\/#primaryimage"},"image":{"@id":"https:\/\/futbolhoy.co\/index.php\/2022\/06\/27\/boca-juniors-busca-fichar-otro-colombiano\/#primaryimage"},"thumbnailUrl":"https:\/\/futbolhoy.co\/wp-content\/uploads\/2022\/06\/20220627_194540.jpg","datePublished":"2022-06-27T22:42:39+00:00","dateModified":"2022-06-28T16:18:27+00:00","breadcrumb":{"@id":"https:\/\/futbolhoy.co\/index.php\/2022\/06\/27\/boca-juniors-busca-fichar-otro-colombiano\/#breadcrumb"},"inLanguage":"es","potentialAction":[{"@type":"ReadAction","target":["https:\/\/futbolhoy.co\/index.php\/2022\/06\/27\/boca-juniors-busca-fichar-otro-colombiano\/"]}]},{"@type":"ImageObject","inLanguage":"es","@id":"https:\/\/futbolhoy.co\/index.php\/2022\/06\/27\/boca-juniors-busca-fichar-otro-colombiano\/#primaryimage","url":"https:\/\/futbolhoy.co\/wp-content\/uploads\/2022\/06\/20220627_194540.jpg","contentUrl":"https:\/\/futbolhoy.co\/wp-content\/uploads\/2022\/06\/20220627_194540.jpg","width":1220,"height":1518},{"@type":"BreadcrumbList","@id":"https:\/\/futbolhoy.co\/index.php\/2022\/06\/27\/boca-juniors-busca-fichar-otro-colombiano\/#breadcrumb","itemListElement":[{"@type":"ListItem","position":1,"name":"Portada","item":"https:\/\/futbolhoy.co\/"},{"@type":"ListItem","position":2,"name":"Boca Juniors busca fichar otro colombiano"}]},{"@type":"WebSite","@id":"https:\/\/futbolhoy.co\/#website","url":"https:\/\/futbolhoy.co\/","name":"FutbolHoy","description":"","publisher":{"@id":"https:\/\/futbolhoy.co\/#organization"},"potentialAction":[{"@type":"SearchAction","target":{"@type":"EntryPoint","urlTemplate":"https:\/\/futbolhoy.co\/?s={search_term_string}"},"query-input":{"@type":"PropertyValueSpecification","valueRequired":true,"valueName":"search_term_string"}}],"inLanguage":"es"},{"@type":"Organization","@id":"https:\/\/futbolhoy.co\/#organization","name":"Futbolhoy.co","url":"https:\/\/futbolhoy.co\/","logo":{"@type":"ImageObject","inLanguage":"es","@id":"https:\/\/futbolhoy.co\/#\/schema\/logo\/image\/","url":"https:\/\/futbolhoy.co\/wp-content\/uploads\/2018\/08\/17426380_1906371736249227_6326180412931521141_n.jpg","contentUrl":"https:\/\/futbolhoy.co\/wp-content\/uploads\/2018\/08\/17426380_1906371736249227_6326180412931521141_n.jpg","width":960,"height":960,"caption":"Futbolhoy.co"},"image":{"@id":"https:\/\/futbolhoy.co\/#\/schema\/logo\/image\/"},"sameAs":["https:\/\/www.facebook.com\/FutbolHoyCol\/","https:\/\/x.com\/FutbolHoyCol","https:\/\/www.instagram.com\/futbolhoycol\/"]},{"@type":"Person","@id":"https:\/\/futbolhoy.co\/#\/schema\/person\/c4a353a512b127643723a34bb1812f7d","name":"Laura Hern\u00e1ndez","image":{"@type":"ImageObject","inLanguage":"es","@id":"https:\/\/futbolhoy.co\/#\/schema\/person\/image\/","url":"https:\/\/secure.gravatar.com\/avatar\/d25959a15b9b293a743f99181c7cfd01?s=96&d=mm&r=g","contentUrl":"https:\/\/secure.gravatar.com\/avatar\/d25959a15b9b293a743f99181c7cfd01?s=96&d=mm&r=g","caption":"Laura Hern\u00e1ndez"}}]}},"publishpress_future_action":{"enabled":false,"date":"2026-05-03 12:52:32","action":"change-status","newStatus":"draft","terms":[],"taxonomy":"category","extraData":[]},"publishpress_future_workflow_manual_trigger":{"enabledWorkflows":[]},"_links":{"self":[{"href":"https:\/\/futbolhoy.co\/index.php\/wp-json\/wp\/v2\/posts\/81869","targetHints":{"allow":["GET"]}}],"collection":[{"href":"https:\/\/futbolhoy.co\/index.php\/wp-json\/wp\/v2\/posts"}],"about":[{"href":"https:\/\/futbolhoy.co\/index.php\/wp-json\/wp\/v2\/types\/post"}],"author":[{"embeddable":true,"href":"https:\/\/futbolhoy.co\/index.php\/wp-json\/wp\/v2\/users\/5"}],"replies":[{"embeddable":true,"href":"https:\/\/futbolhoy.co\/index.php\/wp-json\/wp\/v2\/comments?post=81869"}],"version-history":[{"count":1,"href":"https:\/\/futbolhoy.co\/index.php\/wp-json\/wp\/v2\/posts\/81869\/revisions"}],"predecessor-version":[{"id":81873,"href":"https:\/\/futbolhoy.co\/index.php\/wp-json\/wp\/v2\/posts\/81869\/revisions\/81873"}],"wp:featuredmedia":[{"embeddable":true,"href":"https:\/\/futbolhoy.co\/index.php\/wp-json\/wp\/v2\/media\/81872"}],"wp:attachment":[{"href":"https:\/\/futbolhoy.co\/index.php\/wp-json\/wp\/v2\/media?parent=81869"}],"wp:term":[{"taxonomy":"category","embeddable":true,"href":"https:\/\/futbolhoy.co\/index.php\/wp-json\/wp\/v2\/categories?post=81869"},{"taxonomy":"post_tag","embeddable":true,"href":"https:\/\/futbolhoy.co\/index.php\/wp-json\/wp\/v2\/tags?post=81869"}],"curies":[{"name":"wp","href":"https:\/\/api.w.org\/{rel}","templated":true}]}}