{"id":8225,"date":"2017-10-23T02:50:24","date_gmt":"2017-10-23T07:50:24","guid":{"rendered":"http:\/\/futbolhoy.co\/?p=8225"},"modified":"2017-10-24T11:12:27","modified_gmt":"2017-10-24T16:12:27","slug":"giroud-gano-premio-puskas-de-fifa","status":"publish","type":"post","link":"https:\/\/futbolhoy.co\/index.php\/2017\/10\/23\/giroud-gano-premio-puskas-de-fifa\/","title":{"rendered":"Giroud gan\u00f3 premio Puskas de FIFA"},"content":{"rendered":"<p style=\"text-align: justify;\">El delantero franc\u00e9s\u00a0<b>Olivier Giroud<\/b>, del\u00a0<b>Arsenal<\/b>, recibi\u00f3 este lunes en Londres el premio\u00a0<b>Puskas<\/b>\u00a0de la\u00a0<b>FIFA<\/b>\u00a0a mejor gol del a\u00f1o.<u><\/u><u><\/u><\/p>\n<p style=\"text-align: justify;\">Giroud, de 31 a\u00f1os, obtuvo la distinci\u00f3n por un espectacular tanto en forma de \u201cescorpi\u00f3n\u201d que anot\u00f3 en enero en un partido de la\u00a0<b>Liga Premier\u00a0<\/b>de Inglaterra contra el\u00a0<b>Crystal Palace<\/b>.<u><\/u><u><\/u><\/p>\n<p style=\"text-align: justify;\">Curiosamente, el tanto del franc\u00e9s no fue nominado al premio de mejor gol de ese mes en la liga inglesa.<\/p>\n","protected":false},"excerpt":{"rendered":"<p>El delantero franc\u00e9s\u00a0Olivier Giroud, del\u00a0Arsenal, recibi\u00f3 este lunes en Londres el premio\u00a0Puskas\u00a0de la\u00a0FIFA\u00a0a mejor gol del a\u00f1o. Giroud, de 31 a\u00f1os, obtuvo la distinci\u00f3n por un espectacular tanto en forma de \u201cescorpi\u00f3n\u201d que anot\u00f3 en enero en un partido de la\u00a0Liga Premier\u00a0de Inglaterra contra el\u00a0Crystal Palace. Curiosamente, el tanto del franc\u00e9s no fue nominado al [&hellip;]<\/p>\n","protected":false},"author":5,"featured_media":8227,"comment_status":"open","ping_status":"closed","sticky":false,"template":"","format":"standard","meta":{"_acf_changed":false,"footnotes":""},"categories":[152],"tags":[],"class_list":{"0":"post-8225","1":"post","2":"type-post","3":"status-publish","4":"format-standard","5":"has-post-thumbnail","7":"category-mundo-futbol"},"acf":[],"_links":{"self":[{"href":"https:\/\/futbolhoy.co\/index.php\/wp-json\/wp\/v2\/posts\/8225","targetHints":{"allow":["GET"]}}],"collection":[{"href":"https:\/\/futbolhoy.co\/index.php\/wp-json\/wp\/v2\/posts"}],"about":[{"href":"https:\/\/futbolhoy.co\/index.php\/wp-json\/wp\/v2\/types\/post"}],"author":[{"embeddable":true,"href":"https:\/\/futbolhoy.co\/index.php\/wp-json\/wp\/v2\/users\/5"}],"replies":[{"embeddable":true,"href":"https:\/\/futbolhoy.co\/index.php\/wp-json\/wp\/v2\/comments?post=8225"}],"version-history":[{"count":1,"href":"https:\/\/futbolhoy.co\/index.php\/wp-json\/wp\/v2\/posts\/8225\/revisions"}],"predecessor-version":[{"id":8228,"href":"https:\/\/futbolhoy.co\/index.php\/wp-json\/wp\/v2\/posts\/8225\/revisions\/8228"}],"wp:featuredmedia":[{"embeddable":true,"href":"https:\/\/futbolhoy.co\/index.php\/wp-json\/wp\/v2\/media\/8227"}],"wp:attachment":[{"href":"https:\/\/futbolhoy.co\/index.php\/wp-json\/wp\/v2\/media?parent=8225"}],"wp:term":[{"taxonomy":"category","embeddable":true,"href":"https:\/\/futbolhoy.co\/index.php\/wp-json\/wp\/v2\/categories?post=8225"},{"taxonomy":"post_tag","embeddable":true,"href":"https:\/\/futbolhoy.co\/index.php\/wp-json\/wp\/v2\/tags?post=8225"}],"curies":[{"name":"wp","href":"https:\/\/api.w.org\/{rel}","templated":true}]}}