{"id":82798,"date":"2022-07-18T07:12:04","date_gmt":"2022-07-18T12:12:04","guid":{"rendered":"https:\/\/futbolhoy.co\/?p=82798"},"modified":"2022-07-18T07:12:04","modified_gmt":"2022-07-18T12:12:04","slug":"lewandowski-se-sumo-a-la-pretemporada-del-barca","status":"publish","type":"post","link":"https:\/\/futbolhoy.co\/index.php\/2022\/07\/18\/lewandowski-se-sumo-a-la-pretemporada-del-barca\/","title":{"rendered":"Lewandowski se sum\u00f3 a la pretemporada del Bar\u00e7a"},"content":{"rendered":"<audio class=\"wp-audio-shortcode\" id=\"audio-82798-1\" preload=\"none\" style=\"width: 100%;\" controls=\"controls\"><source type=\"audio\/mpeg\" src=\"https:\/\/futbolhoy.co\/wp-content\/uploads\/2022\/07\/ROBERT-LEWANDOWSKI2022-07-18.mp3?_=1\" \/><a href=\"https:\/\/futbolhoy.co\/wp-content\/uploads\/2022\/07\/ROBERT-LEWANDOWSKI2022-07-18.mp3\">https:\/\/futbolhoy.co\/wp-content\/uploads\/2022\/07\/ROBERT-LEWANDOWSKI2022-07-18.mp3<\/a><\/audio>\n<p>(Robert Lewandowski, nuevo delantero del Barcelona)<\/p>\n<p style=\"text-align: justify;\"><span style=\"font-family: helvetica, arial, sans-serif;\">El delantero polaco <strong>Robert Lewandowski<\/strong> asegur\u00f3 que el principal motivo que le llev\u00f3 a dejar al <strong>Bayern M\u00fanich<\/strong> y jugar en el <strong>Barcelona<\/strong>\u00a0no fue otro que devolver al equipo a la \u00e9lite europea.<\/span><\/p>\n<p style=\"text-align: justify;\"><span style=\"font-family: helvetica, arial, sans-serif;\">\u201cEstoy aqu\u00ed para ayudar al Bar\u00e7a a volver a lo m\u00e1s alto y ganar tantos t\u00edtulos como sea posible (\u2026.) Los \u00faltimos d\u00edas han sido largos, pero al final el acuerdo se ha hecho realidad. Estoy preparado para afrontar este nuevo reto en mi carrera. Soy un jugador al que le gusta ganar partidos y t\u00edtulos. Espero que la temporada empiece y acabe bien en este sentido\u201d, sostuvo el jugador a su arribo a <strong>Miami,<\/strong> donde el club adelanta su pretemporada.<\/span><\/p>\n<p style=\"text-align: justify;\"><span style=\"font-family: helvetica, arial, sans-serif;\">\u201cDesde el primer momento que habl\u00e9 con \u00e9l (el entrenador <strong>Xavi),<\/strong> vi que sus ideas encajaban con las m\u00edas. Ha sido f\u00e1cil tomar la decisi\u00f3n. Quiero jugar y ganar t\u00edtulos y s\u00e9 que con Xavi esto ser\u00e1 muy posible. Sabe perfectamente c\u00f3mo dirigir al Bar\u00e7a. Fue un incre\u00edble jugador y ahora es un gran entrenador. Tiene mucho futuro y yo quiero formar parte de \u00e9l\u201d, agreg\u00f3.<\/span><\/p>\n<p style=\"text-align: justify;\"><span style=\"font-family: helvetica, arial, sans-serif;\">Lewandowski, quien estuvo ocho temporadas con los alemanes, lleg\u00f3 al equipo espa\u00f1ol a cambio de 45 millones de euros y otros 5 en variables. El polaco firm\u00f3 por tres temporadas.<\/span><\/p>\n","protected":false},"excerpt":{"rendered":"<p>(Robert Lewandowski, nuevo delantero del Barcelona) El delantero polaco Robert Lewandowski asegur\u00f3 que el principal motivo que le llev\u00f3 a dejar al Bayern M\u00fanich y jugar en el Barcelona\u00a0no fue otro que devolver al equipo a la \u00e9lite europea. \u201cEstoy aqu\u00ed para ayudar al Bar\u00e7a a volver a lo m\u00e1s alto y ganar tantos t\u00edtulos [&hellip;]<\/p>\n","protected":false},"author":5,"featured_media":82800,"comment_status":"open","ping_status":"closed","sticky":false,"template":"","format":"video","meta":{"_acf_changed":false,"footnotes":""},"categories":[5],"tags":[722,88,512],"class_list":{"0":"post-82798","1":"post","2":"type-post","3":"status-publish","4":"format-video","5":"has-post-thumbnail","7":"category-destacados","8":"tag-barcelona","9":"tag-bayern-munich","10":"tag-lewandowski","11":"post_format-post-format-video"},"acf":[],"_links":{"self":[{"href":"https:\/\/futbolhoy.co\/index.php\/wp-json\/wp\/v2\/posts\/82798","targetHints":{"allow":["GET"]}}],"collection":[{"href":"https:\/\/futbolhoy.co\/index.php\/wp-json\/wp\/v2\/posts"}],"about":[{"href":"https:\/\/futbolhoy.co\/index.php\/wp-json\/wp\/v2\/types\/post"}],"author":[{"embeddable":true,"href":"https:\/\/futbolhoy.co\/index.php\/wp-json\/wp\/v2\/users\/5"}],"replies":[{"embeddable":true,"href":"https:\/\/futbolhoy.co\/index.php\/wp-json\/wp\/v2\/comments?post=82798"}],"version-history":[{"count":1,"href":"https:\/\/futbolhoy.co\/index.php\/wp-json\/wp\/v2\/posts\/82798\/revisions"}],"predecessor-version":[{"id":82801,"href":"https:\/\/futbolhoy.co\/index.php\/wp-json\/wp\/v2\/posts\/82798\/revisions\/82801"}],"wp:featuredmedia":[{"embeddable":true,"href":"https:\/\/futbolhoy.co\/index.php\/wp-json\/wp\/v2\/media\/82800"}],"wp:attachment":[{"href":"https:\/\/futbolhoy.co\/index.php\/wp-json\/wp\/v2\/media?parent=82798"}],"wp:term":[{"taxonomy":"category","embeddable":true,"href":"https:\/\/futbolhoy.co\/index.php\/wp-json\/wp\/v2\/categories?post=82798"},{"taxonomy":"post_tag","embeddable":true,"href":"https:\/\/futbolhoy.co\/index.php\/wp-json\/wp\/v2\/tags?post=82798"}],"curies":[{"name":"wp","href":"https:\/\/api.w.org\/{rel}","templated":true}]}}