{"id":82939,"date":"2022-07-22T06:26:17","date_gmt":"2022-07-22T11:26:17","guid":{"rendered":"https:\/\/futbolhoy.co\/?p=82939"},"modified":"2022-07-23T09:47:16","modified_gmt":"2022-07-23T14:47:16","slug":"bolivia-seria-el-destino-del-bolillo","status":"publish","type":"post","link":"https:\/\/futbolhoy.co\/index.php\/2022\/07\/22\/bolivia-seria-el-destino-del-bolillo\/","title":{"rendered":"Bolivia ser\u00eda el destino del &#8216;Bolillo&#8217;"},"content":{"rendered":"<p class=\"x_ydp10eadf92MsoNormal\" style=\"text-align: justify;\"><span style=\"font-family: helvetica, arial, sans-serif;\"><b>El colombiano Hern\u00e1n Dar\u00edo \u2018Bolillo\u2019 G\u00f3mez\u00a0<\/b>es el m\u00e1s firme candidato a ocupar la direcci\u00f3n t\u00e9cnica de la\u00a0<b>selecci\u00f3n de Bolivia<\/b>, con miras a las eliminatorias al\u00a0<b>Mundial de Estados Unidos, M\u00e9xico y Canad\u00e1 en 2026<\/b>.<\/span><\/p>\n<p class=\"x_ydp10eadf92MsoNormal\" style=\"text-align: justify;\"><span style=\"font-family: helvetica, arial, sans-serif;\">\u201cEs una selecci\u00f3n sudamericana y Bolivia ya es hora de que vaya a un Mundial, eso es muy importante y por plata no se puede da\u00f1ar eso, hay que llegar a un acuerdo\u2026.Esa selecci\u00f3n la metemos al Mundial\u201d, declar\u00f3 \u2018el Bolillo\u2019 en\u00a0<b><i>Tigo Sports.<\/i><\/b><\/span><\/p>\n<p class=\"x_ydp10eadf92MsoNormal\" style=\"text-align: justify;\"><span style=\"font-family: helvetica, arial, sans-serif;\">G\u00f3mez, de 66 a\u00f1os, tuvo su m\u00e1s reciente experiencia como entrenador al frente del\u00a0<b>Independiente<\/b>\u00a0<b>Medell\u00edn<\/b>\u00a0el a\u00f1o pasado y ha dirigido las selecciones de\u00a0<b>Colombia, Ecuador, Guatemala, Panam\u00e1 y Honduras<\/b>, asistiendo a tres mundiales.<\/span><\/p>\n<p class=\"x_ydp10eadf92MsoNormal\" style=\"text-align: justify;\"><span style=\"font-family: helvetica, arial, sans-serif;\">Bolivia ha participado en las\u00a0<b>Copas Mundo de Uruguay 1930, Brasil 1950 y Estados Unidos 1994.<\/b><\/span><\/p>\n<p class=\"x_ydp10eadf92MsoNormal\" style=\"text-align: justify;\"><span style=\"font-family: helvetica, arial, sans-serif;\">El equipo del altiplano tuvo como \u00faltimo t\u00e9cnico al venezolano\u00a0<b>C\u00e9sar Far\u00edas<\/b>, quien dej\u00f3 el cargo al no lograr el objetivo de clasificarse al\u00a0<b>Mundial de Qatar 2022<\/b>.<\/span><\/p>\n<blockquote class=\"twitter-tweet\">\n<p dir=\"ltr\" lang=\"es\">\u00abA ESA SELECCI\u00d3N LA METEMOS AL MUNDIAL\u00bb \ud83c\udde7\ud83c\uddf4\ud83c\udfc6<\/p>\n<p>Hern\u00e1n Dar\u00edo &#8216;Bolillo&#8217; G\u00f3mez habl\u00f3 sobre su posible llegada a la Selecci\u00f3n boliviana y tiene el objetivo claro de alcanzar la clasificaci\u00f3n al Mundial con la &#8216;Verde&#8217;.<\/p>\n<p>\ud83e\udd14 \u00bfQu\u00e9 te parece el &#8216;Bolillo&#8217; G\u00f3mez como entrenador de Bolivia? <a href=\"https:\/\/t.co\/KqmCalNHXM\">pic.twitter.com\/KqmCalNHXM<\/a><\/p>\n<p>\u2014 Tigo Sports Bolivia (@TigoSportsBol) <a href=\"https:\/\/twitter.com\/TigoSportsBol\/status\/1550113853618282496?ref_src=twsrc%5Etfw\">July 21, 2022<\/a><\/p><\/blockquote>\n<p><script async src=\"https:\/\/platform.twitter.com\/widgets.js\" charset=\"utf-8\"><\/script><\/p>\n","protected":false},"excerpt":{"rendered":"<p>El colombiano Hern\u00e1n Dar\u00edo \u2018Bolillo\u2019 G\u00f3mez\u00a0es el m\u00e1s firme candidato a ocupar la direcci\u00f3n t\u00e9cnica de la\u00a0selecci\u00f3n de Bolivia, con miras a las eliminatorias al\u00a0Mundial de Estados Unidos, M\u00e9xico y Canad\u00e1 en 2026. \u201cEs una selecci\u00f3n sudamericana y Bolivia ya es hora de que vaya a un Mundial, eso es muy importante y por plata [&hellip;]<\/p>\n","protected":false},"author":5,"featured_media":20969,"comment_status":"open","ping_status":"closed","sticky":false,"template":"","format":"standard","meta":{"_acf_changed":false,"footnotes":""},"categories":[152],"tags":[315,2401],"class_list":{"0":"post-82939","1":"post","2":"type-post","3":"status-publish","4":"format-standard","5":"has-post-thumbnail","7":"category-mundo-futbol","8":"tag-bolivia","9":"tag-herna-dario-gomez"},"acf":[],"_links":{"self":[{"href":"https:\/\/futbolhoy.co\/index.php\/wp-json\/wp\/v2\/posts\/82939","targetHints":{"allow":["GET"]}}],"collection":[{"href":"https:\/\/futbolhoy.co\/index.php\/wp-json\/wp\/v2\/posts"}],"about":[{"href":"https:\/\/futbolhoy.co\/index.php\/wp-json\/wp\/v2\/types\/post"}],"author":[{"embeddable":true,"href":"https:\/\/futbolhoy.co\/index.php\/wp-json\/wp\/v2\/users\/5"}],"replies":[{"embeddable":true,"href":"https:\/\/futbolhoy.co\/index.php\/wp-json\/wp\/v2\/comments?post=82939"}],"version-history":[{"count":2,"href":"https:\/\/futbolhoy.co\/index.php\/wp-json\/wp\/v2\/posts\/82939\/revisions"}],"predecessor-version":[{"id":82969,"href":"https:\/\/futbolhoy.co\/index.php\/wp-json\/wp\/v2\/posts\/82939\/revisions\/82969"}],"wp:featuredmedia":[{"embeddable":true,"href":"https:\/\/futbolhoy.co\/index.php\/wp-json\/wp\/v2\/media\/20969"}],"wp:attachment":[{"href":"https:\/\/futbolhoy.co\/index.php\/wp-json\/wp\/v2\/media?parent=82939"}],"wp:term":[{"taxonomy":"category","embeddable":true,"href":"https:\/\/futbolhoy.co\/index.php\/wp-json\/wp\/v2\/categories?post=82939"},{"taxonomy":"post_tag","embeddable":true,"href":"https:\/\/futbolhoy.co\/index.php\/wp-json\/wp\/v2\/tags?post=82939"}],"curies":[{"name":"wp","href":"https:\/\/api.w.org\/{rel}","templated":true}]}}