{"id":82941,"date":"2022-07-22T06:00:32","date_gmt":"2022-07-22T11:00:32","guid":{"rendered":"https:\/\/futbolhoy.co\/?p=82941"},"modified":"2022-07-23T08:32:44","modified_gmt":"2022-07-23T13:32:44","slug":"dani-alves-llega-a-la-liga-mx","status":"publish","type":"post","link":"https:\/\/futbolhoy.co\/index.php\/2022\/07\/22\/dani-alves-llega-a-la-liga-mx\/","title":{"rendered":"Dani Alves llega a la Liga MX"},"content":{"rendered":"<p class=\"x_ydp10eadf92MsoNormal\" style=\"text-align: justify;\"><span style=\"font-family: helvetica, arial, sans-serif;\"><b>El lateral brasile\u00f1o Dani Alves<\/b>\u00a0fue anunciado como nuevo jugador de los\u00a0<b>Pumas de la UNAM en la Liga MX de M\u00e9xico<\/b>, luego de su paso durante seis meses de regreso al\u00a0<b>Barcelona<\/b>.<\/span><\/p>\n<p class=\"x_ydp10eadf92MsoNormal\" style=\"text-align: justify;\"><span style=\"font-family: helvetica, arial, sans-serif;\">Alves, de 39 a\u00f1os y considerado el futbolista con m\u00e1s t\u00edtulos en la historia, 44 entre clubes y la selecci\u00f3n de su pa\u00eds, retomar\u00e1 su carrera en tierras mexicanas, lo que fue anunciado por\u00a0<b>Goyo<\/b>, la mascota de los felinos, en un video de bienvenida publicado en las redes sociales del club.<\/span><\/p>\n<p class=\"x_ydp10eadf92MsoNormal\" style=\"text-align: justify;\"><span style=\"font-family: helvetica, arial, sans-serif;\">El campe\u00f3n ol\u00edmpico en\u00a0<b>Tokio 2020<\/b>\u00a0podr\u00eda enfrentar a su anterior equipo, el Barcelona, el 7 de agosto, cuando los Pumas visiten el\u00a0<b>Camp Nou<\/b>\u00a0para disputar\u00a0<b>el trofeo Joan Gamper.<\/b><\/span><\/p>\n","protected":false},"excerpt":{"rendered":"<p>El lateral brasile\u00f1o Dani Alves\u00a0fue anunciado como nuevo jugador de los\u00a0Pumas de la UNAM en la Liga MX de M\u00e9xico, luego de su paso durante seis meses de regreso al\u00a0Barcelona. Alves, de 39 a\u00f1os y considerado el futbolista con m\u00e1s t\u00edtulos en la historia, 44 entre clubes y la selecci\u00f3n de su pa\u00eds, retomar\u00e1 su [&hellip;]<\/p>\n","protected":false},"author":5,"featured_media":72337,"comment_status":"open","ping_status":"closed","sticky":false,"template":"","format":"standard","meta":{"_acf_changed":false,"footnotes":""},"categories":[152],"tags":[775,472],"class_list":{"0":"post-82941","1":"post","2":"type-post","3":"status-publish","4":"format-standard","5":"has-post-thumbnail","7":"category-mundo-futbol","8":"tag-dani-alves","9":"tag-pumas"},"acf":[],"_links":{"self":[{"href":"https:\/\/futbolhoy.co\/index.php\/wp-json\/wp\/v2\/posts\/82941","targetHints":{"allow":["GET"]}}],"collection":[{"href":"https:\/\/futbolhoy.co\/index.php\/wp-json\/wp\/v2\/posts"}],"about":[{"href":"https:\/\/futbolhoy.co\/index.php\/wp-json\/wp\/v2\/types\/post"}],"author":[{"embeddable":true,"href":"https:\/\/futbolhoy.co\/index.php\/wp-json\/wp\/v2\/users\/5"}],"replies":[{"embeddable":true,"href":"https:\/\/futbolhoy.co\/index.php\/wp-json\/wp\/v2\/comments?post=82941"}],"version-history":[{"count":1,"href":"https:\/\/futbolhoy.co\/index.php\/wp-json\/wp\/v2\/posts\/82941\/revisions"}],"predecessor-version":[{"id":82942,"href":"https:\/\/futbolhoy.co\/index.php\/wp-json\/wp\/v2\/posts\/82941\/revisions\/82942"}],"wp:featuredmedia":[{"embeddable":true,"href":"https:\/\/futbolhoy.co\/index.php\/wp-json\/wp\/v2\/media\/72337"}],"wp:attachment":[{"href":"https:\/\/futbolhoy.co\/index.php\/wp-json\/wp\/v2\/media?parent=82941"}],"wp:term":[{"taxonomy":"category","embeddable":true,"href":"https:\/\/futbolhoy.co\/index.php\/wp-json\/wp\/v2\/categories?post=82941"},{"taxonomy":"post_tag","embeddable":true,"href":"https:\/\/futbolhoy.co\/index.php\/wp-json\/wp\/v2\/tags?post=82941"}],"curies":[{"name":"wp","href":"https:\/\/api.w.org\/{rel}","templated":true}]}}