{"id":83106,"date":"2022-07-26T16:03:55","date_gmt":"2022-07-26T21:03:55","guid":{"rendered":"https:\/\/futbolhoy.co\/?p=83106"},"modified":"2022-07-27T15:55:00","modified_gmt":"2022-07-27T20:55:00","slug":"83106","status":"publish","type":"post","link":"https:\/\/futbolhoy.co\/index.php\/2022\/07\/26\/83106\/","title":{"rendered":"El \u2018Pistolero\u2019 regresar\u00e1 a casa"},"content":{"rendered":"<p style=\"text-align: justify;\"><span style=\"font-family: helvetica, arial, sans-serif;\">El delantero uruguayo<strong> Luis Su\u00e1rez<\/strong>\u00a0anunci\u00f3 que tiene un preacuerdo con <strong>Nacional<\/strong> de su pa\u00eds, equipo en el que debut\u00f3 en 2005 y que le ofreci\u00f3 un contrato hasta diciembre.<\/span><\/p>\n<p style=\"text-align: justify;\"><span style=\"font-family: helvetica, arial, sans-serif;\">\u201cCreo que era inevitable rechazar esta oportunidad de tener la posibilidad de volver a jugar a Nacional. Tenemos un preacuerdo con el club, el cual en las pr\u00f3ximas horas se ultimar\u00e1n detalles y esperemos que se llegue al acuerdo que todos deseamos\u201d, dijo el \u2018Pistolero\u2019 en un video publicado en sus redes sociales.<\/span><\/p>\n<p style=\"text-align: justify;\"><span style=\"font-family: helvetica, arial, sans-serif;\">El jugador\u00a0\u00a0firmar\u00eda un contrato por tres meses para jugar los cuartos de final de <strong>Copa Sudamericana<\/strong> ante <strong>Atl\u00e9tico Goianiense<\/strong> y el Clausura local, torneos que le servir\u00e1n como preparaci\u00f3n para el Mundial Qatar 2022 (21 de noviembre al 18 de diciembre).<\/span><\/p>\n<p style=\"text-align: justify;\"><span style=\"font-family: helvetica, arial, sans-serif;\"><strong>Su\u00e1rez<\/strong>, quien naci\u00f3 en la ciudad uruguaya de Salto en 1987, debut\u00f3 con la camiseta del <strong>Nacional<\/strong> en mayo de 2005 y se despidi\u00f3 en julio de 2006 luego de jugar 48 partidos, anotar 12 goles y de conquistar en dos oportunidades el campeonato de su pa\u00eds.<\/span><\/p>\n","protected":false},"excerpt":{"rendered":"<p>El delantero uruguayo Luis Su\u00e1rez\u00a0anunci\u00f3 que tiene un preacuerdo con Nacional de su pa\u00eds, equipo en el que debut\u00f3 en 2005 y que le ofreci\u00f3 un contrato hasta diciembre. \u201cCreo que era inevitable rechazar esta oportunidad de tener la posibilidad de volver a jugar a Nacional. Tenemos un preacuerdo con el club, el cual en [&hellip;]<\/p>\n","protected":false},"author":5,"featured_media":83107,"comment_status":"open","ping_status":"closed","sticky":false,"template":"","format":"standard","meta":{"_acf_changed":false,"footnotes":""},"categories":[152],"tags":[],"class_list":{"0":"post-83106","1":"post","2":"type-post","3":"status-publish","4":"format-standard","5":"has-post-thumbnail","7":"category-mundo-futbol"},"acf":[],"_links":{"self":[{"href":"https:\/\/futbolhoy.co\/index.php\/wp-json\/wp\/v2\/posts\/83106","targetHints":{"allow":["GET"]}}],"collection":[{"href":"https:\/\/futbolhoy.co\/index.php\/wp-json\/wp\/v2\/posts"}],"about":[{"href":"https:\/\/futbolhoy.co\/index.php\/wp-json\/wp\/v2\/types\/post"}],"author":[{"embeddable":true,"href":"https:\/\/futbolhoy.co\/index.php\/wp-json\/wp\/v2\/users\/5"}],"replies":[{"embeddable":true,"href":"https:\/\/futbolhoy.co\/index.php\/wp-json\/wp\/v2\/comments?post=83106"}],"version-history":[{"count":5,"href":"https:\/\/futbolhoy.co\/index.php\/wp-json\/wp\/v2\/posts\/83106\/revisions"}],"predecessor-version":[{"id":83112,"href":"https:\/\/futbolhoy.co\/index.php\/wp-json\/wp\/v2\/posts\/83106\/revisions\/83112"}],"wp:featuredmedia":[{"embeddable":true,"href":"https:\/\/futbolhoy.co\/index.php\/wp-json\/wp\/v2\/media\/83107"}],"wp:attachment":[{"href":"https:\/\/futbolhoy.co\/index.php\/wp-json\/wp\/v2\/media?parent=83106"}],"wp:term":[{"taxonomy":"category","embeddable":true,"href":"https:\/\/futbolhoy.co\/index.php\/wp-json\/wp\/v2\/categories?post=83106"},{"taxonomy":"post_tag","embeddable":true,"href":"https:\/\/futbolhoy.co\/index.php\/wp-json\/wp\/v2\/tags?post=83106"}],"curies":[{"name":"wp","href":"https:\/\/api.w.org\/{rel}","templated":true}]}}