{"id":83127,"date":"2022-07-27T16:06:47","date_gmt":"2022-07-27T21:06:47","guid":{"rendered":"https:\/\/futbolhoy.co\/?p=83127"},"modified":"2022-07-29T07:21:43","modified_gmt":"2022-07-29T12:21:43","slug":"falcao-marco-el-primero-de-la-pretemporada","status":"publish","type":"post","link":"https:\/\/futbolhoy.co\/index.php\/2022\/07\/27\/falcao-marco-el-primero-de-la-pretemporada\/","title":{"rendered":"Falcao marc\u00f3 el primero de la pretemporada"},"content":{"rendered":"<div>\n<p style=\"text-align: justify;\"><span style=\"font-family: helvetica, arial, sans-serif;\"><strong>Rayo Vallecano,<\/strong> con gol de <strong>Falcao Garc\u00eda<\/strong>, se impuso 1-2 al <strong>Legan\u00e9s<\/strong> en el cuarto amistoso de preparaci\u00f3n, celebrado en la sede deportiva de Butarque en la Comunidad de Madrid.<\/span><\/p>\n<p style=\"text-align: justify;\"><span style=\"font-family: helvetica, arial, sans-serif;\">El tanto del samario, quien ingres\u00f3 para la segunda parte, lleg\u00f3 a los 83 minutos despu\u00e9s de un cobro de costado.<\/span><\/p>\n<p style=\"text-align: justify;\"><span style=\"font-family: helvetica, arial, sans-serif;\">El otro gol del <strong>Rayo<\/strong> fue anotado por<strong> Isi Palaz\u00f3n<\/strong> a los 53 minutos. \u00a0El empate parcial lo hab\u00eda alcanzado <strong>Juan Mu\u00f1oz<\/strong>, a los 78 minutos.<\/span><\/p>\n<p style=\"text-align: justify;\"><span style=\"font-family: helvetica, arial, sans-serif;\">El equipo de <strong>Vallecas,<\/strong> que venia de vencer 0-2 al <strong>Sheffield Wednesday<\/strong> de Inglaterra, se medir\u00e1 el pr\u00f3ximo domingo al<strong> Manchester United<\/strong> en Old Trafford.<\/span><\/p>\n<p style=\"text-align: justify;\"><span style=\"font-family: helvetica, arial, sans-serif;\">En Liga, debutar\u00e1 el 13 de agosto visitando al <strong>Barcelona<\/strong> en el Camp Nou.<\/span><\/p>\n<p style=\"text-align: justify;\"><span style=\"font-family: helvetica, arial, sans-serif;\">Entretanto, en este periodo de preparaci\u00f3n\u00a0 los clubes europeos, el guajiro <strong>Luis D\u00edaz<\/strong> jug\u00f3 los \u00faltimos 30 minutos en la derrota de su equipo, el Liverpool, 1-0 frente al <strong>Salzburgo<\/strong> en Austria.<\/span><\/p>\n<p style=\"text-align: justify;\"><span style=\"font-family: helvetica, arial, sans-serif;\"><strong>D\u00edaz<\/strong> estuvo cerca de anotar a los 83 minutos, pero la acci\u00f3n fue anulada por fuera de lugar. Al final reclam\u00f3 un penalti luego de caer en el \u00e1rea, pero el \u00e1rbitro consider\u00f3 que simul\u00f3.<\/span><\/p>\n<p style=\"text-align: justify;\"><span style=\"font-family: helvetica, arial, sans-serif;\">El siguiente partido del <strong>Liverpool,<\/strong> ser\u00e1 el pr\u00f3ximo s\u00e1bado ante <strong>Manchester City<\/strong> en la final de la Community Shield.<\/span><\/p>\n<blockquote class=\"twitter-tweet\" data-width=\"550\" data-dnt=\"true\">\n<p lang=\"pt\" dir=\"ltr\">\u26bd\ufe0f Falcao, olfato de pretemporada\u2757\ufe0f <a href=\"https:\/\/twitter.com\/CDLeganes?ref_src=twsrc%5Etfw\">@CDLeganes<\/a> 1 - 2 <a href=\"https:\/\/twitter.com\/RayoVallecano?ref_src=twsrc%5Etfw\">@RayoVallecano<\/a> <a href=\"https:\/\/twitter.com\/hashtag\/LeganesRayo?src=hash&amp;ref_src=twsrc%5Etfw\">#LeganesRayo<\/a> <a href=\"https:\/\/t.co\/z2w4NbZztC\">pic.twitter.com\/z2w4NbZztC<\/a><\/p>\n<p>&mdash; Jorge G\u00f3mez (@JorgeGmezprofe) <a href=\"https:\/\/twitter.com\/JorgeGmezprofe\/status\/1552373638300635137?ref_src=twsrc%5Etfw\">July 27, 2022<\/a><\/p><\/blockquote>\n<p><script async src=\"https:\/\/platform.twitter.com\/widgets.js\" charset=\"utf-8\"><\/script><\/p>\n<p>&nbsp;<\/p>\n<\/div>\n","protected":false},"excerpt":{"rendered":"<p>Rayo Vallecano, con gol de Falcao Garc\u00eda, se impuso 1-2 al Legan\u00e9s en el cuarto amistoso de preparaci\u00f3n, celebrado en la sede deportiva de Butarque en la Comunidad de Madrid. El tanto del samario, quien ingres\u00f3 para la segunda parte, lleg\u00f3 a los 83 minutos despu\u00e9s de un cobro de costado. El otro gol del [&hellip;]<\/p>\n","protected":false},"author":5,"featured_media":83128,"comment_status":"open","ping_status":"open","sticky":false,"template":"","format":"standard","meta":{"_acf_changed":false,"footnotes":""},"categories":[418],"tags":[],"class_list":{"0":"post-83127","1":"post","2":"type-post","3":"status-publish","4":"format-standard","5":"has-post-thumbnail","7":"category-colombia"},"acf":[],"yoast_head":"<!-- This site is optimized with the Yoast SEO plugin v26.8 - https:\/\/yoast.com\/product\/yoast-seo-wordpress\/ -->\n<title>Falcao marc\u00f3 el primero de la pretemporada -<\/title>\n<meta name=\"robots\" content=\"index, follow, max-snippet:-1, max-image-preview:large, max-video-preview:-1\" \/>\n<link rel=\"canonical\" href=\"https:\/\/futbolhoy.co\/index.php\/2022\/07\/27\/falcao-marco-el-primero-de-la-pretemporada\/\" \/>\n<meta property=\"og:locale\" content=\"es_ES\" \/>\n<meta property=\"og:type\" content=\"article\" \/>\n<meta property=\"og:title\" content=\"Falcao marc\u00f3 el primero de la pretemporada -\" \/>\n<meta property=\"og:description\" content=\"Rayo Vallecano, con gol de Falcao Garc\u00eda, se impuso 1-2 al Legan\u00e9s en el cuarto amistoso de preparaci\u00f3n, celebrado en la sede deportiva de Butarque en la Comunidad de Madrid. El tanto del samario, quien ingres\u00f3 para la segunda parte, lleg\u00f3 a los 83 minutos despu\u00e9s de un cobro de costado. El otro gol del [&hellip;]\" \/>\n<meta property=\"og:url\" content=\"https:\/\/futbolhoy.co\/index.php\/2022\/07\/27\/falcao-marco-el-primero-de-la-pretemporada\/\" \/>\n<meta property=\"article:publisher\" content=\"https:\/\/www.facebook.com\/FutbolHoyCol\/\" \/>\n<meta property=\"article:published_time\" content=\"2022-07-27T21:06:47+00:00\" \/>\n<meta property=\"article:modified_time\" content=\"2022-07-29T12:21:43+00:00\" \/>\n<meta property=\"og:image\" content=\"https:\/\/futbolhoy.co\/wp-content\/uploads\/2022\/07\/FYsgWB6XkAEoR8O.jpg\" \/>\n\t<meta property=\"og:image:width\" content=\"2000\" \/>\n\t<meta property=\"og:image:height\" content=\"1114\" \/>\n\t<meta property=\"og:image:type\" content=\"image\/jpeg\" \/>\n<meta name=\"author\" content=\"Laura Hern\u00e1ndez\" \/>\n<meta name=\"twitter:card\" content=\"summary_large_image\" \/>\n<meta name=\"twitter:creator\" content=\"@FutbolHoyCol\" \/>\n<meta name=\"twitter:site\" content=\"@FutbolHoyCol\" \/>\n<meta name=\"twitter:label1\" content=\"Escrito por\" \/>\n\t<meta name=\"twitter:data1\" content=\"Laura Hern\u00e1ndez\" \/>\n\t<meta name=\"twitter:label2\" content=\"Tiempo de lectura\" \/>\n\t<meta name=\"twitter:data2\" content=\"1 minuto\" \/>\n<script type=\"application\/ld+json\" class=\"yoast-schema-graph\">{\"@context\":\"https:\/\/schema.org\",\"@graph\":[{\"@type\":\"Article\",\"@id\":\"https:\/\/futbolhoy.co\/index.php\/2022\/07\/27\/falcao-marco-el-primero-de-la-pretemporada\/#article\",\"isPartOf\":{\"@id\":\"https:\/\/futbolhoy.co\/index.php\/2022\/07\/27\/falcao-marco-el-primero-de-la-pretemporada\/\"},\"author\":{\"name\":\"Laura Hern\u00e1ndez\",\"@id\":\"https:\/\/futbolhoy.co\/#\/schema\/person\/c4a353a512b127643723a34bb1812f7d\"},\"headline\":\"Falcao marc\u00f3 el primero de la pretemporada\",\"datePublished\":\"2022-07-27T21:06:47+00:00\",\"dateModified\":\"2022-07-29T12:21:43+00:00\",\"mainEntityOfPage\":{\"@id\":\"https:\/\/futbolhoy.co\/index.php\/2022\/07\/27\/falcao-marco-el-primero-de-la-pretemporada\/\"},\"wordCount\":231,\"commentCount\":0,\"publisher\":{\"@id\":\"https:\/\/futbolhoy.co\/#organization\"},\"image\":{\"@id\":\"https:\/\/futbolhoy.co\/index.php\/2022\/07\/27\/falcao-marco-el-primero-de-la-pretemporada\/#primaryimage\"},\"thumbnailUrl\":\"https:\/\/futbolhoy.co\/wp-content\/uploads\/2022\/07\/FYsgWB6XkAEoR8O.jpg\",\"articleSection\":[\"Colombia\"],\"inLanguage\":\"es\",\"potentialAction\":[{\"@type\":\"CommentAction\",\"name\":\"Comment\",\"target\":[\"https:\/\/futbolhoy.co\/index.php\/2022\/07\/27\/falcao-marco-el-primero-de-la-pretemporada\/#respond\"]}]},{\"@type\":\"WebPage\",\"@id\":\"https:\/\/futbolhoy.co\/index.php\/2022\/07\/27\/falcao-marco-el-primero-de-la-pretemporada\/\",\"url\":\"https:\/\/futbolhoy.co\/index.php\/2022\/07\/27\/falcao-marco-el-primero-de-la-pretemporada\/\",\"name\":\"Falcao marc\u00f3 el primero de la pretemporada -\",\"isPartOf\":{\"@id\":\"https:\/\/futbolhoy.co\/#website\"},\"primaryImageOfPage\":{\"@id\":\"https:\/\/futbolhoy.co\/index.php\/2022\/07\/27\/falcao-marco-el-primero-de-la-pretemporada\/#primaryimage\"},\"image\":{\"@id\":\"https:\/\/futbolhoy.co\/index.php\/2022\/07\/27\/falcao-marco-el-primero-de-la-pretemporada\/#primaryimage\"},\"thumbnailUrl\":\"https:\/\/futbolhoy.co\/wp-content\/uploads\/2022\/07\/FYsgWB6XkAEoR8O.jpg\",\"datePublished\":\"2022-07-27T21:06:47+00:00\",\"dateModified\":\"2022-07-29T12:21:43+00:00\",\"breadcrumb\":{\"@id\":\"https:\/\/futbolhoy.co\/index.php\/2022\/07\/27\/falcao-marco-el-primero-de-la-pretemporada\/#breadcrumb\"},\"inLanguage\":\"es\",\"potentialAction\":[{\"@type\":\"ReadAction\",\"target\":[\"https:\/\/futbolhoy.co\/index.php\/2022\/07\/27\/falcao-marco-el-primero-de-la-pretemporada\/\"]}]},{\"@type\":\"ImageObject\",\"inLanguage\":\"es\",\"@id\":\"https:\/\/futbolhoy.co\/index.php\/2022\/07\/27\/falcao-marco-el-primero-de-la-pretemporada\/#primaryimage\",\"url\":\"https:\/\/futbolhoy.co\/wp-content\/uploads\/2022\/07\/FYsgWB6XkAEoR8O.jpg\",\"contentUrl\":\"https:\/\/futbolhoy.co\/wp-content\/uploads\/2022\/07\/FYsgWB6XkAEoR8O.jpg\",\"width\":2000,\"height\":1114},{\"@type\":\"BreadcrumbList\",\"@id\":\"https:\/\/futbolhoy.co\/index.php\/2022\/07\/27\/falcao-marco-el-primero-de-la-pretemporada\/#breadcrumb\",\"itemListElement\":[{\"@type\":\"ListItem\",\"position\":1,\"name\":\"Portada\",\"item\":\"https:\/\/futbolhoy.co\/\"},{\"@type\":\"ListItem\",\"position\":2,\"name\":\"Falcao marc\u00f3 el primero de la pretemporada\"}]},{\"@type\":\"WebSite\",\"@id\":\"https:\/\/futbolhoy.co\/#website\",\"url\":\"https:\/\/futbolhoy.co\/\",\"name\":\"FutbolHoy\",\"description\":\"\",\"publisher\":{\"@id\":\"https:\/\/futbolhoy.co\/#organization\"},\"potentialAction\":[{\"@type\":\"SearchAction\",\"target\":{\"@type\":\"EntryPoint\",\"urlTemplate\":\"https:\/\/futbolhoy.co\/?s={search_term_string}\"},\"query-input\":{\"@type\":\"PropertyValueSpecification\",\"valueRequired\":true,\"valueName\":\"search_term_string\"}}],\"inLanguage\":\"es\"},{\"@type\":\"Organization\",\"@id\":\"https:\/\/futbolhoy.co\/#organization\",\"name\":\"Futbolhoy.co\",\"url\":\"https:\/\/futbolhoy.co\/\",\"logo\":{\"@type\":\"ImageObject\",\"inLanguage\":\"es\",\"@id\":\"https:\/\/futbolhoy.co\/#\/schema\/logo\/image\/\",\"url\":\"https:\/\/futbolhoy.co\/wp-content\/uploads\/2018\/08\/17426380_1906371736249227_6326180412931521141_n.jpg\",\"contentUrl\":\"https:\/\/futbolhoy.co\/wp-content\/uploads\/2018\/08\/17426380_1906371736249227_6326180412931521141_n.jpg\",\"width\":960,\"height\":960,\"caption\":\"Futbolhoy.co\"},\"image\":{\"@id\":\"https:\/\/futbolhoy.co\/#\/schema\/logo\/image\/\"},\"sameAs\":[\"https:\/\/www.facebook.com\/FutbolHoyCol\/\",\"https:\/\/x.com\/FutbolHoyCol\",\"https:\/\/www.instagram.com\/futbolhoycol\/\"]},{\"@type\":\"Person\",\"@id\":\"https:\/\/futbolhoy.co\/#\/schema\/person\/c4a353a512b127643723a34bb1812f7d\",\"name\":\"Laura Hern\u00e1ndez\",\"image\":{\"@type\":\"ImageObject\",\"inLanguage\":\"es\",\"@id\":\"https:\/\/futbolhoy.co\/#\/schema\/person\/image\/\",\"url\":\"https:\/\/secure.gravatar.com\/avatar\/d25959a15b9b293a743f99181c7cfd01?s=96&d=mm&r=g\",\"contentUrl\":\"https:\/\/secure.gravatar.com\/avatar\/d25959a15b9b293a743f99181c7cfd01?s=96&d=mm&r=g\",\"caption\":\"Laura Hern\u00e1ndez\"}}]}<\/script>\n<!-- \/ Yoast SEO plugin. -->","yoast_head_json":{"title":"Falcao marc\u00f3 el primero de la pretemporada -","robots":{"index":"index","follow":"follow","max-snippet":"max-snippet:-1","max-image-preview":"max-image-preview:large","max-video-preview":"max-video-preview:-1"},"canonical":"https:\/\/futbolhoy.co\/index.php\/2022\/07\/27\/falcao-marco-el-primero-de-la-pretemporada\/","og_locale":"es_ES","og_type":"article","og_title":"Falcao marc\u00f3 el primero de la pretemporada -","og_description":"Rayo Vallecano, con gol de Falcao Garc\u00eda, se impuso 1-2 al Legan\u00e9s en el cuarto amistoso de preparaci\u00f3n, celebrado en la sede deportiva de Butarque en la Comunidad de Madrid. El tanto del samario, quien ingres\u00f3 para la segunda parte, lleg\u00f3 a los 83 minutos despu\u00e9s de un cobro de costado. El otro gol del [&hellip;]","og_url":"https:\/\/futbolhoy.co\/index.php\/2022\/07\/27\/falcao-marco-el-primero-de-la-pretemporada\/","article_publisher":"https:\/\/www.facebook.com\/FutbolHoyCol\/","article_published_time":"2022-07-27T21:06:47+00:00","article_modified_time":"2022-07-29T12:21:43+00:00","og_image":[{"width":2000,"height":1114,"url":"https:\/\/futbolhoy.co\/wp-content\/uploads\/2022\/07\/FYsgWB6XkAEoR8O.jpg","type":"image\/jpeg"}],"author":"Laura Hern\u00e1ndez","twitter_card":"summary_large_image","twitter_creator":"@FutbolHoyCol","twitter_site":"@FutbolHoyCol","twitter_misc":{"Escrito por":"Laura Hern\u00e1ndez","Tiempo de lectura":"1 minuto"},"schema":{"@context":"https:\/\/schema.org","@graph":[{"@type":"Article","@id":"https:\/\/futbolhoy.co\/index.php\/2022\/07\/27\/falcao-marco-el-primero-de-la-pretemporada\/#article","isPartOf":{"@id":"https:\/\/futbolhoy.co\/index.php\/2022\/07\/27\/falcao-marco-el-primero-de-la-pretemporada\/"},"author":{"name":"Laura Hern\u00e1ndez","@id":"https:\/\/futbolhoy.co\/#\/schema\/person\/c4a353a512b127643723a34bb1812f7d"},"headline":"Falcao marc\u00f3 el primero de la pretemporada","datePublished":"2022-07-27T21:06:47+00:00","dateModified":"2022-07-29T12:21:43+00:00","mainEntityOfPage":{"@id":"https:\/\/futbolhoy.co\/index.php\/2022\/07\/27\/falcao-marco-el-primero-de-la-pretemporada\/"},"wordCount":231,"commentCount":0,"publisher":{"@id":"https:\/\/futbolhoy.co\/#organization"},"image":{"@id":"https:\/\/futbolhoy.co\/index.php\/2022\/07\/27\/falcao-marco-el-primero-de-la-pretemporada\/#primaryimage"},"thumbnailUrl":"https:\/\/futbolhoy.co\/wp-content\/uploads\/2022\/07\/FYsgWB6XkAEoR8O.jpg","articleSection":["Colombia"],"inLanguage":"es","potentialAction":[{"@type":"CommentAction","name":"Comment","target":["https:\/\/futbolhoy.co\/index.php\/2022\/07\/27\/falcao-marco-el-primero-de-la-pretemporada\/#respond"]}]},{"@type":"WebPage","@id":"https:\/\/futbolhoy.co\/index.php\/2022\/07\/27\/falcao-marco-el-primero-de-la-pretemporada\/","url":"https:\/\/futbolhoy.co\/index.php\/2022\/07\/27\/falcao-marco-el-primero-de-la-pretemporada\/","name":"Falcao marc\u00f3 el primero de la pretemporada -","isPartOf":{"@id":"https:\/\/futbolhoy.co\/#website"},"primaryImageOfPage":{"@id":"https:\/\/futbolhoy.co\/index.php\/2022\/07\/27\/falcao-marco-el-primero-de-la-pretemporada\/#primaryimage"},"image":{"@id":"https:\/\/futbolhoy.co\/index.php\/2022\/07\/27\/falcao-marco-el-primero-de-la-pretemporada\/#primaryimage"},"thumbnailUrl":"https:\/\/futbolhoy.co\/wp-content\/uploads\/2022\/07\/FYsgWB6XkAEoR8O.jpg","datePublished":"2022-07-27T21:06:47+00:00","dateModified":"2022-07-29T12:21:43+00:00","breadcrumb":{"@id":"https:\/\/futbolhoy.co\/index.php\/2022\/07\/27\/falcao-marco-el-primero-de-la-pretemporada\/#breadcrumb"},"inLanguage":"es","potentialAction":[{"@type":"ReadAction","target":["https:\/\/futbolhoy.co\/index.php\/2022\/07\/27\/falcao-marco-el-primero-de-la-pretemporada\/"]}]},{"@type":"ImageObject","inLanguage":"es","@id":"https:\/\/futbolhoy.co\/index.php\/2022\/07\/27\/falcao-marco-el-primero-de-la-pretemporada\/#primaryimage","url":"https:\/\/futbolhoy.co\/wp-content\/uploads\/2022\/07\/FYsgWB6XkAEoR8O.jpg","contentUrl":"https:\/\/futbolhoy.co\/wp-content\/uploads\/2022\/07\/FYsgWB6XkAEoR8O.jpg","width":2000,"height":1114},{"@type":"BreadcrumbList","@id":"https:\/\/futbolhoy.co\/index.php\/2022\/07\/27\/falcao-marco-el-primero-de-la-pretemporada\/#breadcrumb","itemListElement":[{"@type":"ListItem","position":1,"name":"Portada","item":"https:\/\/futbolhoy.co\/"},{"@type":"ListItem","position":2,"name":"Falcao marc\u00f3 el primero de la pretemporada"}]},{"@type":"WebSite","@id":"https:\/\/futbolhoy.co\/#website","url":"https:\/\/futbolhoy.co\/","name":"FutbolHoy","description":"","publisher":{"@id":"https:\/\/futbolhoy.co\/#organization"},"potentialAction":[{"@type":"SearchAction","target":{"@type":"EntryPoint","urlTemplate":"https:\/\/futbolhoy.co\/?s={search_term_string}"},"query-input":{"@type":"PropertyValueSpecification","valueRequired":true,"valueName":"search_term_string"}}],"inLanguage":"es"},{"@type":"Organization","@id":"https:\/\/futbolhoy.co\/#organization","name":"Futbolhoy.co","url":"https:\/\/futbolhoy.co\/","logo":{"@type":"ImageObject","inLanguage":"es","@id":"https:\/\/futbolhoy.co\/#\/schema\/logo\/image\/","url":"https:\/\/futbolhoy.co\/wp-content\/uploads\/2018\/08\/17426380_1906371736249227_6326180412931521141_n.jpg","contentUrl":"https:\/\/futbolhoy.co\/wp-content\/uploads\/2018\/08\/17426380_1906371736249227_6326180412931521141_n.jpg","width":960,"height":960,"caption":"Futbolhoy.co"},"image":{"@id":"https:\/\/futbolhoy.co\/#\/schema\/logo\/image\/"},"sameAs":["https:\/\/www.facebook.com\/FutbolHoyCol\/","https:\/\/x.com\/FutbolHoyCol","https:\/\/www.instagram.com\/futbolhoycol\/"]},{"@type":"Person","@id":"https:\/\/futbolhoy.co\/#\/schema\/person\/c4a353a512b127643723a34bb1812f7d","name":"Laura Hern\u00e1ndez","image":{"@type":"ImageObject","inLanguage":"es","@id":"https:\/\/futbolhoy.co\/#\/schema\/person\/image\/","url":"https:\/\/secure.gravatar.com\/avatar\/d25959a15b9b293a743f99181c7cfd01?s=96&d=mm&r=g","contentUrl":"https:\/\/secure.gravatar.com\/avatar\/d25959a15b9b293a743f99181c7cfd01?s=96&d=mm&r=g","caption":"Laura Hern\u00e1ndez"}}]}},"publishpress_future_action":{"enabled":false,"date":"2026-05-02 04:05:25","action":"change-status","newStatus":"draft","terms":[],"taxonomy":"category","extraData":[]},"publishpress_future_workflow_manual_trigger":{"enabledWorkflows":[]},"_links":{"self":[{"href":"https:\/\/futbolhoy.co\/index.php\/wp-json\/wp\/v2\/posts\/83127","targetHints":{"allow":["GET"]}}],"collection":[{"href":"https:\/\/futbolhoy.co\/index.php\/wp-json\/wp\/v2\/posts"}],"about":[{"href":"https:\/\/futbolhoy.co\/index.php\/wp-json\/wp\/v2\/types\/post"}],"author":[{"embeddable":true,"href":"https:\/\/futbolhoy.co\/index.php\/wp-json\/wp\/v2\/users\/5"}],"replies":[{"embeddable":true,"href":"https:\/\/futbolhoy.co\/index.php\/wp-json\/wp\/v2\/comments?post=83127"}],"version-history":[{"count":3,"href":"https:\/\/futbolhoy.co\/index.php\/wp-json\/wp\/v2\/posts\/83127\/revisions"}],"predecessor-version":[{"id":83133,"href":"https:\/\/futbolhoy.co\/index.php\/wp-json\/wp\/v2\/posts\/83127\/revisions\/83133"}],"wp:featuredmedia":[{"embeddable":true,"href":"https:\/\/futbolhoy.co\/index.php\/wp-json\/wp\/v2\/media\/83128"}],"wp:attachment":[{"href":"https:\/\/futbolhoy.co\/index.php\/wp-json\/wp\/v2\/media?parent=83127"}],"wp:term":[{"taxonomy":"category","embeddable":true,"href":"https:\/\/futbolhoy.co\/index.php\/wp-json\/wp\/v2\/categories?post=83127"},{"taxonomy":"post_tag","embeddable":true,"href":"https:\/\/futbolhoy.co\/index.php\/wp-json\/wp\/v2\/tags?post=83127"}],"curies":[{"name":"wp","href":"https:\/\/api.w.org\/{rel}","templated":true}]}}