{"id":83182,"date":"2022-07-28T15:41:12","date_gmt":"2022-07-28T20:41:12","guid":{"rendered":"https:\/\/futbolhoy.co\/?p=83182"},"modified":"2022-07-29T16:54:46","modified_gmt":"2022-07-29T21:54:46","slug":"catalina-esta-de-vuelta","status":"publish","type":"post","link":"https:\/\/futbolhoy.co\/index.php\/2022\/07\/28\/catalina-esta-de-vuelta\/","title":{"rendered":"Catalina est\u00e1 de vuelta"},"content":{"rendered":"<p style=\"text-align: justify;\"><span style=\"font-family: helvetica, arial, sans-serif;\">La delantera de la <strong>selecci\u00f3n femenina de<\/strong> <strong>Colombia,<\/strong> <strong>Catalina Usme<\/strong>, ausente en la pr\u00e1ctica de este mi\u00e9rcoles, regres\u00f3 a los entrenamientos del plantel que se alista para la final de la <strong>Copa Am\u00e9rica<\/strong>.<\/span><\/p>\n<p style=\"text-align: justify;\"><span style=\"font-family: helvetica, arial, sans-serif;\"><strong>Catalina<\/strong> afectada por un fuerte golpe en su empeine, que recibi\u00f3 en le partido frente a <strong>Argentina,<\/strong> particip\u00f3 en la sesi\u00f3n que adelant\u00f3 el equipo en el <strong>Colegio San Pedro Claver<\/strong> en las afueras de la capital santandereana.<\/span><\/p>\n<p style=\"text-align: justify;\"><span style=\"font-family: helvetica, arial, sans-serif;\">Los m\u00e9dicos volver\u00e1n a revisarla este viernes para detallar su evoluci\u00f3n y que no vaya a presentar inconvenientes para aparecer en el once inicial, si el t\u00e9cnico lo dispone.<\/span><\/p>\n<p style=\"text-align: justify;\"><span style=\"font-family: helvetica, arial, sans-serif;\">La antioque\u00f1a, referente de esta selecci\u00f3n, ha participado en todos los encuentros de esta Copa. La jugadora tiene un gol y una asistencia en el campeonato.<\/span><\/p>\n<p style=\"text-align: justify;\"><span style=\"font-family: helvetica, arial, sans-serif;\"><strong>Colombia<\/strong> se alista para enfrentar este s\u00e1bado a <strong>Brasil<\/strong> por el t\u00edtulo de la Copa. El choque, que est\u00e1 programado para las 7pm en el estadio Alfonso L\u00f3pez de Bucaramanga, ser\u00e1 el primero de la historia del campeonato que cuente con VAR.<\/span><\/p>\n","protected":false},"excerpt":{"rendered":"<p>La delantera de la selecci\u00f3n femenina de Colombia, Catalina Usme, ausente en la pr\u00e1ctica de este mi\u00e9rcoles, regres\u00f3 a los entrenamientos del plantel que se alista para la final de la Copa Am\u00e9rica. Catalina afectada por un fuerte golpe en su empeine, que recibi\u00f3 en le partido frente a Argentina, particip\u00f3 en la sesi\u00f3n que [&hellip;]<\/p>\n","protected":false},"author":5,"featured_media":83183,"comment_status":"open","ping_status":"open","sticky":false,"template":"","format":"standard","meta":{"_acf_changed":false,"footnotes":""},"categories":[418],"tags":[],"class_list":{"0":"post-83182","1":"post","2":"type-post","3":"status-publish","4":"format-standard","5":"has-post-thumbnail","7":"category-colombia"},"acf":[],"yoast_head":"<!-- This site is optimized with the Yoast SEO plugin v26.8 - https:\/\/yoast.com\/product\/yoast-seo-wordpress\/ -->\n<title>Catalina est\u00e1 de vuelta -<\/title>\n<meta name=\"robots\" content=\"index, follow, max-snippet:-1, max-image-preview:large, max-video-preview:-1\" \/>\n<link rel=\"canonical\" href=\"https:\/\/futbolhoy.co\/index.php\/2022\/07\/28\/catalina-esta-de-vuelta\/\" \/>\n<meta property=\"og:locale\" content=\"es_ES\" \/>\n<meta property=\"og:type\" content=\"article\" \/>\n<meta property=\"og:title\" content=\"Catalina est\u00e1 de vuelta -\" \/>\n<meta property=\"og:description\" content=\"La delantera de la selecci\u00f3n femenina de Colombia, Catalina Usme, ausente en la pr\u00e1ctica de este mi\u00e9rcoles, regres\u00f3 a los entrenamientos del plantel que se alista para la final de la Copa Am\u00e9rica. Catalina afectada por un fuerte golpe en su empeine, que recibi\u00f3 en le partido frente a Argentina, particip\u00f3 en la sesi\u00f3n que [&hellip;]\" \/>\n<meta property=\"og:url\" content=\"https:\/\/futbolhoy.co\/index.php\/2022\/07\/28\/catalina-esta-de-vuelta\/\" \/>\n<meta property=\"article:publisher\" content=\"https:\/\/www.facebook.com\/FutbolHoyCol\/\" \/>\n<meta property=\"article:published_time\" content=\"2022-07-28T20:41:12+00:00\" \/>\n<meta property=\"article:modified_time\" content=\"2022-07-29T21:54:46+00:00\" \/>\n<meta property=\"og:image\" content=\"https:\/\/futbolhoy.co\/wp-content\/uploads\/2022\/07\/20220728_154009.jpg\" \/>\n\t<meta property=\"og:image:width\" content=\"660\" \/>\n\t<meta property=\"og:image:height\" content=\"385\" \/>\n\t<meta property=\"og:image:type\" content=\"image\/jpeg\" \/>\n<meta name=\"author\" content=\"Laura Hern\u00e1ndez\" \/>\n<meta name=\"twitter:card\" content=\"summary_large_image\" \/>\n<meta name=\"twitter:creator\" content=\"@FutbolHoyCol\" \/>\n<meta name=\"twitter:site\" content=\"@FutbolHoyCol\" \/>\n<meta name=\"twitter:label1\" content=\"Escrito por\" \/>\n\t<meta name=\"twitter:data1\" content=\"Laura Hern\u00e1ndez\" \/>\n\t<meta name=\"twitter:label2\" content=\"Tiempo de lectura\" \/>\n\t<meta name=\"twitter:data2\" content=\"1 minuto\" \/>\n<script type=\"application\/ld+json\" class=\"yoast-schema-graph\">{\"@context\":\"https:\/\/schema.org\",\"@graph\":[{\"@type\":\"Article\",\"@id\":\"https:\/\/futbolhoy.co\/index.php\/2022\/07\/28\/catalina-esta-de-vuelta\/#article\",\"isPartOf\":{\"@id\":\"https:\/\/futbolhoy.co\/index.php\/2022\/07\/28\/catalina-esta-de-vuelta\/\"},\"author\":{\"name\":\"Laura Hern\u00e1ndez\",\"@id\":\"https:\/\/futbolhoy.co\/#\/schema\/person\/c4a353a512b127643723a34bb1812f7d\"},\"headline\":\"Catalina est\u00e1 de vuelta\",\"datePublished\":\"2022-07-28T20:41:12+00:00\",\"dateModified\":\"2022-07-29T21:54:46+00:00\",\"mainEntityOfPage\":{\"@id\":\"https:\/\/futbolhoy.co\/index.php\/2022\/07\/28\/catalina-esta-de-vuelta\/\"},\"wordCount\":186,\"commentCount\":0,\"publisher\":{\"@id\":\"https:\/\/futbolhoy.co\/#organization\"},\"image\":{\"@id\":\"https:\/\/futbolhoy.co\/index.php\/2022\/07\/28\/catalina-esta-de-vuelta\/#primaryimage\"},\"thumbnailUrl\":\"https:\/\/futbolhoy.co\/wp-content\/uploads\/2022\/07\/20220728_154009.jpg\",\"articleSection\":[\"Colombia\"],\"inLanguage\":\"es\",\"potentialAction\":[{\"@type\":\"CommentAction\",\"name\":\"Comment\",\"target\":[\"https:\/\/futbolhoy.co\/index.php\/2022\/07\/28\/catalina-esta-de-vuelta\/#respond\"]}]},{\"@type\":\"WebPage\",\"@id\":\"https:\/\/futbolhoy.co\/index.php\/2022\/07\/28\/catalina-esta-de-vuelta\/\",\"url\":\"https:\/\/futbolhoy.co\/index.php\/2022\/07\/28\/catalina-esta-de-vuelta\/\",\"name\":\"Catalina est\u00e1 de vuelta -\",\"isPartOf\":{\"@id\":\"https:\/\/futbolhoy.co\/#website\"},\"primaryImageOfPage\":{\"@id\":\"https:\/\/futbolhoy.co\/index.php\/2022\/07\/28\/catalina-esta-de-vuelta\/#primaryimage\"},\"image\":{\"@id\":\"https:\/\/futbolhoy.co\/index.php\/2022\/07\/28\/catalina-esta-de-vuelta\/#primaryimage\"},\"thumbnailUrl\":\"https:\/\/futbolhoy.co\/wp-content\/uploads\/2022\/07\/20220728_154009.jpg\",\"datePublished\":\"2022-07-28T20:41:12+00:00\",\"dateModified\":\"2022-07-29T21:54:46+00:00\",\"breadcrumb\":{\"@id\":\"https:\/\/futbolhoy.co\/index.php\/2022\/07\/28\/catalina-esta-de-vuelta\/#breadcrumb\"},\"inLanguage\":\"es\",\"potentialAction\":[{\"@type\":\"ReadAction\",\"target\":[\"https:\/\/futbolhoy.co\/index.php\/2022\/07\/28\/catalina-esta-de-vuelta\/\"]}]},{\"@type\":\"ImageObject\",\"inLanguage\":\"es\",\"@id\":\"https:\/\/futbolhoy.co\/index.php\/2022\/07\/28\/catalina-esta-de-vuelta\/#primaryimage\",\"url\":\"https:\/\/futbolhoy.co\/wp-content\/uploads\/2022\/07\/20220728_154009.jpg\",\"contentUrl\":\"https:\/\/futbolhoy.co\/wp-content\/uploads\/2022\/07\/20220728_154009.jpg\",\"width\":660,\"height\":385},{\"@type\":\"BreadcrumbList\",\"@id\":\"https:\/\/futbolhoy.co\/index.php\/2022\/07\/28\/catalina-esta-de-vuelta\/#breadcrumb\",\"itemListElement\":[{\"@type\":\"ListItem\",\"position\":1,\"name\":\"Portada\",\"item\":\"https:\/\/futbolhoy.co\/\"},{\"@type\":\"ListItem\",\"position\":2,\"name\":\"Catalina est\u00e1 de vuelta\"}]},{\"@type\":\"WebSite\",\"@id\":\"https:\/\/futbolhoy.co\/#website\",\"url\":\"https:\/\/futbolhoy.co\/\",\"name\":\"FutbolHoy\",\"description\":\"\",\"publisher\":{\"@id\":\"https:\/\/futbolhoy.co\/#organization\"},\"potentialAction\":[{\"@type\":\"SearchAction\",\"target\":{\"@type\":\"EntryPoint\",\"urlTemplate\":\"https:\/\/futbolhoy.co\/?s={search_term_string}\"},\"query-input\":{\"@type\":\"PropertyValueSpecification\",\"valueRequired\":true,\"valueName\":\"search_term_string\"}}],\"inLanguage\":\"es\"},{\"@type\":\"Organization\",\"@id\":\"https:\/\/futbolhoy.co\/#organization\",\"name\":\"Futbolhoy.co\",\"url\":\"https:\/\/futbolhoy.co\/\",\"logo\":{\"@type\":\"ImageObject\",\"inLanguage\":\"es\",\"@id\":\"https:\/\/futbolhoy.co\/#\/schema\/logo\/image\/\",\"url\":\"https:\/\/futbolhoy.co\/wp-content\/uploads\/2018\/08\/17426380_1906371736249227_6326180412931521141_n.jpg\",\"contentUrl\":\"https:\/\/futbolhoy.co\/wp-content\/uploads\/2018\/08\/17426380_1906371736249227_6326180412931521141_n.jpg\",\"width\":960,\"height\":960,\"caption\":\"Futbolhoy.co\"},\"image\":{\"@id\":\"https:\/\/futbolhoy.co\/#\/schema\/logo\/image\/\"},\"sameAs\":[\"https:\/\/www.facebook.com\/FutbolHoyCol\/\",\"https:\/\/x.com\/FutbolHoyCol\",\"https:\/\/www.instagram.com\/futbolhoycol\/\"]},{\"@type\":\"Person\",\"@id\":\"https:\/\/futbolhoy.co\/#\/schema\/person\/c4a353a512b127643723a34bb1812f7d\",\"name\":\"Laura Hern\u00e1ndez\",\"image\":{\"@type\":\"ImageObject\",\"inLanguage\":\"es\",\"@id\":\"https:\/\/futbolhoy.co\/#\/schema\/person\/image\/\",\"url\":\"https:\/\/secure.gravatar.com\/avatar\/d25959a15b9b293a743f99181c7cfd01?s=96&d=mm&r=g\",\"contentUrl\":\"https:\/\/secure.gravatar.com\/avatar\/d25959a15b9b293a743f99181c7cfd01?s=96&d=mm&r=g\",\"caption\":\"Laura Hern\u00e1ndez\"}}]}<\/script>\n<!-- \/ Yoast SEO plugin. -->","yoast_head_json":{"title":"Catalina est\u00e1 de vuelta -","robots":{"index":"index","follow":"follow","max-snippet":"max-snippet:-1","max-image-preview":"max-image-preview:large","max-video-preview":"max-video-preview:-1"},"canonical":"https:\/\/futbolhoy.co\/index.php\/2022\/07\/28\/catalina-esta-de-vuelta\/","og_locale":"es_ES","og_type":"article","og_title":"Catalina est\u00e1 de vuelta -","og_description":"La delantera de la selecci\u00f3n femenina de Colombia, Catalina Usme, ausente en la pr\u00e1ctica de este mi\u00e9rcoles, regres\u00f3 a los entrenamientos del plantel que se alista para la final de la Copa Am\u00e9rica. Catalina afectada por un fuerte golpe en su empeine, que recibi\u00f3 en le partido frente a Argentina, particip\u00f3 en la sesi\u00f3n que [&hellip;]","og_url":"https:\/\/futbolhoy.co\/index.php\/2022\/07\/28\/catalina-esta-de-vuelta\/","article_publisher":"https:\/\/www.facebook.com\/FutbolHoyCol\/","article_published_time":"2022-07-28T20:41:12+00:00","article_modified_time":"2022-07-29T21:54:46+00:00","og_image":[{"width":660,"height":385,"url":"https:\/\/futbolhoy.co\/wp-content\/uploads\/2022\/07\/20220728_154009.jpg","type":"image\/jpeg"}],"author":"Laura Hern\u00e1ndez","twitter_card":"summary_large_image","twitter_creator":"@FutbolHoyCol","twitter_site":"@FutbolHoyCol","twitter_misc":{"Escrito por":"Laura Hern\u00e1ndez","Tiempo de lectura":"1 minuto"},"schema":{"@context":"https:\/\/schema.org","@graph":[{"@type":"Article","@id":"https:\/\/futbolhoy.co\/index.php\/2022\/07\/28\/catalina-esta-de-vuelta\/#article","isPartOf":{"@id":"https:\/\/futbolhoy.co\/index.php\/2022\/07\/28\/catalina-esta-de-vuelta\/"},"author":{"name":"Laura Hern\u00e1ndez","@id":"https:\/\/futbolhoy.co\/#\/schema\/person\/c4a353a512b127643723a34bb1812f7d"},"headline":"Catalina est\u00e1 de vuelta","datePublished":"2022-07-28T20:41:12+00:00","dateModified":"2022-07-29T21:54:46+00:00","mainEntityOfPage":{"@id":"https:\/\/futbolhoy.co\/index.php\/2022\/07\/28\/catalina-esta-de-vuelta\/"},"wordCount":186,"commentCount":0,"publisher":{"@id":"https:\/\/futbolhoy.co\/#organization"},"image":{"@id":"https:\/\/futbolhoy.co\/index.php\/2022\/07\/28\/catalina-esta-de-vuelta\/#primaryimage"},"thumbnailUrl":"https:\/\/futbolhoy.co\/wp-content\/uploads\/2022\/07\/20220728_154009.jpg","articleSection":["Colombia"],"inLanguage":"es","potentialAction":[{"@type":"CommentAction","name":"Comment","target":["https:\/\/futbolhoy.co\/index.php\/2022\/07\/28\/catalina-esta-de-vuelta\/#respond"]}]},{"@type":"WebPage","@id":"https:\/\/futbolhoy.co\/index.php\/2022\/07\/28\/catalina-esta-de-vuelta\/","url":"https:\/\/futbolhoy.co\/index.php\/2022\/07\/28\/catalina-esta-de-vuelta\/","name":"Catalina est\u00e1 de vuelta -","isPartOf":{"@id":"https:\/\/futbolhoy.co\/#website"},"primaryImageOfPage":{"@id":"https:\/\/futbolhoy.co\/index.php\/2022\/07\/28\/catalina-esta-de-vuelta\/#primaryimage"},"image":{"@id":"https:\/\/futbolhoy.co\/index.php\/2022\/07\/28\/catalina-esta-de-vuelta\/#primaryimage"},"thumbnailUrl":"https:\/\/futbolhoy.co\/wp-content\/uploads\/2022\/07\/20220728_154009.jpg","datePublished":"2022-07-28T20:41:12+00:00","dateModified":"2022-07-29T21:54:46+00:00","breadcrumb":{"@id":"https:\/\/futbolhoy.co\/index.php\/2022\/07\/28\/catalina-esta-de-vuelta\/#breadcrumb"},"inLanguage":"es","potentialAction":[{"@type":"ReadAction","target":["https:\/\/futbolhoy.co\/index.php\/2022\/07\/28\/catalina-esta-de-vuelta\/"]}]},{"@type":"ImageObject","inLanguage":"es","@id":"https:\/\/futbolhoy.co\/index.php\/2022\/07\/28\/catalina-esta-de-vuelta\/#primaryimage","url":"https:\/\/futbolhoy.co\/wp-content\/uploads\/2022\/07\/20220728_154009.jpg","contentUrl":"https:\/\/futbolhoy.co\/wp-content\/uploads\/2022\/07\/20220728_154009.jpg","width":660,"height":385},{"@type":"BreadcrumbList","@id":"https:\/\/futbolhoy.co\/index.php\/2022\/07\/28\/catalina-esta-de-vuelta\/#breadcrumb","itemListElement":[{"@type":"ListItem","position":1,"name":"Portada","item":"https:\/\/futbolhoy.co\/"},{"@type":"ListItem","position":2,"name":"Catalina est\u00e1 de vuelta"}]},{"@type":"WebSite","@id":"https:\/\/futbolhoy.co\/#website","url":"https:\/\/futbolhoy.co\/","name":"FutbolHoy","description":"","publisher":{"@id":"https:\/\/futbolhoy.co\/#organization"},"potentialAction":[{"@type":"SearchAction","target":{"@type":"EntryPoint","urlTemplate":"https:\/\/futbolhoy.co\/?s={search_term_string}"},"query-input":{"@type":"PropertyValueSpecification","valueRequired":true,"valueName":"search_term_string"}}],"inLanguage":"es"},{"@type":"Organization","@id":"https:\/\/futbolhoy.co\/#organization","name":"Futbolhoy.co","url":"https:\/\/futbolhoy.co\/","logo":{"@type":"ImageObject","inLanguage":"es","@id":"https:\/\/futbolhoy.co\/#\/schema\/logo\/image\/","url":"https:\/\/futbolhoy.co\/wp-content\/uploads\/2018\/08\/17426380_1906371736249227_6326180412931521141_n.jpg","contentUrl":"https:\/\/futbolhoy.co\/wp-content\/uploads\/2018\/08\/17426380_1906371736249227_6326180412931521141_n.jpg","width":960,"height":960,"caption":"Futbolhoy.co"},"image":{"@id":"https:\/\/futbolhoy.co\/#\/schema\/logo\/image\/"},"sameAs":["https:\/\/www.facebook.com\/FutbolHoyCol\/","https:\/\/x.com\/FutbolHoyCol","https:\/\/www.instagram.com\/futbolhoycol\/"]},{"@type":"Person","@id":"https:\/\/futbolhoy.co\/#\/schema\/person\/c4a353a512b127643723a34bb1812f7d","name":"Laura Hern\u00e1ndez","image":{"@type":"ImageObject","inLanguage":"es","@id":"https:\/\/futbolhoy.co\/#\/schema\/person\/image\/","url":"https:\/\/secure.gravatar.com\/avatar\/d25959a15b9b293a743f99181c7cfd01?s=96&d=mm&r=g","contentUrl":"https:\/\/secure.gravatar.com\/avatar\/d25959a15b9b293a743f99181c7cfd01?s=96&d=mm&r=g","caption":"Laura Hern\u00e1ndez"}}]}},"publishpress_future_action":{"enabled":false,"date":"2026-05-02 04:03:52","action":"change-status","newStatus":"draft","terms":[],"taxonomy":"category","extraData":[]},"publishpress_future_workflow_manual_trigger":{"enabledWorkflows":[]},"_links":{"self":[{"href":"https:\/\/futbolhoy.co\/index.php\/wp-json\/wp\/v2\/posts\/83182","targetHints":{"allow":["GET"]}}],"collection":[{"href":"https:\/\/futbolhoy.co\/index.php\/wp-json\/wp\/v2\/posts"}],"about":[{"href":"https:\/\/futbolhoy.co\/index.php\/wp-json\/wp\/v2\/types\/post"}],"author":[{"embeddable":true,"href":"https:\/\/futbolhoy.co\/index.php\/wp-json\/wp\/v2\/users\/5"}],"replies":[{"embeddable":true,"href":"https:\/\/futbolhoy.co\/index.php\/wp-json\/wp\/v2\/comments?post=83182"}],"version-history":[{"count":1,"href":"https:\/\/futbolhoy.co\/index.php\/wp-json\/wp\/v2\/posts\/83182\/revisions"}],"predecessor-version":[{"id":83184,"href":"https:\/\/futbolhoy.co\/index.php\/wp-json\/wp\/v2\/posts\/83182\/revisions\/83184"}],"wp:featuredmedia":[{"embeddable":true,"href":"https:\/\/futbolhoy.co\/index.php\/wp-json\/wp\/v2\/media\/83183"}],"wp:attachment":[{"href":"https:\/\/futbolhoy.co\/index.php\/wp-json\/wp\/v2\/media?parent=83182"}],"wp:term":[{"taxonomy":"category","embeddable":true,"href":"https:\/\/futbolhoy.co\/index.php\/wp-json\/wp\/v2\/categories?post=83182"},{"taxonomy":"post_tag","embeddable":true,"href":"https:\/\/futbolhoy.co\/index.php\/wp-json\/wp\/v2\/tags?post=83182"}],"curies":[{"name":"wp","href":"https:\/\/api.w.org\/{rel}","templated":true}]}}